{"id":263091,"date":"2026-09-01T14:27:51","date_gmt":"2026-09-01T12:27:51","guid":{"rendered":"https:\/\/www.leccecronaca.it\/?p=263091"},"modified":"2026-09-01T14:29:29","modified_gmt":"2026-09-01T12:29:29","slug":"e-gia-possibile-prenotare-il-calendario-2027-della-polizia-di-stato","status":"publish","type":"post","link":"https:\/\/www.leccecronaca.it\/index.php\/2026\/09\/01\/e-gia-possibile-prenotare-il-calendario-2027-della-polizia-di-stato\/","title":{"rendered":"E&#8217; GIA&#8217; POSSIBILE PRENOTARE IL CALENDARIO 2027 DELLA POLIZIA DI STATO"},"content":{"rendered":"\n<p><img decoding=\"async\" loading=\"lazy\" width=\"550\" height=\"245\" class=\"wp-image-263092\" style=\"width: 1500px;\" src=\"https:\/\/www.leccecronaca.it\/wordpress\/wp-content\/uploads\/2026\/09\/Foto-calendario.jpg\" alt=\"\" srcset=\"https:\/\/www.leccecronaca.it\/wordpress\/wp-content\/uploads\/2026\/09\/Foto-calendario.jpg 550w, https:\/\/www.leccecronaca.it\/wordpress\/wp-content\/uploads\/2026\/09\/Foto-calendario-300x134.jpg 300w\" sizes=\"(max-width: 550px) 100vw, 550px\" \/><\/p>\n\n\n\n<p>Report della Questura di Lecce _______________<\/p>\n\n\n\n<p><strong>Al via le prenotazioni per il Calendario della Polizia di Stato 2027: un\u2019iniziativa aperta a tutti i cittadini per sostenere l&#8217;UNICEF e il Piano &#8220;Marco Valerio&#8221;<\/strong><\/p>\n\n\n\n<p>\u200b\u00c8 aperta la campagna per la prenotazione e l\u2019acquisto del Calendario della Polizia di Stato 2027. Un&#8217;iniziativa aperta tradizionalmente a tutti, al personale della Polizia di Stato e dell&#8217;Amministrazione civile del Ministero dell\u2019Interno, ma anche alla cittadinanza, offrendo a chiunque la possibilit\u00e0 di contribuire a una fondamentale causa di solidariet\u00e0.<\/p>\n\n\n\n<p>\u200bL\u2019edizione 2027 \u00e8 stata affidata agli scatti di Roselena Ramistella, fotografa emergente nota per la sua spiccata sensibilit\u00e0 verso i temi sociali, la ritrattistica e il rapporto tra uomo e ambiente.<\/p>\n\n\n\n<p>\u200bIl Calendario sar\u00e0 disponibile in due formati:<\/p>\n\n\n\n<p>\u200bEdizione da parete: \u20ac 9,00<\/p>\n\n\n\n<p>\u200bEdizione da tavolo: \u20ac 7,00<\/p>\n\n\n\n<p><strong>\u200b<\/strong><strong>Come possono partecipare i cittadini<\/strong><\/p>\n\n\n\n<p>\u200bI cittadini desiderosi di sostenere l&#8217;iniziativa e assicurarsi una o pi\u00f9 copie del calendario potranno effettuare autonomamente il versamento dell&#8217;importo corrispondente tramite bonifico bancario o bollettino postale, utilizzando i seguenti riferimenti:<\/p>\n\n\n\n<p>\u200bIBAN: IT33I0306909606100000402776<\/p>\n\n\n\n<p>\u200bConto Corrente Postale n.: 745000<\/p>\n\n\n\n<p>\u200bIntestato a: Comitato Italiano per l&#8217;UNICEF<\/p>\n\n\n\n<p>\u200bCausale: &#8220;Calendario della Polizia di Stato 2027 per il progetto Unicef Zambia, registrazione nascite e vaccinazioni&#8221;<\/p>\n\n\n\n<p>\u200bUna volta eseguito il pagamento, i cittadini dovranno semplicemente consegnare la copia della ricevuta di versamento presso l&#8217;Ufficio Comunicazione Istituzionale (Ufficio Stampa) ubicato in Questura .<\/p>\n\n\n\n<p>&nbsp;I sottoscrittori dovranno conservare la ricevuta originale, con la quale nel mese di dicembre 2026 potranno ritirare i calendari prenotati direttamente presso i medesimi uffici.<\/p>\n\n\n\n<p>\u200bLe finalit\u00e0 benefiche<\/p>\n\n\n\n<p>\u200bL&#8217;intero ricavato delle vendite sar\u00e0 destinato a due importanti progetti di solidariet\u00e0:<\/p>\n\n\n\n<p>\u200bUNICEF Onlus: A sostegno del progetto &#8220;Zambia, registrazione nascite e vaccinazioni&#8221;, per garantire i diritti fondamentali dei bambini pi\u00f9 vulnerabili (un impegno che gi\u00e0 con l&#8217;edizione 2026 ha permesso di devolvere oltre 200.000 euro).<\/p>\n\n\n\n<p>\u200bFondo Assistenza della Polizia di Stato: A sostegno del Piano &#8220;Marco Valerio&#8221;, destinato ad aiutare le famiglie e i figli dei dipendenti della Polizia di Stato affetti da gravi patologie croniche.<\/p>\n\n\n\n<p>Confidando nel valore artistico degli scatti e forti della generosit\u00e0 e della sensibilit\u00e0 sempre dimostrata dalla collettivit\u00e0 verso questa causa, ringraziamo fin d\u2019ora tutti coloro che risponderanno all\u2019appello, con l\u2019auspicio di registrare un\u2019adesione ancora pi\u00f9 numerosa.<\/p>\n\n\n\n<p><\/p>\n<fb:like href='https:\/\/www.leccecronaca.it\/index.php\/2026\/09\/01\/e-gia-possibile-prenotare-il-calendario-2027-della-polizia-di-stato\/' send='true' layout='button_count' show_faces='true' width='450' height='65' action='recommend' colorscheme='light' font='lucida grande'><\/fb:like><span class=\"fb_share\"><fb:like href=\"https:\/\/www.leccecronaca.it\/index.php\/2026\/09\/01\/e-gia-possibile-prenotare-il-calendario-2027-della-polizia-di-stato\/\" layout=\"button_count\"><\/fb:like><\/span>","protected":false},"excerpt":{"rendered":"<p>Report della Questura di Lecce _______________ Al via le prenotazioni per il Calendario della Polizia di Stato 2027: un\u2019iniziativa aperta a tutti i cittadini per sostenere l&#8217;UNICEF e il Piano &#8220;Marco Valerio&#8221; \u200b\u00c8 aperta la campagna per la prenotazione e l\u2019acquisto del Calendario della Polizia di Stato 2027. Un&#8217;iniziativa aperta tradizionalmente a tutti, al personale [&hellip;]<\/p>\n","protected":false},"author":4,"featured_media":263092,"comment_status":"open","ping_status":"closed","sticky":false,"template":"","format":"standard","meta":[],"categories":[69],"tags":[],"_links":{"self":[{"href":"https:\/\/www.leccecronaca.it\/index.php\/wp-json\/wp\/v2\/posts\/263091"}],"collection":[{"href":"https:\/\/www.leccecronaca.it\/index.php\/wp-json\/wp\/v2\/posts"}],"about":[{"href":"https:\/\/www.leccecronaca.it\/index.php\/wp-json\/wp\/v2\/types\/post"}],"author":[{"embeddable":true,"href":"https:\/\/www.leccecronaca.it\/index.php\/wp-json\/wp\/v2\/users\/4"}],"replies":[{"embeddable":true,"href":"https:\/\/www.leccecronaca.it\/index.php\/wp-json\/wp\/v2\/comments?post=263091"}],"version-history":[{"count":1,"href":"https:\/\/www.leccecronaca.it\/index.php\/wp-json\/wp\/v2\/posts\/263091\/revisions"}],"predecessor-version":[{"id":263093,"href":"https:\/\/www.leccecronaca.it\/index.php\/wp-json\/wp\/v2\/posts\/263091\/revisions\/263093"}],"wp:featuredmedia":[{"embeddable":true,"href":"https:\/\/www.leccecronaca.it\/index.php\/wp-json\/wp\/v2\/media\/263092"}],"wp:attachment":[{"href":"https:\/\/www.leccecronaca.it\/index.php\/wp-json\/wp\/v2\/media?parent=263091"}],"wp:term":[{"taxonomy":"category","embeddable":true,"href":"https:\/\/www.leccecronaca.it\/index.php\/wp-json\/wp\/v2\/categories?post=263091"},{"taxonomy":"post_tag","embeddable":true,"href":"https:\/\/www.leccecronaca.it\/index.php\/wp-json\/wp\/v2\/tags?post=263091"}],"curies":[{"name":"wp","href":"https:\/\/api.w.org\/{rel}","templated":true}]}}