{"id":263103,"date":"2026-09-01T15:06:05","date_gmt":"2026-09-01T13:06:05","guid":{"rendered":"https:\/\/www.leccecronaca.it\/?p=263103"},"modified":"2026-09-01T15:06:09","modified_gmt":"2026-09-01T13:06:09","slug":"a-lequile-in-fiamme-lecocentro-gli-aggiornamenti-della-prefettura","status":"publish","type":"post","link":"https:\/\/www.leccecronaca.it\/index.php\/2026\/09\/01\/a-lequile-in-fiamme-lecocentro-gli-aggiornamenti-della-prefettura\/","title":{"rendered":"A LEQUILE IN FIAMME L\u2019ECOCENTRO \/\u00a0GLI AGGIORNAMENTI DELLA PREFETTURA"},"content":{"rendered":"\n<p><img decoding=\"async\" loading=\"lazy\" width=\"900\" height=\"544\" class=\"wp-image-263104\" style=\"width: 1500px;\" src=\"https:\/\/www.leccecronaca.it\/wordpress\/wp-content\/uploads\/2026\/09\/prefettura_lecce_900-1.png\" alt=\"\" srcset=\"https:\/\/www.leccecronaca.it\/wordpress\/wp-content\/uploads\/2026\/09\/prefettura_lecce_900-1.png 900w, https:\/\/www.leccecronaca.it\/wordpress\/wp-content\/uploads\/2026\/09\/prefettura_lecce_900-1-300x181.png 300w, https:\/\/www.leccecronaca.it\/wordpress\/wp-content\/uploads\/2026\/09\/prefettura_lecce_900-1-768x464.png 768w\" sizes=\"(max-width: 900px) 100vw, 900px\" \/>Comunucazione istituzionale della Prfettura di Lecce ______________<\/p>\n\n\n\n<p>Incendio sviluppatosi il 29 agosto 2026 nel territorio del comune di Lequile propagatosi all\u2019impianto di gestione rifiuti<\/p>\n\n\n\n<p>Come noto, nel pomeriggio di sabato 29 agosto 2026 si \u00e8 sviluppato un incendio nel territorio del comune di Lequile, successivamente propagatosi all\u2019impianto di gestione rifiuti ubicato in prossimit\u00e0 della S.S. 101.<\/p>\n\n\n\n<p>In adesione alle procedure previste dal Piano di Emergenza Esterna (PEE) per gli impianti di stoccaggio e trattamento rifiuti \u2013 documento adottato e approvato formalmente da questa Prefettura sulla base delle schede tecniche fornite dal gestore dell\u2019impianto e dal Comune di Lequile \u2013 questo Ufficio territoriale del Governo ha assicurato, fin dalle prime fasi dell\u2019emergenza, la costante attivazione delle funzioni di coordinamento attribuitele dalla vigente normativa, promuovendo il raccordo tra tutte le componenti del sistema di protezione civile e le amministrazioni coinvolte, con l\u2019esclusivo obiettivo di garantire la tutela della pubblica incolumit\u00e0 e della salute dei cittadini. <\/p>\n\n\n\n<p>Tale attivit\u00e0, in particolare, \u00e8 stata svolta in stretto raccordo con il Comando provinciale dei Vigili del fuoco, i Sindaci coinvolti, le Forze di polizia, l\u2019ARPA e l\u2019ASL, attivando al riguardo il Centro Coordinamento Soccorsi (CCS), tuttora aperto in modalit\u00e0 permanente e che si aggiorna costantemente mediante riunioni convocate di volta in volta avuto riguardo alle indicazioni degli organismi tecnici competenti.<\/p>\n\n\n\n<p>Questo Ufficio si \u00e8 altres\u00ec attivato con la massima tempestivit\u00e0 al fine di acquisire dagli enti tecnici competenti ogni utile elemento di valutazione. In tale contesto, gli esiti delle attivit\u00e0 di monitoraggio ambientale svolte da ARPA Puglia, in corso di acquisizione, sono stati resi disponibili in tempi particolarmente celeri rispetto all\u2019evoluzione dell\u2019emergenza, consentendo alle autorit\u00e0 preposte di disporre tempestivamente di un quadro tecnico attendibile per l\u2019adozione delle conseguenti determinazioni.<\/p>\n\n\n\n<p>Nel corso delle prime riunioni del CCS \u00e8 stato condiviso che, a solo scopo precauzionale, \u00e8 opportuno mantenere chiuse porte e finestre in presenza di fumo o nelle aree esposte all\u2019incendio; \u00e8 fortemente sconsigliato il consumo di ortaggi e l\u2019utilizzo dell\u2019acqua dei pozzi nei territori comunali interessati dall\u2019evento; \u00e8 sconsigliato lo stazionamento di persone all\u2019aperto e, conseguentemente, lo svolgimento di manifestazioni nei territori comunali che hanno risentito maggiormente dell\u2019evento; \u00e8 stata esclusa la presenza di amianto.<\/p>\n\n\n\n<p>Parallelamente, questa Prefettura ha assicurato, senza soluzione di continuit\u00e0 e nell\u2019arco delle ventiquattro ore, la piena disponibilit\u00e0 dei propri uffici per fornire chiarimenti, aggiornamenti, supporto operativo e ogni necessaria informazione alle autorit\u00e0 locali coinvolte, in conformit\u00e0 alle funzioni di coordinamento e raccordo attribuite dalla normativa vigente.<\/p>\n\n\n\n<p>In queste ore sono in corso le operazioni di bonifica da parte delle squadre del Comando provinciale dei Vigili del Fuoco di Lecce, del gruppo GOS con le macchine movimento terra del Comando provinciale dei Vigili del Fuoco di Bari e della cisterna da 25.000 litri del Comando provinciale dei Vigili del Fuoco di Taranto. Tali operazioni sono finalizzate al controllo e al minuzioso spegnimento del materiale che presenta ancora residui segni di combustione, nonch\u00e9 a evitare nuovi inneschi.<\/p>\n\n\n\n<p>Al fine di continuare a monitorare l\u2019evolversi della situazione e di fornire alla popolazione, tramite i Sindaci, costanti aggiornamenti sulla vicenda, \u00e8 convocata per oggi, marted\u00ec 1\u00b0 settembre, alle ore 16:30, una riunione del Centro Coordinamento Soccorsi (CCS).<\/p>\n\n\n\n<p>Un\u2019analoga riunione verr\u00e0 convocata per venerd\u00ec 4 settembre, al fine di condividere in modo completo gli esiti delle analisi condotte da ARPA Puglia.<\/p>\n\n\n\n<p>Questa Prefettura, inoltre, tenuto conto di questo devastante incendio che ha interessato in modalit\u00e0 particolarmente impattante lo stabilimento di stoccaggio e trattamento dei rifiuti di Lequile e che ha coinvolto anche i territori dei comuni limitrofi \u2013 mettendo a serio rischio l\u2019incolumit\u00e0 della popolazione, la salubrit\u00e0 dell\u2019aria e l\u2019ambiente, richiedendo un notevole dispiegamento di forze in campo per meglio fronteggiare con la massima celerit\u00e0 e con la massima efficacia il fronte del fuoco \u2013 ha diramato un\u2019apposita circolare a tutti i Sindaci della provincia richiamando l\u2019attenzione sulla necessit\u00e0 di provvedere a trasmettere tempestivamente i dati di competenza comunale finalizzati alla redazione della parte speciale del Piano di emergenza esterna per gli impianti di stoccaggio e trattamento dei rifiuti, cos\u00ec come previsto dall\u2019art. 26 bis, comma 5 del decreto legge n. 113\/2018 convertito dalla legge n. 132\/2018. <\/p>\n\n\n\n<p>Nella medesima nota, proprio in virt\u00f9 di quanto accaduto, i Sindaci sono stati invitati a sollecitare i gestori degli impianti presenti sui territori di pertinenza ad attivare\/integrare i sistemi di vigilanza attiva e passiva mediante la posa in opera di sistemi di videosorveglianza, ovvero mediante un rinforzo del sistema di guardiania a mezzo di Istituti di Vigilanza privati, soprattutto per quegli impianti che sorgono in prossimit\u00e0 di aree pinetate, terreni incolti o comunque in zone considerate ad alto rischio incendio.<\/p>\n\n\n\n<p>IL CAPO DI GABINETTO<\/p>\n\n\n\n<p>M. Sergi<\/p>\n\n\n\n<p>Lecce, 1\u00b0 settembre 2026<\/p>\n\n\n\n<p>Agli organi di stampa<\/p>\n\n\n\n<p>___________________ <\/p>\n\n\n\n<p>LA RICERCA nel nostro articolo del 30 agosto scorso<\/p>\n\n\n\n<figure class=\"wp-block-embed is-type-wp-embed is-provider-leccecronaca-it wp-block-embed-leccecronaca-it\"><div class=\"wp-block-embed__wrapper\">\n<blockquote class=\"wp-embedded-content\" data-secret=\"5dnYGAMx85\"><a href=\"https:\/\/www.leccecronaca.it\/index.php\/2026\/08\/30\/a-lequile-in-fiamme-lecocentro-notizie-e-commenti-successivi\/\">A LEQUILE IN FIAMME L&#8217;ECOCENTRO \/ NOTIZIE E COMMENTI SUCCESSIVI<\/a><\/blockquote><iframe class=\"wp-embedded-content\" sandbox=\"allow-scripts\" security=\"restricted\" style=\"position: absolute; clip: rect(1px, 1px, 1px, 1px);\" title=\"&#8220;A LEQUILE IN FIAMME L&#8217;ECOCENTRO \/ NOTIZIE E COMMENTI SUCCESSIVI&#8221; &#8212; LecceCronaca.it\" src=\"https:\/\/www.leccecronaca.it\/index.php\/2026\/08\/30\/a-lequile-in-fiamme-lecocentro-notizie-e-commenti-successivi\/embed\/#?secret=riL6QnUTQR#?secret=5dnYGAMx85\" data-secret=\"5dnYGAMx85\" width=\"500\" height=\"282\" frameborder=\"0\" marginwidth=\"0\" marginheight=\"0\" scrolling=\"no\"><\/iframe>\n<\/div><\/figure>\n<fb:like href='https:\/\/www.leccecronaca.it\/index.php\/2026\/09\/01\/a-lequile-in-fiamme-lecocentro-gli-aggiornamenti-della-prefettura\/' send='true' layout='button_count' show_faces='true' width='450' height='65' action='recommend' colorscheme='light' font='lucida grande'><\/fb:like><span class=\"fb_share\"><fb:like href=\"https:\/\/www.leccecronaca.it\/index.php\/2026\/09\/01\/a-lequile-in-fiamme-lecocentro-gli-aggiornamenti-della-prefettura\/\" layout=\"button_count\"><\/fb:like><\/span>","protected":false},"excerpt":{"rendered":"<p>Comunucazione istituzionale della Prfettura di Lecce ______________ Incendio sviluppatosi il 29 agosto 2026 nel territorio del comune di Lequile propagatosi all\u2019impianto di gestione rifiuti Come noto, nel pomeriggio di sabato 29 agosto 2026 si \u00e8 sviluppato un incendio nel territorio del comune di Lequile, successivamente propagatosi all\u2019impianto di gestione rifiuti ubicato in prossimit\u00e0 della S.S. [&hellip;]<\/p>\n","protected":false},"author":4,"featured_media":263104,"comment_status":"open","ping_status":"closed","sticky":false,"template":"","format":"standard","meta":[],"categories":[69],"tags":[],"_links":{"self":[{"href":"https:\/\/www.leccecronaca.it\/index.php\/wp-json\/wp\/v2\/posts\/263103"}],"collection":[{"href":"https:\/\/www.leccecronaca.it\/index.php\/wp-json\/wp\/v2\/posts"}],"about":[{"href":"https:\/\/www.leccecronaca.it\/index.php\/wp-json\/wp\/v2\/types\/post"}],"author":[{"embeddable":true,"href":"https:\/\/www.leccecronaca.it\/index.php\/wp-json\/wp\/v2\/users\/4"}],"replies":[{"embeddable":true,"href":"https:\/\/www.leccecronaca.it\/index.php\/wp-json\/wp\/v2\/comments?post=263103"}],"version-history":[{"count":1,"href":"https:\/\/www.leccecronaca.it\/index.php\/wp-json\/wp\/v2\/posts\/263103\/revisions"}],"predecessor-version":[{"id":263105,"href":"https:\/\/www.leccecronaca.it\/index.php\/wp-json\/wp\/v2\/posts\/263103\/revisions\/263105"}],"wp:featuredmedia":[{"embeddable":true,"href":"https:\/\/www.leccecronaca.it\/index.php\/wp-json\/wp\/v2\/media\/263104"}],"wp:attachment":[{"href":"https:\/\/www.leccecronaca.it\/index.php\/wp-json\/wp\/v2\/media?parent=263103"}],"wp:term":[{"taxonomy":"category","embeddable":true,"href":"https:\/\/www.leccecronaca.it\/index.php\/wp-json\/wp\/v2\/categories?post=263103"},{"taxonomy":"post_tag","embeddable":true,"href":"https:\/\/www.leccecronaca.it\/index.php\/wp-json\/wp\/v2\/tags?post=263103"}],"curies":[{"name":"wp","href":"https:\/\/api.w.org\/{rel}","templated":true}]}}