{"id":263106,"date":"2026-09-01T15:24:36","date_gmt":"2026-09-01T13:24:36","guid":{"rendered":"https:\/\/www.leccecronaca.it\/?p=263106"},"modified":"2026-09-01T15:27:49","modified_gmt":"2026-09-01T13:27:49","slug":"sugli-incendi-boschivi-in-puglia-si-abbatte-il-ciclone-marco-rizzo-che-chiede-listituzione-di-una-apposita-commissione-parlamentare-su-chi-appicca-su-chi-ci-guadagna-sul-piano-antincendio-sui","status":"publish","type":"post","link":"https:\/\/www.leccecronaca.it\/index.php\/2026\/09\/01\/sugli-incendi-boschivi-in-puglia-si-abbatte-il-ciclone-marco-rizzo-che-chiede-listituzione-di-una-apposita-commissione-parlamentare-su-chi-appicca-su-chi-ci-guadagna-sul-piano-antincendio-sui\/","title":{"rendered":"SUGLI INCENDI IN PUGLIA SI ABBATTE IL CICLONE MARCO RIZZO, CHE CHIEDE L&#8217;ISTITUZIONE DI UNA APPOSITA COMMISSIONE PARLAMENTARE DI INCHIESTA &#8220;su chi appicca, su chi ci guadagna, sul piano antincendio, sugli aerei&#8221;"},"content":{"rendered":"\n<p><img decoding=\"async\" loading=\"lazy\" width=\"1536\" height=\"2048\" class=\"wp-image-263107\" style=\"width: 1500px;\" src=\"https:\/\/www.leccecronaca.it\/wordpress\/wp-content\/uploads\/2026\/09\/AAAAAAAAAAAAMR.jpg\" alt=\"\" srcset=\"https:\/\/www.leccecronaca.it\/wordpress\/wp-content\/uploads\/2026\/09\/AAAAAAAAAAAAMR.jpg 1536w, https:\/\/www.leccecronaca.it\/wordpress\/wp-content\/uploads\/2026\/09\/AAAAAAAAAAAAMR-225x300.jpg 225w, https:\/\/www.leccecronaca.it\/wordpress\/wp-content\/uploads\/2026\/09\/AAAAAAAAAAAAMR-768x1024.jpg 768w, https:\/\/www.leccecronaca.it\/wordpress\/wp-content\/uploads\/2026\/09\/AAAAAAAAAAAAMR-1152x1536.jpg 1152w\" sizes=\"(max-width: 1536px) 100vw, 1536px\" \/><\/p>\n\n\n\n<p><strong>(g.p.)<\/strong> ____________________ Qui di seguito la dichiarazione rilasciata oggi tramite social dall&#8217; on. Marco Rizzo, ex Democrazia Sovrana e Popolare, appena lasciata, ora \u2018Per l\u2019Italia di domani\u2019 in fase costituente, gi\u00e0 parlamentae ed europarlamentare di Rifondazione Comunista\u00a0_____________<\/p>\n\n\n\n<p>TUTTA LA PUGLIA BRUCIA. NON \u00c8 PI\u00d9 EMERGENZA, \u00c8 UNA GUERRA. SERVE UN&#8217;INCHIESTA PARLAMENTARE<\/p>\n\n\n\n<p>Mi scuso, ma non riesco pi\u00f9 a chiamarli &#8220;incendi&#8221;.<\/p>\n\n\n\n<p>Dal Gargano all&#8217;Alta Murgia, dai Monti Dauni al Salento, da luglio \u00e8 un rogo quotidiano, devastante. La nostra amata Puglia \u00e8 funestata.<\/p>\n\n\n\n<p>I dati: quasi 8.000 ettari bruciati in meno di 3 mesi. Boschi, pascoli, ulivi secolari. Per ricostruire un bosco ci vogliono 15 anni.<\/p>\n\n\n\n<p>E noi come interveniamo? Con 2-3 Canadair che devono arrivare da Ciampino o Lamezia Terme. Arrivano quando \u00e8 gi\u00e0 cenere.<\/p>\n\n\n\n<p>Mentre c&#8217;\u00e8 anche il paradosso burocratico: ci dicono che il sottobosco non si pu\u00f2 pulire per normative europee fino a fine luglio. Proprio nel mese in cui tutto brucia. Vogliamo chiarezza.<\/p>\n\n\n\n<p>Qui non \u00e8 pi\u00f9 solo piromania. Quando i roghi sono simultanei, diffusi, sistematici sui nostri Parchi &#8211; Gargano e Alta Murgia su tutti &#8211; il sospetto di una matrice dolosa organizzata, di interessi speculativi, di veri e propri atti terroristici contro il territorio, \u00e8 legittimo.<\/p>\n\n\n\n<p>Non faccio allarmismo. Chiedo verit\u00e0.<\/p>\n\n\n\n<p>Chiedo una Commissione d&#8217;inchiesta parlamentare sui roghi in Puglia. Su chi appicca, su chi ci guadagna, sul piano antincendio, sui mezzi aerei, sulle norme che ci impediscono di prevenire.<\/p>\n\n\n\n<p>La Puglia non pu\u00f2 essere lasciata sola a bruciare. E anche altre regioni del mezzogiorno non sono da meno meno, purtroppo.<\/p>\n<fb:like href='https:\/\/www.leccecronaca.it\/index.php\/2026\/09\/01\/sugli-incendi-boschivi-in-puglia-si-abbatte-il-ciclone-marco-rizzo-che-chiede-listituzione-di-una-apposita-commissione-parlamentare-su-chi-appicca-su-chi-ci-guadagna-sul-piano-antincendio-sui\/' send='true' layout='button_count' show_faces='true' width='450' height='65' action='recommend' colorscheme='light' font='lucida grande'><\/fb:like><span class=\"fb_share\"><fb:like href=\"https:\/\/www.leccecronaca.it\/index.php\/2026\/09\/01\/sugli-incendi-boschivi-in-puglia-si-abbatte-il-ciclone-marco-rizzo-che-chiede-listituzione-di-una-apposita-commissione-parlamentare-su-chi-appicca-su-chi-ci-guadagna-sul-piano-antincendio-sui\/\" layout=\"button_count\"><\/fb:like><\/span>","protected":false},"excerpt":{"rendered":"<p>(g.p.) ____________________ Qui di seguito la dichiarazione rilasciata oggi tramite social dall&#8217; on. Marco Rizzo, ex Democrazia Sovrana e Popolare, appena lasciata, ora \u2018Per l\u2019Italia di domani\u2019 in fase costituente, gi\u00e0 parlamentae ed europarlamentare di Rifondazione Comunista\u00a0_____________ TUTTA LA PUGLIA BRUCIA. NON \u00c8 PI\u00d9 EMERGENZA, \u00c8 UNA GUERRA. SERVE UN&#8217;INCHIESTA PARLAMENTARE Mi scuso, ma non [&hellip;]<\/p>\n","protected":false},"author":4,"featured_media":263107,"comment_status":"open","ping_status":"closed","sticky":false,"template":"","format":"standard","meta":[],"categories":[69,76],"tags":[],"_links":{"self":[{"href":"https:\/\/www.leccecronaca.it\/index.php\/wp-json\/wp\/v2\/posts\/263106"}],"collection":[{"href":"https:\/\/www.leccecronaca.it\/index.php\/wp-json\/wp\/v2\/posts"}],"about":[{"href":"https:\/\/www.leccecronaca.it\/index.php\/wp-json\/wp\/v2\/types\/post"}],"author":[{"embeddable":true,"href":"https:\/\/www.leccecronaca.it\/index.php\/wp-json\/wp\/v2\/users\/4"}],"replies":[{"embeddable":true,"href":"https:\/\/www.leccecronaca.it\/index.php\/wp-json\/wp\/v2\/comments?post=263106"}],"version-history":[{"count":4,"href":"https:\/\/www.leccecronaca.it\/index.php\/wp-json\/wp\/v2\/posts\/263106\/revisions"}],"predecessor-version":[{"id":263113,"href":"https:\/\/www.leccecronaca.it\/index.php\/wp-json\/wp\/v2\/posts\/263106\/revisions\/263113"}],"wp:featuredmedia":[{"embeddable":true,"href":"https:\/\/www.leccecronaca.it\/index.php\/wp-json\/wp\/v2\/media\/263107"}],"wp:attachment":[{"href":"https:\/\/www.leccecronaca.it\/index.php\/wp-json\/wp\/v2\/media?parent=263106"}],"wp:term":[{"taxonomy":"category","embeddable":true,"href":"https:\/\/www.leccecronaca.it\/index.php\/wp-json\/wp\/v2\/categories?post=263106"},{"taxonomy":"post_tag","embeddable":true,"href":"https:\/\/www.leccecronaca.it\/index.php\/wp-json\/wp\/v2\/tags?post=263106"}],"curies":[{"name":"wp","href":"https:\/\/api.w.org\/{rel}","templated":true}]}}