{"id":263116,"date":"2026-09-01T13:15:00","date_gmt":"2026-09-01T11:15:00","guid":{"rendered":"https:\/\/www.leccecronaca.it\/?p=263116"},"modified":"2026-09-01T16:22:28","modified_gmt":"2026-09-01T14:22:28","slug":"un-altro-incidente-stradale-mortale-3","status":"publish","type":"post","link":"https:\/\/www.leccecronaca.it\/index.php\/2026\/09\/01\/un-altro-incidente-stradale-mortale-3\/","title":{"rendered":"UN ALTRO INCIDENTE STRADALE MORTALE"},"content":{"rendered":"\n<p>(Rdl) ___________________ <\/p>\n\n\n\n<p><img decoding=\"async\" loading=\"lazy\" width=\"309\" height=\"380\" class=\"wp-image-263117\" style=\"width: 1200px;\" src=\"https:\/\/www.leccecronaca.it\/wordpress\/wp-content\/uploads\/2026\/09\/imma.jpg\" alt=\"\" srcset=\"https:\/\/www.leccecronaca.it\/wordpress\/wp-content\/uploads\/2026\/09\/imma.jpg 309w, https:\/\/www.leccecronaca.it\/wordpress\/wp-content\/uploads\/2026\/09\/imma-244x300.jpg 244w\" sizes=\"(max-width: 309px) 100vw, 309px\" \/><strong>(Rdl) _______________<\/strong>&nbsp;Ieri pomeriggio c\u2019\u00e8 stato un altro incidente stradale mortale sulle strade salentine, nei pressi di Francavilla Fontana. La vittima \u00e8 Davide Martellotti, 19 anni appena compiuti.<\/p>\n\n\n\n<p>Per cause ancora da accertare, ha perso il controllo della moto KTM che guidava e si \u00e8 schiantato su un albro di ulivo ai margini della carreggiata. L\u2019impatto \u00e8 stato violento e per lui fatale. A causa della gravit\u00e0 delle lesioni riportate, \u00e8 porto sul colpo.<\/p>\n\n\n\n<p>All&#8217;esito delle indagini dei Carabinieri, il pm di turno presso la Repubblica di Brindisi ha dato il nulla osta per i funerali dello sfortunato ragazzo.<\/p>\n\n\n\n<p><\/p>\n\n\n\n<p><\/p>\n\n\n\n<p><\/p>\n\n\n\n<p><\/p>\n<fb:like href='https:\/\/www.leccecronaca.it\/index.php\/2026\/09\/01\/un-altro-incidente-stradale-mortale-3\/' send='true' layout='button_count' show_faces='true' width='450' height='65' action='recommend' colorscheme='light' font='lucida grande'><\/fb:like><span class=\"fb_share\"><fb:like href=\"https:\/\/www.leccecronaca.it\/index.php\/2026\/09\/01\/un-altro-incidente-stradale-mortale-3\/\" layout=\"button_count\"><\/fb:like><\/span>","protected":false},"excerpt":{"rendered":"<p>(Rdl) ___________________ (Rdl) _______________&nbsp;Ieri pomeriggio c\u2019\u00e8 stato un altro incidente stradale mortale sulle strade salentine, nei pressi di Francavilla Fontana. La vittima \u00e8 Davide Martellotti, 19 anni appena compiuti. Per cause ancora da accertare, ha perso il controllo della moto KTM che guidava e si \u00e8 schiantato su un albro di ulivo ai margini della [&hellip;]<\/p>\n","protected":false},"author":4,"featured_media":263117,"comment_status":"open","ping_status":"closed","sticky":false,"template":"","format":"standard","meta":[],"categories":[69],"tags":[],"_links":{"self":[{"href":"https:\/\/www.leccecronaca.it\/index.php\/wp-json\/wp\/v2\/posts\/263116"}],"collection":[{"href":"https:\/\/www.leccecronaca.it\/index.php\/wp-json\/wp\/v2\/posts"}],"about":[{"href":"https:\/\/www.leccecronaca.it\/index.php\/wp-json\/wp\/v2\/types\/post"}],"author":[{"embeddable":true,"href":"https:\/\/www.leccecronaca.it\/index.php\/wp-json\/wp\/v2\/users\/4"}],"replies":[{"embeddable":true,"href":"https:\/\/www.leccecronaca.it\/index.php\/wp-json\/wp\/v2\/comments?post=263116"}],"version-history":[{"count":2,"href":"https:\/\/www.leccecronaca.it\/index.php\/wp-json\/wp\/v2\/posts\/263116\/revisions"}],"predecessor-version":[{"id":263119,"href":"https:\/\/www.leccecronaca.it\/index.php\/wp-json\/wp\/v2\/posts\/263116\/revisions\/263119"}],"wp:featuredmedia":[{"embeddable":true,"href":"https:\/\/www.leccecronaca.it\/index.php\/wp-json\/wp\/v2\/media\/263117"}],"wp:attachment":[{"href":"https:\/\/www.leccecronaca.it\/index.php\/wp-json\/wp\/v2\/media?parent=263116"}],"wp:term":[{"taxonomy":"category","embeddable":true,"href":"https:\/\/www.leccecronaca.it\/index.php\/wp-json\/wp\/v2\/categories?post=263116"},{"taxonomy":"post_tag","embeddable":true,"href":"https:\/\/www.leccecronaca.it\/index.php\/wp-json\/wp\/v2\/tags?post=263116"}],"curies":[{"name":"wp","href":"https:\/\/api.w.org\/{rel}","templated":true}]}}