{"id":263133,"date":"2026-09-02T09:30:24","date_gmt":"2026-09-02T07:30:24","guid":{"rendered":"https:\/\/www.leccecronaca.it\/?p=263133"},"modified":"2026-09-02T14:21:44","modified_gmt":"2026-09-02T12:21:44","slug":"aikido-al-via-i-corsi-del-maestro-melcore-dalla-meditazione-a-san-cataldo-alle-lezioni-a-lecce-e-san-donato","status":"publish","type":"post","link":"https:\/\/www.leccecronaca.it\/index.php\/2026\/09\/02\/aikido-al-via-i-corsi-del-maestro-melcore-dalla-meditazione-a-san-cataldo-alle-lezioni-a-lecce-e-san-donato\/","title":{"rendered":"AIKIDO:  al via i corsi del Maestro Melcore: dalla meditazione a San Cataldo alle lezioni a Lecce e San Donato"},"content":{"rendered":"\n<p><img decoding=\"async\" loading=\"lazy\" width=\"2560\" height=\"1920\" class=\"wp-image-263001\" style=\"width: 900px;\" src=\"https:\/\/www.leccecronaca.it\/wordpress\/wp-content\/uploads\/2026\/08\/Aikido-aikidolecce-il-cavaliere-maestro-melcore-scaled.jpg\" alt=\"\" srcset=\"https:\/\/www.leccecronaca.it\/wordpress\/wp-content\/uploads\/2026\/08\/Aikido-aikidolecce-il-cavaliere-maestro-melcore-scaled.jpg 2560w, https:\/\/www.leccecronaca.it\/wordpress\/wp-content\/uploads\/2026\/08\/Aikido-aikidolecce-il-cavaliere-maestro-melcore-300x225.jpg 300w, https:\/\/www.leccecronaca.it\/wordpress\/wp-content\/uploads\/2026\/08\/Aikido-aikidolecce-il-cavaliere-maestro-melcore-1024x768.jpg 1024w, https:\/\/www.leccecronaca.it\/wordpress\/wp-content\/uploads\/2026\/08\/Aikido-aikidolecce-il-cavaliere-maestro-melcore-768x576.jpg 768w, https:\/\/www.leccecronaca.it\/wordpress\/wp-content\/uploads\/2026\/08\/Aikido-aikidolecce-il-cavaliere-maestro-melcore-1536x1152.jpg 1536w, https:\/\/www.leccecronaca.it\/wordpress\/wp-content\/uploads\/2026\/08\/Aikido-aikidolecce-il-cavaliere-maestro-melcore-2048x1536.jpg 2048w, https:\/\/www.leccecronaca.it\/wordpress\/wp-content\/uploads\/2026\/08\/Aikido-aikidolecce-il-cavaliere-maestro-melcore-400x300.jpg 400w\" sizes=\"(max-width: 2560px) 100vw, 2560px\" \/>gm_______L\u2019armonia tra mente, corpo e ambiente circostante ha fatto da cornice alla prima lezione dell\u2019anno accademico 2026\/2027 di Aikido, svoltasi ieri sera sul suggestivo lungomare di San Cataldo. Sotto la guida del Maestro Valerio Melcore, gli allievi del dojo &#8220;Il Cavaliere&#8221; hanno inaugurato il nuovo percorso marziale non con la forza, ma con la consapevolezza: la pratica si \u00e8 aperta infatti con la meditazione e la respirazione focale (<em>tanden<\/em>), radici fondamentali per centrare lo spirito e trovare il proprio asse prima ancora di muovere il corpo.<\/p>\n\n\n\n<p>L&#8217;allenamento \u00e8 poi fluito naturalmente nell&#8217;esecuzione dei&nbsp;<em>kata<\/em>&nbsp;con il&nbsp;<em>j\u014d<\/em>&nbsp;(il bastone in legno dei Samurai) e nei combattimenti a coppie, dove l&#8217;arma smette di essere un oggetto per diventare una pura estensione dell&#8217;intenzione umana. Attraverso lo studio dei movimenti base con il&nbsp;<em>bokken<\/em>&nbsp;(la spada di legno) e l&#8217;applicazione delle tecniche a mani nude basate sulle dinamiche di schivata ed elusione (<em>taisabaki<\/em>), i praticanti hanno esplorato la vera essenza dell&#8217;Aikido: non la sopraffazione o la distruzione dell&#8217;avversario, ma la continua ricerca dell&#8217;equilibrio, del controllo e della pacificazione del conflitto.<\/p>\n\n\n\n<p>Da oggi, questo percorso di evoluzione interiore e fisica prosegue al coperto. La via dell&#8217;Aikido \u00e8 un sentiero universale: le lezioni sono aperte a bambini, ragazzi, donne e uomini di qualsiasi et\u00e0, poich\u00e9 la tecnica si adatta alla persona, e non viceversa. Come incoraggiamento a intraprendere questa disciplina, tutti coloro che formalizzeranno l&#8217;iscrizione entro il 15 settembre riceveranno in omaggio un&nbsp;<em>j\u014d<\/em>, simbolo dell&#8217;impegno e della rettitudine del praticante.<br>Da oggi vi aspettiamo sul tatami nelle nostre sedi. Non importa l&#8217;et\u00e0 o l&#8217;esperienza pregressa: c&#8217;\u00e8 un posto per tutti, bambini\/e, ragazzi\/e, donne e uomini di qualsiasi et\u00e0, per iniziare un percorso di rispetto, difesa ed evoluzione personale. Siete tutti invitati a venire a trovarci.<\/p>\n\n\n\n<p>&#x1f381;&nbsp;<strong>Dono di benvenuto:<\/strong>&nbsp;Inizia il tuo cammino con lo strumento giusto. Iscriviti entro il 15 settembre e riceverai in omaggio il tuo&nbsp;<em>j\u014d<\/em>&nbsp;personale.<\/p>\n\n\n\n<p><strong>Sedi e Orari dei Corsi<\/strong><\/p>\n\n\n\n<figure class=\"wp-block-table\"><table><thead><tr><td><strong>Sede<\/strong><\/td><td><strong>Indirizzo<\/strong><\/td><td><strong>Giorni<\/strong><\/td><td><strong>Orario<\/strong><\/td><td><strong>Categoria<\/strong><\/td><\/tr><\/thead><tbody><tr><td><strong>Lecce<\/strong><\/td><td>Palestra Athlon, Via Puccini 32<\/td><td>Luned\u00ec, Mercoled\u00ec, Venerd\u00ec<\/td><td>19:30 &#8211; 21:30<\/td><td>Adulti e Ragazzi<\/td><\/tr><tr><td><strong>Lecce<\/strong><\/td><td>Palestra Athlon, Via Puccini 32<\/td><td>Luned\u00ec, Mercoled\u00ec, Venerd\u00ec<\/td><td>19:30 &#8211; 20:30<\/td><td>Bambini<\/td><\/tr><tr><td><strong>San Donato<\/strong><\/td><td>Centro di Arte Visiva e Gestuale<\/td><td>Marted\u00ec, Gioved\u00ec<\/td><td>17:00 &#8211; 19:00<\/td><td>Tutti<\/td><\/tr><\/tbody><\/table><\/figure>\n<fb:like href='https:\/\/www.leccecronaca.it\/index.php\/2026\/09\/02\/aikido-al-via-i-corsi-del-maestro-melcore-dalla-meditazione-a-san-cataldo-alle-lezioni-a-lecce-e-san-donato\/' send='true' layout='button_count' show_faces='true' width='450' height='65' action='recommend' colorscheme='light' font='lucida grande'><\/fb:like><span class=\"fb_share\"><fb:like href=\"https:\/\/www.leccecronaca.it\/index.php\/2026\/09\/02\/aikido-al-via-i-corsi-del-maestro-melcore-dalla-meditazione-a-san-cataldo-alle-lezioni-a-lecce-e-san-donato\/\" layout=\"button_count\"><\/fb:like><\/span>","protected":false},"excerpt":{"rendered":"<p>gm_______L\u2019armonia tra mente, corpo e ambiente circostante ha fatto da cornice alla prima lezione dell\u2019anno accademico 2026\/2027 di Aikido, svoltasi ieri sera sul suggestivo lungomare di San Cataldo. Sotto la guida del Maestro Valerio Melcore, gli allievi del dojo &#8220;Il Cavaliere&#8221; hanno inaugurato il nuovo percorso marziale non con la forza, ma con la consapevolezza: [&hellip;]<\/p>\n","protected":false},"author":1,"featured_media":0,"comment_status":"open","ping_status":"closed","sticky":false,"template":"","format":"standard","meta":[],"categories":[1],"tags":[],"_links":{"self":[{"href":"https:\/\/www.leccecronaca.it\/index.php\/wp-json\/wp\/v2\/posts\/263133"}],"collection":[{"href":"https:\/\/www.leccecronaca.it\/index.php\/wp-json\/wp\/v2\/posts"}],"about":[{"href":"https:\/\/www.leccecronaca.it\/index.php\/wp-json\/wp\/v2\/types\/post"}],"author":[{"embeddable":true,"href":"https:\/\/www.leccecronaca.it\/index.php\/wp-json\/wp\/v2\/users\/1"}],"replies":[{"embeddable":true,"href":"https:\/\/www.leccecronaca.it\/index.php\/wp-json\/wp\/v2\/comments?post=263133"}],"version-history":[{"count":2,"href":"https:\/\/www.leccecronaca.it\/index.php\/wp-json\/wp\/v2\/posts\/263133\/revisions"}],"predecessor-version":[{"id":263163,"href":"https:\/\/www.leccecronaca.it\/index.php\/wp-json\/wp\/v2\/posts\/263133\/revisions\/263163"}],"wp:attachment":[{"href":"https:\/\/www.leccecronaca.it\/index.php\/wp-json\/wp\/v2\/media?parent=263133"}],"wp:term":[{"taxonomy":"category","embeddable":true,"href":"https:\/\/www.leccecronaca.it\/index.php\/wp-json\/wp\/v2\/categories?post=263133"},{"taxonomy":"post_tag","embeddable":true,"href":"https:\/\/www.leccecronaca.it\/index.php\/wp-json\/wp\/v2\/tags?post=263133"}],"curies":[{"name":"wp","href":"https:\/\/api.w.org\/{rel}","templated":true}]}}