{"id":263149,"date":"2026-09-02T11:10:50","date_gmt":"2026-09-02T09:10:50","guid":{"rendered":"https:\/\/www.leccecronaca.it\/?p=263149"},"modified":"2026-09-02T11:10:52","modified_gmt":"2026-09-02T09:10:52","slug":"un-altro-anziano-morto-in-mare-5","status":"publish","type":"post","link":"https:\/\/www.leccecronaca.it\/index.php\/2026\/09\/02\/un-altro-anziano-morto-in-mare-5\/","title":{"rendered":"UN ALTRO ANZIANO MORTO IN MARE"},"content":{"rendered":"\n<p><img decoding=\"async\" loading=\"lazy\" width=\"960\" height=\"720\" class=\"wp-image-263150\" style=\"width: 1200px;\" src=\"https:\/\/www.leccecronaca.it\/wordpress\/wp-content\/uploads\/2026\/09\/gve.jpg\" alt=\"\" srcset=\"https:\/\/www.leccecronaca.it\/wordpress\/wp-content\/uploads\/2026\/09\/gve.jpg 960w, https:\/\/www.leccecronaca.it\/wordpress\/wp-content\/uploads\/2026\/09\/gve-300x225.jpg 300w, https:\/\/www.leccecronaca.it\/wordpress\/wp-content\/uploads\/2026\/09\/gve-768x576.jpg 768w, https:\/\/www.leccecronaca.it\/wordpress\/wp-content\/uploads\/2026\/09\/gve-400x300.jpg 400w\" sizes=\"(max-width: 960px) 100vw, 960px\" \/><\/p>\n\n\n\n<p>(Rdl) ________________ <\/p>\n\n\n\n<p>Un altro caso della ormai lunga serie di persone anziane stroncate sulle spiagge salentine da un malore improvviso, dovuto presumibilmente all\u2019affaticamento del corpo per il grande caldo. Un fenomeno, certo, di ogni estate, ma che quest\u2019anno \u00e8 pi\u00f9 frequente del solito, come documentano le notizie di cronaca che abbiamo dato nelle ultime settimane.<\/p>\n\n\n\n<p>Ieri pomeriggio a Torre dell&#8217;Orso (nella foto di Gianni Vese) \u00e8 morto Alessandro Tassi, 76 anni, di Ferrara, in vacanza nel Salento: stava facendo il bagno quando si \u00e8 sentito male e non si \u00e8 pi\u00f9 ripreso, nonostante i tentativi di rianimarlo compiuti dagli altri bagnanti prima, e dei sanitari del 118 poi.<\/p>\n\n\n\n<p><\/p>\n<fb:like href='https:\/\/www.leccecronaca.it\/index.php\/2026\/09\/02\/un-altro-anziano-morto-in-mare-5\/' send='true' layout='button_count' show_faces='true' width='450' height='65' action='recommend' colorscheme='light' font='lucida grande'><\/fb:like><span class=\"fb_share\"><fb:like href=\"https:\/\/www.leccecronaca.it\/index.php\/2026\/09\/02\/un-altro-anziano-morto-in-mare-5\/\" layout=\"button_count\"><\/fb:like><\/span>","protected":false},"excerpt":{"rendered":"<p>(Rdl) ________________ Un altro caso della ormai lunga serie di persone anziane stroncate sulle spiagge salentine da un malore improvviso, dovuto presumibilmente all\u2019affaticamento del corpo per il grande caldo. Un fenomeno, certo, di ogni estate, ma che quest\u2019anno \u00e8 pi\u00f9 frequente del solito, come documentano le notizie di cronaca che abbiamo dato nelle ultime settimane. [&hellip;]<\/p>\n","protected":false},"author":4,"featured_media":263150,"comment_status":"open","ping_status":"closed","sticky":false,"template":"","format":"standard","meta":[],"categories":[69],"tags":[],"_links":{"self":[{"href":"https:\/\/www.leccecronaca.it\/index.php\/wp-json\/wp\/v2\/posts\/263149"}],"collection":[{"href":"https:\/\/www.leccecronaca.it\/index.php\/wp-json\/wp\/v2\/posts"}],"about":[{"href":"https:\/\/www.leccecronaca.it\/index.php\/wp-json\/wp\/v2\/types\/post"}],"author":[{"embeddable":true,"href":"https:\/\/www.leccecronaca.it\/index.php\/wp-json\/wp\/v2\/users\/4"}],"replies":[{"embeddable":true,"href":"https:\/\/www.leccecronaca.it\/index.php\/wp-json\/wp\/v2\/comments?post=263149"}],"version-history":[{"count":1,"href":"https:\/\/www.leccecronaca.it\/index.php\/wp-json\/wp\/v2\/posts\/263149\/revisions"}],"predecessor-version":[{"id":263151,"href":"https:\/\/www.leccecronaca.it\/index.php\/wp-json\/wp\/v2\/posts\/263149\/revisions\/263151"}],"wp:featuredmedia":[{"embeddable":true,"href":"https:\/\/www.leccecronaca.it\/index.php\/wp-json\/wp\/v2\/media\/263150"}],"wp:attachment":[{"href":"https:\/\/www.leccecronaca.it\/index.php\/wp-json\/wp\/v2\/media?parent=263149"}],"wp:term":[{"taxonomy":"category","embeddable":true,"href":"https:\/\/www.leccecronaca.it\/index.php\/wp-json\/wp\/v2\/categories?post=263149"},{"taxonomy":"post_tag","embeddable":true,"href":"https:\/\/www.leccecronaca.it\/index.php\/wp-json\/wp\/v2\/tags?post=263149"}],"curies":[{"name":"wp","href":"https:\/\/api.w.org\/{rel}","templated":true}]}}