{"id":263181,"date":"2026-09-03T10:36:35","date_gmt":"2026-09-03T08:36:35","guid":{"rendered":"https:\/\/www.leccecronaca.it\/?p=263181"},"modified":"2026-09-03T10:43:35","modified_gmt":"2026-09-03T08:43:35","slug":"a-lequile-in-fiamme-lecocentro-dura-presa-di-posizione-del-comitato-prevenzione-incendi-salento-che-parla-di-una-guerra-che-mina-la-salute-e-il-futuro-di-un-territorio-in-una-st","status":"publish","type":"post","link":"https:\/\/www.leccecronaca.it\/index.php\/2026\/09\/03\/a-lequile-in-fiamme-lecocentro-dura-presa-di-posizione-del-comitato-prevenzione-incendi-salento-che-parla-di-una-guerra-che-mina-la-salute-e-il-futuro-di-un-territorio-in-una-st\/","title":{"rendered":"A LEQUILE IN FIAMME L\u2019ECOCENTRO \/\u00a0DURA PRESA DI POSIZIONE DEL COMITATO PREVENZIONE INCENDI SALENTO, CHE PARLA DI UNA &#8220;guerra che mina la salute e il futuro&#8221; SCATENATA IN UNA &#8220;strategia di desertificazione del territorio salentino&#8221;"},"content":{"rendered":"\n<p><img decoding=\"async\" loading=\"lazy\" width=\"1536\" height=\"1152\" class=\"wp-image-263182\" style=\"width: 1500px;\" src=\"https:\/\/www.leccecronaca.it\/wordpress\/wp-content\/uploads\/2026\/09\/fff-1536x1152-1.jpeg\" alt=\"\" srcset=\"https:\/\/www.leccecronaca.it\/wordpress\/wp-content\/uploads\/2026\/09\/fff-1536x1152-1.jpeg 1536w, https:\/\/www.leccecronaca.it\/wordpress\/wp-content\/uploads\/2026\/09\/fff-1536x1152-1-300x225.jpeg 300w, https:\/\/www.leccecronaca.it\/wordpress\/wp-content\/uploads\/2026\/09\/fff-1536x1152-1-1024x768.jpeg 1024w, https:\/\/www.leccecronaca.it\/wordpress\/wp-content\/uploads\/2026\/09\/fff-1536x1152-1-768x576.jpeg 768w, https:\/\/www.leccecronaca.it\/wordpress\/wp-content\/uploads\/2026\/09\/fff-1536x1152-1-400x300.jpeg 400w\" sizes=\"(max-width: 1536px) 100vw, 1536px\" \/><\/p>\n\n\n\n<p>Riceviamo e volentieri pubblichiamo (nella nostra  foto, la minifestazione organizzata a Lecce il 1 agosto scorso dal Comitato Prevenzione Incendi Salento) _________________<\/p>\n\n\n\n<p>Bruciano i rifiuti nel Salento.<\/p>\n\n\n\n<p>A quattro giorni dal rogo che il 29 agosto scorso ha interessato la sede dell\u2019azienda Ecotecnica alle porte di Lequile (che si occupa della raccolta e dello stoccaggio di rifiuti) e da quello sviluppatosi in contrada Castellino a Nard\u00f2 (che pare abbia interessato un\u2019azienda dedita alla stessa tipologia di attivit\u00e0) brucia un container di rifiuti RAEE anche nell\u2019ecocentro di Ruffano (inevitabile il richiamo alla memoria di quello del 5 giugno scorso scoppiato nell\u2019ecocentro di Francavilla Fontana).<\/p>\n\n\n\n<p>Dopo i roghi estivi, che hanno devastato ampie aree rurali e zone di pregio naturalistico, i rifiuti. Dopo la terra, l\u2019attentato alla salute dell\u2019aria. Non \u00e8 forse guerra, quella che mina la salute e il futuro di un territorio?<\/p>\n\n\n\n<p>Cosa sta succedendo nel Salento?<\/p>\n\n\n\n<p>Siamo di fronte a un bollettino catastrofico in cui ambiente e salute rischiano di rimanere in ginocchio a causa di un\u2019Emergenza tutt\u2019oggi non vista, negata dalle narrazioni ufficiali e istituzionali nella sua reale consistenza e quindi mai affrontata in quanto tale.<\/p>\n\n\n\n<p>Una densa nube nera di fumo tossico ha invaso il Salento per giorni, richiamando con la sua forma apocalittica scatti di guerra dai paesaggi petroliferi e portando la popolazione locale all\u2019incertezza e all\u2019angoscia sulla propria sicurezza e sulle sorti della propria salute, oltre che ad accusare disturbi respiratori immediati.<\/p>\n\n\n\n<p>Come pu\u00f2 un incendio sviluppatosi in un bosco vicino, a quanto riferito dalle prime perizie e testimonianze, raggiungere e scavalcare in poco tempo il muro di un\u2019azienda vicina, che dovrebbe essere dotata di sistemi tempestivi di sorveglianza e antincendio, oltre che di un piano sicurezza adeguato alla tipologia sensibile della propria attivit\u00e0?<\/p>\n\n\n\n<p>E le Istituzioni?<\/p>\n\n\n\n<p>Giungono a raccomandare alla cittadinanza con la premura di 40 ore di ritardo dallo sviluppo del rogo di Lequile il comportamento precauzionale da assumere in caso di roghi tossici: astenersi dall\u2019organizzare e prendere parte ad eventi all\u2019aperto, non usare acque provenienti da pozzi n\u00e9 irrigare gli orti o consumarne i prodotti nelle aree interessate dalla diffusione del fumo. In questo contesto ARPA (Agenzia Regionale per la Prevenzione e la Protezione dell&#8217;Ambiente) assume un ruolo cruciale, Cittadini e Cittadine sono in apprensione per conoscere i dati che si fanno attendere. Come se il perimetro del danno da fumi tossici fosse circoscrivibile in modo netto e definitivo.<\/p>\n\n\n\n<p>Non possono non tornare alla mente i proclami istituzionali di chi appena qualche settimana fa ha fatto annunci&nbsp; di lotta agli incendi e di potenziamento della macchina dello spegnimento, della sorveglianza e dell\u2019intervento tempestivo per contenere l\u2019Emergenza. Cosa non ha funzionato? Cosa non \u00e8 stato applicato? Chi controlla l\u2019attuazione delle previste prescrizioni?<\/p>\n\n\n\n<p>I roghi di rifiuti di questi giorni non interessano aree abbandonate, ma luoghi di lavoro in attivit\u00e0, gestiti e regolarmente impiegati nella catena dello smaltimento autorizzato e degli appalti pubblici, in una Regione come la Puglia che ancora non ha chiuso il ciclo dei rifiuti, che ne ha affidato la gestione a un sistema di stoccaggio e smaltimento industriale privato e non ha attuato alcuna politica pubblica di Rifiuti Zero.<\/p>\n\n\n\n<p>Impianti di gestione rifiuti presi di mira, perch\u00e9? Inevitabili le congiunture su questa combinazione di eventi. Inevitabili gli interrogativi sul piano sicurezza aziendale e sul suo eventuale malfunzionamento che si aggiungono ai dubbi sull\u2019opportunit\u00e0 dell\u2019ubicazione di un centro di stoccaggio rifiuti nel mezzo di un paesaggio rurale e boschivo (al posto, per esempio, di una zona industriale).<\/p>\n\n\n\n<p>Alla luce di quanto sta succedendo ci chiediamo: Istituzioni e forze dell\u2019ordine vigilano regolarmente sul funzionamento di un sistema di protezione per le aree sensibili del territorio, che possono procurare problemi alla sicurezza pubblica e alla salute di un territorio?<\/p>\n\n\n\n<p>Noi crediamo di no. Per questo \u00e8 necessario e improrogabile il potenziamento immediato dei controlli a prevenzione nelle aree sensibili come gli ecocentri comunali della Provincia di Lecce e le aziende dedite allo stoccaggio di rifiuti e le stazioni di rifornimento carburanti richiamando l\u2019Istituzione provinciale e la Prefettura al loro dovere istituzionale di coordinamento congiunto e interprovinciale del territorio, effettivo, tempestivo e fuor di proclama pubblico.<\/p>\n\n\n\n<p>La Puglia perde salute e paesaggio a vista d\u2019occhio. L\u2019emergenza paesaggistica implica danni ambientali ed economici incalcolabili nel medio e lungo periodo. Un paradosso, per una Regione che ha investito pressoch\u00e9 totalmente nella vocazione turistica e nel marketing del territorio.<\/p>\n\n\n\n<p>La sottile linea rossa delle nuove politiche industriali, pianificate nei decenni dalle politiche e dalle legislazioni pubbliche dei governi locali, sempre favorevoli ai nuovi business dell\u2019economia, lasciano intravedere l\u2019attuazione lenta di una strategia di desertificazione del territorio, salentino in particolare, che da qualche anno gode della protezione tributaria alle politiche di conversione energetica nazionali. Sono dettagli se la loro attuazione passi dall\u2019accoglienza di progetti industriali di ampia scala che distruggono salute e fisionomia del territorio a solo vantaggio di nuove generazioni di speculatori, che nulla lasciano alla nostra terra n\u00e9 in termini di partecipazione alle nuove economie di investimento (come gli impianti di energie rinnovabili attuati in barba alle leggi e senza criterio e controllo) n\u00e9 in termini di produzione di energia per i fabbisogni locali n\u00e9 sotto forma di compensazioni e ristori. <\/p>\n\n\n\n<p>La mania dell\u2019ampliamento delle infrastrutture viarie, gli incendi che producono smisurate emissioni di CO2 per mesi nella stagione estiva, il via libera al fotovoltaico selvaggio ora travestito da agrivoltaico e ai resort di lusso, gli incentivi agli impianti agricoli intensivi idrovori e monocolturali, gli impianti eolici ad alto impatto ambientale e paesaggistico, i progetti di costruzione di data center, centrali nucleari e altre mostruose visioni industriali che predano i territori ed estraggono ed esauriscono risorse senza calcolarne le conseguenze, chiamano la necessit\u00e0 di fare spazio, tabula rasa, attivando un processo di accaparramento delle terre (land grabbing) che \u00e8 sotto gli occhi di tutti e che, per chi ha frequentazione con studi e letture geopolitici, \u00e8 una vecchia tecnica del peggiore colonialismo predatorio moderno, tipico delle economie capitaliste.<\/p>\n\n\n\n<p>Pretendiamo politiche di inversione di rotta da parte delle nostre Istituzioni, di contrasto alla desertificazione. Pretenderemo che i governi locali si assumano la responsabilit\u00e0 di aver contribuito all\u2019inquinamento strutturale e al degrado fuori controllo in cui viviamo. Il territorio deve tornare ai suoi abitanti, tutelato, presidiato e curato nel suo valore paesaggistico, a garanzia dello sviluppo di economie locali in un ambiente florido e sano. _________________<\/p>\n\n\n\n<p>LA RICERCA nel nostro ultimo articolo di ieri<\/p>\n\n\n\n<figure class=\"wp-block-embed is-type-wp-embed is-provider-leccecronaca-it wp-block-embed-leccecronaca-it\"><div class=\"wp-block-embed__wrapper\">\n<blockquote class=\"wp-embedded-content\" data-secret=\"EijYBATSOY\"><a href=\"https:\/\/www.leccecronaca.it\/index.php\/2026\/09\/02\/sugli-incendi-in-puglia-interviene-il-comitato-no-burgesi-che-chiede-al-prefetto-misure-urgenti-ce-il-fortissimo-sospetto-di-una-matrice-dolosa-riconducibile-a-interessi-criminali-volti-a-desta\/\">SUGLI INCENDI IN PUGLIA, INTERVIENE IL COMITATO NO BURGESI CHE CHIEDE AL PREFETTO MISURE URGENTI: &#8220;c&#8217;\u00e8 il fortissimo sospetto di una matrice dolosa, riconducibile a interessi criminali volti a destabilizzare il sistema di gestione&#8221;<\/a><\/blockquote><iframe class=\"wp-embedded-content\" sandbox=\"allow-scripts\" security=\"restricted\" style=\"position: absolute; clip: rect(1px, 1px, 1px, 1px);\" title=\"&#8220;SUGLI INCENDI IN PUGLIA, INTERVIENE IL COMITATO NO BURGESI CHE CHIEDE AL PREFETTO MISURE URGENTI: &#8220;c&#8217;\u00e8 il fortissimo sospetto di una matrice dolosa, riconducibile a interessi criminali volti a destabilizzare il sistema di gestione&#8221;&#8221; &#8212; LecceCronaca.it\" src=\"https:\/\/www.leccecronaca.it\/index.php\/2026\/09\/02\/sugli-incendi-in-puglia-interviene-il-comitato-no-burgesi-che-chiede-al-prefetto-misure-urgenti-ce-il-fortissimo-sospetto-di-una-matrice-dolosa-riconducibile-a-interessi-criminali-volti-a-desta\/embed\/#?secret=GoDjxTbjr1#?secret=EijYBATSOY\" data-secret=\"EijYBATSOY\" width=\"500\" height=\"282\" frameborder=\"0\" marginwidth=\"0\" marginheight=\"0\" scrolling=\"no\"><\/iframe>\n<\/div><\/figure>\n\n\n\n<p>L&#8217;APPROFONDIMENTO nel nostro articolo del 1 agosto scorso<\/p>\n\n\n\n<figure class=\"wp-block-embed is-type-wp-embed is-provider-leccecronaca-it wp-block-embed-leccecronaca-it\"><div class=\"wp-block-embed__wrapper\">\n<blockquote class=\"wp-embedded-content\" data-secret=\"pTwYHhZrrb\"><a href=\"https:\/\/www.leccecronaca.it\/index.php\/2026\/08\/01\/reportage-da-piazza-santoronzo-ieri-sera-gremita-per-il-presidio-contro-gli-incendi-il-salento-non-tace-piu-due-ore-e-mezza-di-interventi-il-presidente-del-comitato-emanuele-larini-s\/\">REPORTAGE DA PIAZZA SANT&#8217;ORONZO, IERI SERA GREMITA PER IL PRESIDIO CONTRO GLI INCENDI. IL SALENTO NON TACE PIU&#8217;: SUL PALCO DUE ORE E MEZZO DI INTERVENTI. EMANUELE LARINI: \u201csia questo l&#8217;anno zero della prevenzione\u201d<\/a><\/blockquote><iframe class=\"wp-embedded-content\" sandbox=\"allow-scripts\" security=\"restricted\" style=\"position: absolute; clip: rect(1px, 1px, 1px, 1px);\" title=\"&#8220;REPORTAGE DA PIAZZA SANT&#8217;ORONZO, IERI SERA GREMITA PER IL PRESIDIO CONTRO GLI INCENDI. IL SALENTO NON TACE PIU&#8217;: SUL PALCO DUE ORE E MEZZO DI INTERVENTI. EMANUELE LARINI: \u201csia questo l&#8217;anno zero della prevenzione\u201d&#8221; &#8212; LecceCronaca.it\" src=\"https:\/\/www.leccecronaca.it\/index.php\/2026\/08\/01\/reportage-da-piazza-santoronzo-ieri-sera-gremita-per-il-presidio-contro-gli-incendi-il-salento-non-tace-piu-due-ore-e-mezza-di-interventi-il-presidente-del-comitato-emanuele-larini-s\/embed\/#?secret=S5QyDGWElo#?secret=pTwYHhZrrb\" data-secret=\"pTwYHhZrrb\" width=\"500\" height=\"282\" frameborder=\"0\" marginwidth=\"0\" marginheight=\"0\" scrolling=\"no\"><\/iframe>\n<\/div><\/figure>\n\n\n\n<p><\/p>\n<fb:like href='https:\/\/www.leccecronaca.it\/index.php\/2026\/09\/03\/a-lequile-in-fiamme-lecocentro-dura-presa-di-posizione-del-comitato-prevenzione-incendi-salento-che-parla-di-una-guerra-che-mina-la-salute-e-il-futuro-di-un-territorio-in-una-st\/' send='true' layout='button_count' show_faces='true' width='450' height='65' action='recommend' colorscheme='light' font='lucida grande'><\/fb:like><span class=\"fb_share\"><fb:like href=\"https:\/\/www.leccecronaca.it\/index.php\/2026\/09\/03\/a-lequile-in-fiamme-lecocentro-dura-presa-di-posizione-del-comitato-prevenzione-incendi-salento-che-parla-di-una-guerra-che-mina-la-salute-e-il-futuro-di-un-territorio-in-una-st\/\" layout=\"button_count\"><\/fb:like><\/span>","protected":false},"excerpt":{"rendered":"<p>Riceviamo e volentieri pubblichiamo (nella nostra foto, la minifestazione organizzata a Lecce il 1 agosto scorso dal Comitato Prevenzione Incendi Salento) _________________ Bruciano i rifiuti nel Salento. A quattro giorni dal rogo che il 29 agosto scorso ha interessato la sede dell\u2019azienda Ecotecnica alle porte di Lequile (che si occupa della raccolta e dello stoccaggio [&hellip;]<\/p>\n","protected":false},"author":4,"featured_media":263182,"comment_status":"open","ping_status":"closed","sticky":false,"template":"","format":"standard","meta":[],"categories":[1,69,76,36],"tags":[],"_links":{"self":[{"href":"https:\/\/www.leccecronaca.it\/index.php\/wp-json\/wp\/v2\/posts\/263181"}],"collection":[{"href":"https:\/\/www.leccecronaca.it\/index.php\/wp-json\/wp\/v2\/posts"}],"about":[{"href":"https:\/\/www.leccecronaca.it\/index.php\/wp-json\/wp\/v2\/types\/post"}],"author":[{"embeddable":true,"href":"https:\/\/www.leccecronaca.it\/index.php\/wp-json\/wp\/v2\/users\/4"}],"replies":[{"embeddable":true,"href":"https:\/\/www.leccecronaca.it\/index.php\/wp-json\/wp\/v2\/comments?post=263181"}],"version-history":[{"count":3,"href":"https:\/\/www.leccecronaca.it\/index.php\/wp-json\/wp\/v2\/posts\/263181\/revisions"}],"predecessor-version":[{"id":263186,"href":"https:\/\/www.leccecronaca.it\/index.php\/wp-json\/wp\/v2\/posts\/263181\/revisions\/263186"}],"wp:featuredmedia":[{"embeddable":true,"href":"https:\/\/www.leccecronaca.it\/index.php\/wp-json\/wp\/v2\/media\/263182"}],"wp:attachment":[{"href":"https:\/\/www.leccecronaca.it\/index.php\/wp-json\/wp\/v2\/media?parent=263181"}],"wp:term":[{"taxonomy":"category","embeddable":true,"href":"https:\/\/www.leccecronaca.it\/index.php\/wp-json\/wp\/v2\/categories?post=263181"},{"taxonomy":"post_tag","embeddable":true,"href":"https:\/\/www.leccecronaca.it\/index.php\/wp-json\/wp\/v2\/tags?post=263181"}],"curies":[{"name":"wp","href":"https:\/\/api.w.org\/{rel}","templated":true}]}}