{"id":263210,"date":"2026-09-03T15:12:47","date_gmt":"2026-09-03T13:12:47","guid":{"rendered":"https:\/\/www.leccecronaca.it\/?p=263210"},"modified":"2026-09-03T15:29:13","modified_gmt":"2026-09-03T13:29:13","slug":"arriva-un-bambino-che-fa-paura-lallarme-lanciato-dallonu-per-gli-effetti-su-scala-globale-del-fenomeno-el-nino-che-vanno-ad-aggiungersi-ai-cambiamenti-climatici-in-atto-il-segretario-generale-a","status":"publish","type":"post","link":"https:\/\/www.leccecronaca.it\/index.php\/2026\/09\/03\/arriva-un-bambino-che-fa-paura-lallarme-lanciato-dallonu-per-gli-effetti-su-scala-globale-del-fenomeno-el-nino-che-vanno-ad-aggiungersi-ai-cambiamenti-climatici-in-atto-il-segretario-generale-a\/","title":{"rendered":"L&#8217;ALLARME LANCIATO DALL&#8217;ONU PER GLI EFFETTI SU SCALA GLOBALE DEL FENOMENO EL NINO, CHE VANNO AD AGGIUNGERSI AI CAMBIAMENTI CLIMATICI IN ATTO. IL SEGRETARIO ANTONIO GUTERRES: &#8220;Il mondo \u00e8 in pericolo&#8221;"},"content":{"rendered":"\n<p><img decoding=\"async\" loading=\"lazy\" width=\"1536\" height=\"1024\" class=\"wp-image-263211\" style=\"width: 1500px;\" src=\"https:\/\/www.leccecronaca.it\/wordpress\/wp-content\/uploads\/2026\/09\/el-nino.jpg\" alt=\"\" srcset=\"https:\/\/www.leccecronaca.it\/wordpress\/wp-content\/uploads\/2026\/09\/el-nino.jpg 1536w, https:\/\/www.leccecronaca.it\/wordpress\/wp-content\/uploads\/2026\/09\/el-nino-300x200.jpg 300w, https:\/\/www.leccecronaca.it\/wordpress\/wp-content\/uploads\/2026\/09\/el-nino-1024x683.jpg 1024w, https:\/\/www.leccecronaca.it\/wordpress\/wp-content\/uploads\/2026\/09\/el-nino-768x512.jpg 768w\" sizes=\"(max-width: 1536px) 100vw, 1536px\" \/><\/p>\n\n\n\n<p>(Rdl) ______________ El Ni\u00f1o (pronuncia: nigno, in spagnolo &#8216;il bambino&#8217;) \u00e8 un fenomeno meteorologico naturale che si sviluppa ciclicamente, a distanza di 2 \/ 7 anni, nell&#8217;Oceano Pacifico. Al cambio nei regimi dei venti, le acque calde si spostano, liberando un&#8217;enorme quantit\u00e0 di calore nell&#8217;atmosfera. Questo provoca a livello  globale in alcune regioni\u00a0siccit\u00e0 devastante\u00a0e in altre tifoni e inondazioni.  Adesso questo riscaldamento va ad aggiungersi al riscaldamento del pianeta di origine antropica, gi\u00e0 in atto per cause sue, accentuando i cambiamenti climatici. <\/p>\n\n\n\n<p>Ripetiamo: El Nino \u00e8 un fenomeno naturale, ciclico, per cos\u00ec dire abituale. Ma quello che si annuncia per quest&#8217;anno, per come si sta organizzando e per come andr\u00e0 ad impattare su un quadro di riscaldamento del pianeta gi\u00e0 elevato, potrebbe avere effetti micidiali.<\/p>\n\n\n\n<p>Non \u00e8 il copione di un film catastrofico di fantascienza: \u00e8 purtroppo la realt\u00e0 di un vero e propio allarme lanciato dalle Nazioni Unite, sulle base delle osservazioni fatte dal suo organismo di rilevazioni metereologiche. Eccome qui di seguito il testo completo<\/p>\n\n\n\n<p>FONTE: SITO UFFICIALE ORGANIZZAZIONE METEREOLOGICA MONDIALE DELLE NAZIONI UNITE (traduzione dall&#8217;inglese) ___________<\/p>\n\n\n\n<p><\/p>\n\n\n\n<p>Ginevra, Svizzera (OMM),3 settembre 2026 \u2013 Il fenomeno El Ni\u00f1o si \u00e8 ormai consolidato e nei prossimi mesi si intensificher\u00e0 fino a diventare un evento di forte intensit\u00e0, con ripercussioni significative sui regimi di precipitazione e sulle temperature, oltre ai rischi associati di inondazioni, siccit\u00e0 e caldo estremo: \u00e8 quanto emerge dal nuovo aggiornamento dell&#8217;Organizzazione meteorologica mondiale (OMM).<\/p>\n\n\n\n<p>Le previsioni dei Centri di produzione globali dell&#8217;OMM indicano una &#8220;probabilit\u00e0 eccezionalmente elevata, prossima al 100%&#8221;, che El Ni\u00f1o persista fino a febbraio 2027. \u00c8 la prima volta che un aggiornamento dell&#8217;OMM su El Ni\u00f1o\/La Ni\u00f1a si esprime in termini cos\u00ec inequivocabili, a testimonianza della forte convergenza di vedute all&#8217;interno della vasta rete dell&#8217;Organizzazione.<\/p>\n\n\n\n<p>Alimentato da condizioni oceaniche eccezionalmente calde nel Pacifico tropicale, si prevede che El Ni\u00f1o si intensifichi ulteriormente nei prossimi mesi, raggiungendo un&#8217;intensit\u00e0 molto elevata prima di toccare il picco verso la fine dell&#8217;anno, con ripercussioni climatiche che si protrarranno ben oltre l&#8217;inizio del 2027.<\/p>\n\n\n\n<p><\/p>\n\n\n\n<p><em><strong>&#8220;El Ni\u00f1o sta assumendo proporzioni enormi sotto i nostri occhi. La scienza non lascia spazio a dubbi: il pianeta sta navigando in acque inesplorate, e quelle acque si stanno riscaldando<\/strong>. <\/em><\/p>\n\n\n\n<p><em><strong>Le temperature della superficie del mare salgono, le temperature continuano a crescere e il mondo si trova nella zona di pericolo per eventi meteorologici estremi<\/strong>. <\/em><\/p>\n\n\n\n<p><em><strong>La sfida ora \u00e8 tra i rischi crescenti e il nostro impegno ad agire per il clima e a proteggere le persone. Dobbiamo vincere questa sfida<\/strong>&#8220;<\/em>, ha dichiarato il Segretario Generale delle Nazioni Unite, <strong>Antonio Guterres<\/strong>.<\/p>\n\n\n\n<p><\/p>\n\n\n\n<p><em>\u201cIn spagnolo, \u2018El Ni\u00f1o\u2019 significa \u2018il bambino\u2019, ma il fenomeno ha il potenziale di infliggere un duro colpo a comunit\u00e0 ed economie di tutto il mondo. Stiamo gi\u00e0 assistendo a gravi disagi e devastazioni causati da siccit\u00e0 e inondazioni, e prevediamo che tali impatti si intensificheranno man mano che il fenomeno si rafforzer\u00e0<\/em>\u201d, ha dichiarato Celeste Saulo, Segretario generale dell\u2019Organizzazione meteorologica mondiale (OMM).<\/p>\n\n\n\n<p>\u201c<em>Questo El Ni\u00f1o eccezionale richiede una preparazione e una risposta altrettanto eccezionali. Mai prima d\u2019ora, nei 50 anni di storia dell\u2019Organizzazione meteorologica mondiale, abbiamo avviato una mobilitazione di tale portata insieme ai Servizi meteorologici e idrologici nazionali, che sono in prima linea nel fornire previsioni e servizi essenziali per salvare vite umane e tutelare i mezzi di sussistenza<\/em>\u201d, ha affermato.<\/p>\n\n\n\n<p>\u201c<em>L\u2019OMM \u00e8 impegnata a collaborare strettamente con i partner delle Nazioni Unite e del sistema umanitario per fornire le informazioni e le analisi climatiche necessarie a sostenere la gestione dei disastri e i settori sensibili al clima, come l\u2019agricoltura, la sanit\u00e0, l\u2019energia e le risorse id<\/em>riche\u201d, ha aggiunto. \u201c<em>Non c\u2019\u00e8 tempo da perdere<\/em>\u201d.<\/p>\n\n\n\n<p>Gli aggiornamenti dell&#8217;OMM su El Ni\u00f1o e La Ni\u00f1a rappresentano la fonte di informazioni pi\u00f9 autorevole a livello mondiale per governi e decisori. Tali previsioni stagionali si basano su un consenso tra i modelli dei Centri di produzione globali dell&#8217;OMM, gli esperti dei Servizi meteorologici e idrologici nazionali e i centri di previsione climatica di tutto il mondo.<\/p>\n<fb:like href='https:\/\/www.leccecronaca.it\/index.php\/2026\/09\/03\/arriva-un-bambino-che-fa-paura-lallarme-lanciato-dallonu-per-gli-effetti-su-scala-globale-del-fenomeno-el-nino-che-vanno-ad-aggiungersi-ai-cambiamenti-climatici-in-atto-il-segretario-generale-a\/' send='true' layout='button_count' show_faces='true' width='450' height='65' action='recommend' colorscheme='light' font='lucida grande'><\/fb:like><span class=\"fb_share\"><fb:like href=\"https:\/\/www.leccecronaca.it\/index.php\/2026\/09\/03\/arriva-un-bambino-che-fa-paura-lallarme-lanciato-dallonu-per-gli-effetti-su-scala-globale-del-fenomeno-el-nino-che-vanno-ad-aggiungersi-ai-cambiamenti-climatici-in-atto-il-segretario-generale-a\/\" layout=\"button_count\"><\/fb:like><\/span>","protected":false},"excerpt":{"rendered":"<p>(Rdl) ______________ El Ni\u00f1o (pronuncia: nigno, in spagnolo &#8216;il bambino&#8217;) \u00e8 un fenomeno meteorologico naturale che si sviluppa ciclicamente, a distanza di 2 \/ 7 anni, nell&#8217;Oceano Pacifico. Al cambio nei regimi dei venti, le acque calde si spostano, liberando un&#8217;enorme quantit\u00e0 di calore nell&#8217;atmosfera. Questo provoca a livello globale in alcune regioni\u00a0siccit\u00e0 devastante\u00a0e in [&hellip;]<\/p>\n","protected":false},"author":4,"featured_media":263211,"comment_status":"open","ping_status":"closed","sticky":false,"template":"","format":"standard","meta":[],"categories":[1,69,31,76],"tags":[],"_links":{"self":[{"href":"https:\/\/www.leccecronaca.it\/index.php\/wp-json\/wp\/v2\/posts\/263210"}],"collection":[{"href":"https:\/\/www.leccecronaca.it\/index.php\/wp-json\/wp\/v2\/posts"}],"about":[{"href":"https:\/\/www.leccecronaca.it\/index.php\/wp-json\/wp\/v2\/types\/post"}],"author":[{"embeddable":true,"href":"https:\/\/www.leccecronaca.it\/index.php\/wp-json\/wp\/v2\/users\/4"}],"replies":[{"embeddable":true,"href":"https:\/\/www.leccecronaca.it\/index.php\/wp-json\/wp\/v2\/comments?post=263210"}],"version-history":[{"count":8,"href":"https:\/\/www.leccecronaca.it\/index.php\/wp-json\/wp\/v2\/posts\/263210\/revisions"}],"predecessor-version":[{"id":263222,"href":"https:\/\/www.leccecronaca.it\/index.php\/wp-json\/wp\/v2\/posts\/263210\/revisions\/263222"}],"wp:featuredmedia":[{"embeddable":true,"href":"https:\/\/www.leccecronaca.it\/index.php\/wp-json\/wp\/v2\/media\/263211"}],"wp:attachment":[{"href":"https:\/\/www.leccecronaca.it\/index.php\/wp-json\/wp\/v2\/media?parent=263210"}],"wp:term":[{"taxonomy":"category","embeddable":true,"href":"https:\/\/www.leccecronaca.it\/index.php\/wp-json\/wp\/v2\/categories?post=263210"},{"taxonomy":"post_tag","embeddable":true,"href":"https:\/\/www.leccecronaca.it\/index.php\/wp-json\/wp\/v2\/tags?post=263210"}],"curies":[{"name":"wp","href":"https:\/\/api.w.org\/{rel}","templated":true}]}}