{"id":263230,"date":"2026-09-03T16:12:13","date_gmt":"2026-09-03T14:12:13","guid":{"rendered":"https:\/\/www.leccecronaca.it\/?p=263230"},"modified":"2026-09-03T16:19:17","modified_gmt":"2026-09-03T14:19:17","slug":"ma-lincendio-allecocentro-di-lequile-e-divampato-di-nuovo-questo-pomeriggio-il-sindaco-vincenzo-carla-arrabbiato-e-deluso-parla-apertamente-di-un-emergenza-ambientale-che-il-salent","status":"publish","type":"post","link":"https:\/\/www.leccecronaca.it\/index.php\/2026\/09\/03\/ma-lincendio-allecocentro-di-lequile-e-divampato-di-nuovo-questo-pomeriggio-il-sindaco-vincenzo-carla-arrabbiato-e-deluso-parla-apertamente-di-un-emergenza-ambientale-che-il-salent\/","title":{"rendered":"MA L&#8217;INCENDIO ALL&#8217;ECOCENTRO DI LEQUILE  E&#8217; DIVAMPATO DI NUOVO QUESTO POMERIGGIO. IL SINDACO VINCENZO CARLA, &#8220;arrabbiato e deluso&#8221;, PARLA DI UN&#8217; &#8220;emergenza ambientale&#8221; CHE IL SALENTO NON E&#8217; IN GRADO DI AFFRONTARE"},"content":{"rendered":"\n<p><img decoding=\"async\" loading=\"lazy\" width=\"391\" height=\"391\" class=\"wp-image-263231\" style=\"width: 1500px;\" src=\"https:\/\/www.leccecronaca.it\/wordpress\/wp-content\/uploads\/2026\/09\/vinccarla.jpg\" alt=\"\" srcset=\"https:\/\/www.leccecronaca.it\/wordpress\/wp-content\/uploads\/2026\/09\/vinccarla.jpg 391w, https:\/\/www.leccecronaca.it\/wordpress\/wp-content\/uploads\/2026\/09\/vinccarla-300x300.jpg 300w, https:\/\/www.leccecronaca.it\/wordpress\/wp-content\/uploads\/2026\/09\/vinccarla-150x150.jpg 150w, https:\/\/www.leccecronaca.it\/wordpress\/wp-content\/uploads\/2026\/09\/vinccarla-60x60.jpg 60w\" sizes=\"(max-width: 391px) 100vw, 391px\" \/><\/p>\n\n\n\n<p>(Rdl) _________________ Questo pomeriggio, intorno alle 13, una colonna di fumo nero e denso si \u00e8 levata ancora una volta dall&#8217; Ecocentro di Lequile. Ad avvisare il sindaco di Lequile Vincenzo Carl\u00e0 sono stati alcuni cittadini allarmati. Il primo cittadino si \u00e8 recato subito sul posto dopo aver avvisato i vigili del fuoco e la Prefettura di quanto stava accadendo.<\/p>\n\n\n\n<p><em>\u201cNon doveva e non poteva riaccadere. Sono deluso e arrabbiato quanto voi. Sono stati allertati gi\u00e0 i vigili del fuoco, che sono qui sul posto\u2026 e la Prefettura. &nbsp;Non intasate il mio telefonino, non venite qui sul posto. Non doveva e non poteva riaccadere. Poi accerteremo tutto il resto\u201d<\/em>&#8211; \u00e8 stato il suo primo commento a caldo, diffuso con un video postato su Facebook.<\/p>\n\n\n\n<p><\/p>\n\n\n\n<p>Poi, pi\u00f9 tardi una sua riflessione affidata ad un comunicato stampa ufficiale del Comune: <em>\u201cNon metto in dubbio la professionalit\u00e0, l\u2019impegno e l\u2019umanit\u00e0 dei soccorritori e di tutti coloro che stanno dirigendo le operazioni di soccorso, ma quanto sta accadendo a Lequile, che poteva succedere in qualsiasi altra parte del Salento, ci mette di fronte ad un dato di fatto: il Salento non ha mezzi, risorse e uomini sufficienti per affrontare un\u2019emergenza ambientale come quella di Lequile, perch\u00e9 di emergenza ambientale si tratta\u201d<\/em>.<\/p>\n\n\n\n<p>__________________<\/p>\n\n\n\n<p>LA RICERCA nel nostro articolo immediatamente precedente<\/p>\n\n\n\n<figure class=\"wp-block-embed is-type-wp-embed is-provider-leccecronaca-it wp-block-embed-leccecronaca-it\"><div class=\"wp-block-embed__wrapper\">\n<blockquote class=\"wp-embedded-content\" data-secret=\"ie1zBLKw6K\"><a href=\"https:\/\/www.leccecronaca.it\/index.php\/2026\/09\/03\/a-lequile-in-fiamme-lecocentro-la-prefettura-ha-reso-noto-una-sintesi-dei-rilievi-dellarpa-sulla-qualita-dellaria-quelli-per-il-suolo-sono-ancora-in-corso-ecco-cosa-ha-scritto\/\">A LEQUILE IN FIAMME L\u2019ECOCENTRO \/ LA PREFETTURA DA&#8217; UNA SINTESI DEI RILIEVI DELL&#8217;ARPA SULLA QUALITA&#8217; DELL&#8217;ARIA. QUELLI PER IL SUOLO SONO ANCORA IN CORSO. ECCO COSA DICE IL COMUNICATO DIFFUSO QUESTO POMERIGGIO<\/a><\/blockquote><iframe class=\"wp-embedded-content\" sandbox=\"allow-scripts\" security=\"restricted\" style=\"position: absolute; clip: rect(1px, 1px, 1px, 1px);\" title=\"&#8220;A LEQUILE IN FIAMME L\u2019ECOCENTRO \/ LA PREFETTURA DA&#8217; UNA SINTESI DEI RILIEVI DELL&#8217;ARPA SULLA QUALITA&#8217; DELL&#8217;ARIA. QUELLI PER IL SUOLO SONO ANCORA IN CORSO. ECCO COSA DICE IL COMUNICATO DIFFUSO QUESTO POMERIGGIO&#8221; &#8212; LecceCronaca.it\" src=\"https:\/\/www.leccecronaca.it\/index.php\/2026\/09\/03\/a-lequile-in-fiamme-lecocentro-la-prefettura-ha-reso-noto-una-sintesi-dei-rilievi-dellarpa-sulla-qualita-dellaria-quelli-per-il-suolo-sono-ancora-in-corso-ecco-cosa-ha-scritto\/embed\/#?secret=m0HOyeJM3m#?secret=ie1zBLKw6K\" data-secret=\"ie1zBLKw6K\" width=\"500\" height=\"282\" frameborder=\"0\" marginwidth=\"0\" marginheight=\"0\" scrolling=\"no\"><\/iframe>\n<\/div><\/figure>\n\n\n\n<p><\/p>\n<fb:like href='https:\/\/www.leccecronaca.it\/index.php\/2026\/09\/03\/ma-lincendio-allecocentro-di-lequile-e-divampato-di-nuovo-questo-pomeriggio-il-sindaco-vincenzo-carla-arrabbiato-e-deluso-parla-apertamente-di-un-emergenza-ambientale-che-il-salent\/' send='true' layout='button_count' show_faces='true' width='450' height='65' action='recommend' colorscheme='light' font='lucida grande'><\/fb:like><span class=\"fb_share\"><fb:like href=\"https:\/\/www.leccecronaca.it\/index.php\/2026\/09\/03\/ma-lincendio-allecocentro-di-lequile-e-divampato-di-nuovo-questo-pomeriggio-il-sindaco-vincenzo-carla-arrabbiato-e-deluso-parla-apertamente-di-un-emergenza-ambientale-che-il-salent\/\" layout=\"button_count\"><\/fb:like><\/span>","protected":false},"excerpt":{"rendered":"<p>(Rdl) _________________ Questo pomeriggio, intorno alle 13, una colonna di fumo nero e denso si \u00e8 levata ancora una volta dall&#8217; Ecocentro di Lequile. Ad avvisare il sindaco di Lequile Vincenzo Carl\u00e0 sono stati alcuni cittadini allarmati. Il primo cittadino si \u00e8 recato subito sul posto dopo aver avvisato i vigili del fuoco e la [&hellip;]<\/p>\n","protected":false},"author":4,"featured_media":263231,"comment_status":"open","ping_status":"closed","sticky":false,"template":"","format":"standard","meta":[],"categories":[69,76],"tags":[],"_links":{"self":[{"href":"https:\/\/www.leccecronaca.it\/index.php\/wp-json\/wp\/v2\/posts\/263230"}],"collection":[{"href":"https:\/\/www.leccecronaca.it\/index.php\/wp-json\/wp\/v2\/posts"}],"about":[{"href":"https:\/\/www.leccecronaca.it\/index.php\/wp-json\/wp\/v2\/types\/post"}],"author":[{"embeddable":true,"href":"https:\/\/www.leccecronaca.it\/index.php\/wp-json\/wp\/v2\/users\/4"}],"replies":[{"embeddable":true,"href":"https:\/\/www.leccecronaca.it\/index.php\/wp-json\/wp\/v2\/comments?post=263230"}],"version-history":[{"count":3,"href":"https:\/\/www.leccecronaca.it\/index.php\/wp-json\/wp\/v2\/posts\/263230\/revisions"}],"predecessor-version":[{"id":263235,"href":"https:\/\/www.leccecronaca.it\/index.php\/wp-json\/wp\/v2\/posts\/263230\/revisions\/263235"}],"wp:featuredmedia":[{"embeddable":true,"href":"https:\/\/www.leccecronaca.it\/index.php\/wp-json\/wp\/v2\/media\/263231"}],"wp:attachment":[{"href":"https:\/\/www.leccecronaca.it\/index.php\/wp-json\/wp\/v2\/media?parent=263230"}],"wp:term":[{"taxonomy":"category","embeddable":true,"href":"https:\/\/www.leccecronaca.it\/index.php\/wp-json\/wp\/v2\/categories?post=263230"},{"taxonomy":"post_tag","embeddable":true,"href":"https:\/\/www.leccecronaca.it\/index.php\/wp-json\/wp\/v2\/tags?post=263230"}],"curies":[{"name":"wp","href":"https:\/\/api.w.org\/{rel}","templated":true}]}}