{"id":263246,"date":"2026-09-04T11:21:34","date_gmt":"2026-09-04T09:21:34","guid":{"rendered":"https:\/\/www.leccecronaca.it\/?p=263246"},"modified":"2026-09-04T11:38:41","modified_gmt":"2026-09-04T09:38:41","slug":"la-tragica-morte-di-lorenza-isceri","status":"publish","type":"post","link":"https:\/\/www.leccecronaca.it\/index.php\/2026\/09\/04\/la-tragica-morte-di-lorenza-isceri\/","title":{"rendered":"LA TRAGICA MORTE DI LORENZA ISCERI"},"content":{"rendered":"\n<p><img decoding=\"async\" loading=\"lazy\" width=\"1179\" height=\"1878\" class=\"wp-image-263248\" style=\"width: 1500px;\" src=\"https:\/\/www.leccecronaca.it\/wordpress\/wp-content\/uploads\/2026\/09\/793436599_1556438912341997_8275261343798953709_n.jpg\" alt=\"\" srcset=\"https:\/\/www.leccecronaca.it\/wordpress\/wp-content\/uploads\/2026\/09\/793436599_1556438912341997_8275261343798953709_n.jpg 1179w, https:\/\/www.leccecronaca.it\/wordpress\/wp-content\/uploads\/2026\/09\/793436599_1556438912341997_8275261343798953709_n-188x300.jpg 188w, https:\/\/www.leccecronaca.it\/wordpress\/wp-content\/uploads\/2026\/09\/793436599_1556438912341997_8275261343798953709_n-643x1024.jpg 643w, https:\/\/www.leccecronaca.it\/wordpress\/wp-content\/uploads\/2026\/09\/793436599_1556438912341997_8275261343798953709_n-768x1223.jpg 768w, https:\/\/www.leccecronaca.it\/wordpress\/wp-content\/uploads\/2026\/09\/793436599_1556438912341997_8275261343798953709_n-964x1536.jpg 964w\" sizes=\"(max-width: 1179px) 100vw, 1179px\" \/><\/p>\n\n\n\n<p>(Rdl) _________________ Era di Squinzano, dove era rientrata qualche giorno a Ferragosto per le ferie, da Firenze, dove risiedeva, Lorenza Isceri, 45 anni, dirigente d&#8217;azienda, la donna uccisa ieri a Barberino del Mugello da Federico Vella, 36 anni, di Firenze, che non si rassegnava alla fine della loro relazione: l&#8217;ha rapita, rinchiusa nel vano della sua auto e poi l&#8217;ha scagliata nel vuoto dall&#8217;alto del viadotto autostradale Alteta, appositamente raggiunto, prima di buttarsi gi\u00f9 anch&#8217;egli.<\/p>\n\n\n\n<p>I due cadaveri sono stati ritrovati a vale a poca distanza l&#8217;uno dall&#8217;altro.<\/p>\n\n\n\n<p>Le indagini della Polizia di Stato, coordinate dal pm Antonio Natale della Procura della Repubblica di Firenze, fra le altre cose stabiliranno se la vittima fosse gi\u00e0 morta, o ancora in vita, quando \u00e8 stata lanciata gi\u00f9 dal cavalcavia.<\/p>\n\n\n\n<p>Aveva chiesto aiuto, riuscendo a telefonare dall&#8217;auto in cui era stata rinchiusa, ma senza che sia stato possibile salvarla.<\/p>\n\n\n\n<p><\/p>\n\n\n\n<p><\/p>\n\n\n\n<p><\/p>\n\n\n\n<p><\/p>\n\n\n\n<p><\/p>\n\n\n\n<p><\/p>\n\n\n\n<p><\/p>\n\n\n\n<p><\/p>\n\n\n\n<p><\/p>\n\n\n\n<p><\/p>\n\n\n\n<p><\/p>\n\n\n\n<p><\/p>\n\n\n\n<p><\/p>\n\n\n\n<p><\/p>\n\n\n\n<p><\/p>\n\n\n\n<p><\/p>\n\n\n\n<p><\/p>\n\n\n\n<p><\/p>\n\n\n\n<p><\/p>\n\n\n\n<p><\/p>\n\n\n\n<p><\/p>\n\n\n\n<p><\/p>\n\n\n\n<p><\/p>\n\n\n\n<p><\/p>\n\n\n\n<p><\/p>\n\n\n\n<p><\/p>\n\n\n\n<p><\/p>\n\n\n\n<p><\/p>\n\n\n\n<p><\/p>\n\n\n\n<p><\/p>\n\n\n\n<p><\/p>\n\n\n\n<p><\/p>\n\n\n\n<p><\/p>\n\n\n\n<p><\/p>\n\n\n\n<p><\/p>\n\n\n\n<p><\/p>\n\n\n\n<p><\/p>\n\n\n\n<p><\/p>\n\n\n\n<p><\/p>\n\n\n\n<p><\/p>\n\n\n\n<p><\/p>\n\n\n\n<p><\/p>\n\n\n\n<p><\/p>\n\n\n\n<p><\/p>\n<fb:like href='https:\/\/www.leccecronaca.it\/index.php\/2026\/09\/04\/la-tragica-morte-di-lorenza-isceri\/' send='true' layout='button_count' show_faces='true' width='450' height='65' action='recommend' colorscheme='light' font='lucida grande'><\/fb:like><span class=\"fb_share\"><fb:like href=\"https:\/\/www.leccecronaca.it\/index.php\/2026\/09\/04\/la-tragica-morte-di-lorenza-isceri\/\" layout=\"button_count\"><\/fb:like><\/span>","protected":false},"excerpt":{"rendered":"<p>(Rdl) _________________ Era di Squinzano, dove era rientrata qualche giorno a Ferragosto per le ferie, da Firenze, dove risiedeva, Lorenza Isceri, 45 anni, dirigente d&#8217;azienda, la donna uccisa ieri a Barberino del Mugello da Federico Vella, 36 anni, di Firenze, che non si rassegnava alla fine della loro relazione: l&#8217;ha rapita, rinchiusa nel vano della [&hellip;]<\/p>\n","protected":false},"author":4,"featured_media":263248,"comment_status":"open","ping_status":"closed","sticky":false,"template":"","format":"standard","meta":[],"categories":[69],"tags":[],"_links":{"self":[{"href":"https:\/\/www.leccecronaca.it\/index.php\/wp-json\/wp\/v2\/posts\/263246"}],"collection":[{"href":"https:\/\/www.leccecronaca.it\/index.php\/wp-json\/wp\/v2\/posts"}],"about":[{"href":"https:\/\/www.leccecronaca.it\/index.php\/wp-json\/wp\/v2\/types\/post"}],"author":[{"embeddable":true,"href":"https:\/\/www.leccecronaca.it\/index.php\/wp-json\/wp\/v2\/users\/4"}],"replies":[{"embeddable":true,"href":"https:\/\/www.leccecronaca.it\/index.php\/wp-json\/wp\/v2\/comments?post=263246"}],"version-history":[{"count":6,"href":"https:\/\/www.leccecronaca.it\/index.php\/wp-json\/wp\/v2\/posts\/263246\/revisions"}],"predecessor-version":[{"id":263253,"href":"https:\/\/www.leccecronaca.it\/index.php\/wp-json\/wp\/v2\/posts\/263246\/revisions\/263253"}],"wp:featuredmedia":[{"embeddable":true,"href":"https:\/\/www.leccecronaca.it\/index.php\/wp-json\/wp\/v2\/media\/263248"}],"wp:attachment":[{"href":"https:\/\/www.leccecronaca.it\/index.php\/wp-json\/wp\/v2\/media?parent=263246"}],"wp:term":[{"taxonomy":"category","embeddable":true,"href":"https:\/\/www.leccecronaca.it\/index.php\/wp-json\/wp\/v2\/categories?post=263246"},{"taxonomy":"post_tag","embeddable":true,"href":"https:\/\/www.leccecronaca.it\/index.php\/wp-json\/wp\/v2\/tags?post=263246"}],"curies":[{"name":"wp","href":"https:\/\/api.w.org\/{rel}","templated":true}]}}