{"id":263271,"date":"2026-09-05T10:13:59","date_gmt":"2026-09-05T08:13:59","guid":{"rendered":"https:\/\/www.leccecronaca.it\/?p=263271"},"modified":"2026-09-05T10:13:59","modified_gmt":"2026-09-05T08:13:59","slug":"dalla-puglia-al-tetto-del-mondo-il-leccese-stefano-gallo-vola-ad-atene-per-i-mondiali-di-pesistica-olimpica","status":"publish","type":"post","link":"https:\/\/www.leccecronaca.it\/index.php\/2026\/09\/05\/dalla-puglia-al-tetto-del-mondo-il-leccese-stefano-gallo-vola-ad-atene-per-i-mondiali-di-pesistica-olimpica\/","title":{"rendered":"DALLA PUGLIA AL TETTO DEL MONDO: IL LECCESE STEFANO GALLO VOLA AD ATENE PER I MONDIALI DI PESISTICA OLIMPICA"},"content":{"rendered":"\n<p><img decoding=\"async\" loading=\"lazy\" width=\"787\" height=\"1050\" class=\"wp-image-263274\" style=\"width: 900px;\" src=\"https:\/\/www.leccecronaca.it\/wordpress\/wp-content\/uploads\/2026\/09\/PESI.jpg\" alt=\"\" srcset=\"https:\/\/www.leccecronaca.it\/wordpress\/wp-content\/uploads\/2026\/09\/PESI.jpg 787w, https:\/\/www.leccecronaca.it\/wordpress\/wp-content\/uploads\/2026\/09\/PESI-225x300.jpg 225w, https:\/\/www.leccecronaca.it\/wordpress\/wp-content\/uploads\/2026\/09\/PESI-768x1025.jpg 768w\" sizes=\"(max-width: 787px) 100vw, 787px\" \/>mv_______<strong>LECCE<\/strong>\u00a0\u2013 Il sollevamento pesi pugliese, e in particolare quello salentino, conquista un traguardo internazionale di assoluto prestigio. Stefano Gallo, atleta leccese classe 1989 e tesserato FIPE, ha ufficialmente strappato il pass per i prossimi Campionati Mondiali di Pesistica Olimpica, che si disputeranno ad Atene dal 20 al 26 settembre.<\/p>\n\n\n\n<p><strong>Un palmar\u00e8s in continua ascesa<\/strong>\u00a0La qualificazione iridata rappresenta il naturale coronamento di un percorso agonistico di altissimo livello, costruito con anni di sacrificio, dedizione e sudore in palestra. Dal 2021 al 2026, Gallo ha letteralmente dominato la scena territoriale, collezionando ben 23 primi posti regionali e misurandosi con successo nelle categorie 79, 81 e 88 kg. La definitiva consacrazione a livello italiano \u00e8 arrivata durante la stagione 2025\/2026, quando il pesista salentino ha conquistato l&#8217;ambito titolo di Campione Nazionale Master 35 nella categoria 81 kg, agguantando inoltre un prestigioso secondo posto nella classifica generale tricolore.Il palcoscenico internazionale non \u00e8 una novit\u00e0 per l&#8217;atleta leccese. <br>Sempre nella stagione in corso, Gallo ha gi\u00e0 avuto l&#8217;onore di difendere i colori della Nazionale Azzurra ai Campionati Europei di Durazzo, in Albania, chiudendo la competizione con un eccellente sesto posto finale. Ora, per\u00f2, lo attende la sfida pi\u00f9 ardua e affascinante: la pedana mondiale in Grecia, dove incrocer\u00e0 i bilancieri con i massimi interpreti globali della sua categoria.<br><strong>Le emozioni e i ringraziamenti del campione<\/strong>\u00a0La consapevolezza del traguardo raggiunto si unisce alla determinazione nelle parole dell&#8217;atleta. &#8220;\u00c8 un traguardo eccezionale per me,&#8221; ha dichiarato Stefano Gallo con evidente entusiasmo. &#8220;Ad Atene ci saranno i pi\u00f9 forti pesisti al mondo della mia categoria e non vedo l&#8217;ora di salire in pedana.&#8221;<br>Un successo individuale che, come sottolinea lo stesso Gallo, poggia su una solida rete di supporto tecnico, locale e affettivo. &#8220;Il mio ringraziamento va in primis alle mie figlie Alessandra e Giulia e alla mia famiglia. Un riconoscimento particolare va a tutto il gruppo di Alma Sport di Lecce per il costante supporto e la fiducia, a Giovanni Chirico di Revolution Concept, a Mauro Liaci del gruppo EVO&#8217; di San Cesario, a Federica Montefusco di PerformEat Nutrizione e a Clementina di Accademia Veneziano. <strong>Grazie di cuore a Paride Mazzotta, ad Andrea Guido, a Claudio, Luigi, Carlo, Roberto, Grazia, Gianluca, Sara <\/strong>e a tutti gli amici che mi sostengono da sempre.&#8221;<br>L&#8217;appuntamento per tutti gli appassionati \u00e8 fissato: dal 20 settembre la capitale greca diventer\u00e0 il palcoscenico su cui Stefano Gallo cercher\u00e0 di sollevare, oltre al bilanciere, anche il nome del Salento e dell&#8217;intera pesistica italiana. <br>Tutta Lecce \u00e8 pronta a fare il tifo per lui.<\/p>\n<fb:like href='https:\/\/www.leccecronaca.it\/index.php\/2026\/09\/05\/dalla-puglia-al-tetto-del-mondo-il-leccese-stefano-gallo-vola-ad-atene-per-i-mondiali-di-pesistica-olimpica\/' send='true' layout='button_count' show_faces='true' width='450' height='65' action='recommend' colorscheme='light' font='lucida grande'><\/fb:like><span class=\"fb_share\"><fb:like href=\"https:\/\/www.leccecronaca.it\/index.php\/2026\/09\/05\/dalla-puglia-al-tetto-del-mondo-il-leccese-stefano-gallo-vola-ad-atene-per-i-mondiali-di-pesistica-olimpica\/\" layout=\"button_count\"><\/fb:like><\/span>","protected":false},"excerpt":{"rendered":"<p>mv_______LECCE\u00a0\u2013 Il sollevamento pesi pugliese, e in particolare quello salentino, conquista un traguardo internazionale di assoluto prestigio. Stefano Gallo, atleta leccese classe 1989 e tesserato FIPE, ha ufficialmente strappato il pass per i prossimi Campionati Mondiali di Pesistica Olimpica, che si disputeranno ad Atene dal 20 al 26 settembre. Un palmar\u00e8s in continua ascesa\u00a0La qualificazione [&hellip;]<\/p>\n","protected":false},"author":1,"featured_media":0,"comment_status":"open","ping_status":"closed","sticky":false,"template":"","format":"standard","meta":[],"categories":[1],"tags":[],"_links":{"self":[{"href":"https:\/\/www.leccecronaca.it\/index.php\/wp-json\/wp\/v2\/posts\/263271"}],"collection":[{"href":"https:\/\/www.leccecronaca.it\/index.php\/wp-json\/wp\/v2\/posts"}],"about":[{"href":"https:\/\/www.leccecronaca.it\/index.php\/wp-json\/wp\/v2\/types\/post"}],"author":[{"embeddable":true,"href":"https:\/\/www.leccecronaca.it\/index.php\/wp-json\/wp\/v2\/users\/1"}],"replies":[{"embeddable":true,"href":"https:\/\/www.leccecronaca.it\/index.php\/wp-json\/wp\/v2\/comments?post=263271"}],"version-history":[{"count":1,"href":"https:\/\/www.leccecronaca.it\/index.php\/wp-json\/wp\/v2\/posts\/263271\/revisions"}],"predecessor-version":[{"id":263275,"href":"https:\/\/www.leccecronaca.it\/index.php\/wp-json\/wp\/v2\/posts\/263271\/revisions\/263275"}],"wp:attachment":[{"href":"https:\/\/www.leccecronaca.it\/index.php\/wp-json\/wp\/v2\/media?parent=263271"}],"wp:term":[{"taxonomy":"category","embeddable":true,"href":"https:\/\/www.leccecronaca.it\/index.php\/wp-json\/wp\/v2\/categories?post=263271"},{"taxonomy":"post_tag","embeddable":true,"href":"https:\/\/www.leccecronaca.it\/index.php\/wp-json\/wp\/v2\/tags?post=263271"}],"curies":[{"name":"wp","href":"https:\/\/api.w.org\/{rel}","templated":true}]}}