{"id":263279,"date":"2026-09-05T11:52:29","date_gmt":"2026-09-05T09:52:29","guid":{"rendered":"https:\/\/www.leccecronaca.it\/?p=263279"},"modified":"2026-09-05T11:58:17","modified_gmt":"2026-09-05T09:58:17","slug":"la-documentazione-ci-sono-stati-giorni-in-cui-mi-e-sembrato-di-nuotare-dentro-la-colla-ma-non-ho-mollato-mai-il-discorso-della-autocelebrazione-di-giorgia-meloni-e-ginevra-la-chiama-live","status":"publish","type":"post","link":"https:\/\/www.leccecronaca.it\/index.php\/2026\/09\/05\/la-documentazione-ci-sono-stati-giorni-in-cui-mi-e-sembrato-di-nuotare-dentro-la-colla-ma-non-ho-mollato-mai-il-discorso-della-autocelebrazione-di-giorgia-meloni-e-ginevra-la-chiama-live\/","title":{"rendered":"L&#8217;APPROFONDIMENTO \/ &#8220;Ci sono stati giorni in cui mi \u00e8 sembrato di nuotare dentro la colla, ma non ho mollato mai&#8221;. IL DISCORSO DELLA AUTOCELEBRAZIONE DI GIORGIA MELONI. E GINEVRA, RIMASTA A ROMA, LA CHIAMA SUL TELEFONINO IN DIRETTA"},"content":{"rendered":"\n<p><img decoding=\"async\" loading=\"lazy\" width=\"950\" height=\"500\" class=\"wp-image-263280\" style=\"width: 1500px;\" src=\"https:\/\/www.leccecronaca.it\/wordpress\/wp-content\/uploads\/2026\/09\/AAMELLO.png\" alt=\"\" srcset=\"https:\/\/www.leccecronaca.it\/wordpress\/wp-content\/uploads\/2026\/09\/AAMELLO.png 950w, https:\/\/www.leccecronaca.it\/wordpress\/wp-content\/uploads\/2026\/09\/AAMELLO-300x158.png 300w, https:\/\/www.leccecronaca.it\/wordpress\/wp-content\/uploads\/2026\/09\/AAMELLO-768x404.png 768w\" sizes=\"(max-width: 950px) 100vw, 950px\" \/><\/p>\n\n\n\n<p>(g.p.) __________________ <\/p>\n\n\n\n<p>&#8220;<em>Ci sono stati giorni in cui mi \u00e8 sembrato di nuotare dentro la colla, ma non ho mollato mai e non  intendo farlo adesso<\/em>&#8230;&#8221;<\/p>\n\n\n\n<p>Ieri sera a Bari Fratelli d&#8217;Italia, con la partecipazione degli altri partiti che lo compongono, ha  organizzato una manifestazione per celebrare il record di durata del governo. Qui di seguito il resoconto testuale dei passaggi pi\u00f9 significativi del discorso tenuto dal presidente del Consiglio Giorgia Meloni.<\/p>\n\n\n\n<p>Da annotare in cronaca che ad un certo punto, la premier ha interrotto il lungo comizio per rispondere al cellulare. &#8220;Scusate, era mia figlia. Ha chiamato tre volte&#8221;, ha spiegato, dopo aver risposto al telefono e aver bisbigliato poche parole per dire &#8220;Ti richiamo poi io&#8221;_________________<\/p>\n\n\n\n<p><\/p>\n\n\n\n<p>La stabilit\u00e0 \u00e8 la nostra prima riforma. Con la nuova legge elettorale stop ai ribaltoni e alle manovre di palazzo. Il governo pi\u00f9 stabile non \u00e8 per forza anche il pi\u00f9 capace. Il governo pi\u00f9 stabile \u00e8 semplicemente quello che ha avuto pi\u00f9 tempo degli altri per essere giudicato, e quel giudizio siete voi con questa presenza e questo entusiasmo. Siete voi insieme ai milioni di italiani ancora al nostro fianco. Di questo dobbiamo andare fieri, non di governare da 1.413 giorni, ma di avere ancora un consenso pi\u00f9 alto di quello che avevamo il primo giorno&#8230;<\/p>\n\n\n\n<p>Noi non stiamo insieme per battere l&#8217;avversario&#8230; Noi stiamo insieme per costruire idee. Chi si allea per costruire idee dopo 1.413 giorni ha ancora una lista di cose da fare, ecco la differenza&#8230; La stabilit\u00e0 \u00e8 la prima grande riforma regalata alla nazione. L&#8217;Italia ha smesso di essere il caso sorvegliato in Europa. Eravamo quelli che cambiavano governo di continuo, ai tavoli internazionali gli interlocutori internazionali dicevano: &#8216;Ora questo quanto dura?&#8217;. Chi viene trattato cos\u00ec non pu\u00f2 trattare, non pu\u00f2 far valere il proprio interesse&#8230;Con la stabilit\u00e0 si pu\u00f2 dettare le scelte invece di subirle, puoi indicare la rotta&#8230;<\/p>\n\n\n\n<p>So benissimo che su alcune materie la discontinuit\u00e0 che gli Italiani chiedevano ancora non si vede come dovrebbe e su altre le risposte non arrivano velocemente, o forse non bastano. Non pensate mai che a noi manchi la volont\u00e0 politica o il coraggio&#8230;.Per carit\u00e0, sbagliamo come tutti, ma quello che stiamo cercando di fare non \u00e8 facile: scardinare incrostazioni di potere vecchie di decenni, convincere una Nazione rassegnata che vale la pena tornare a crederci&#8230;.<\/p>\n\n\n\n<p>Proponiamo che alle prossime elezioni e alle successive gli italiani possano scegliere la coalizione, il programma e il candidato da proporre al capo dello Stato&#8230; Significa niente ribaltoni, manovre di palazzo come vorrebbe fare il Pd anche questa volta, e avere cinque anni per governare&#8230;<\/p>\n\n\n\n<p>C&#8217;\u00e8 da dire che non siamo stati esattamente fortunati in questi 4 anni&#8230;Per\u00f2 lo dico solo per ricordare a ognuno di noi che una nazione senza una guida avrebbe pagato un prezzo altissimo, i cittadini lo avrebbero pagato. La stabilit\u00e0 non \u00e8 stata un vezzo, ma uno scudo: grazie a questa stabilit\u00e0 abbiamo protetto questa nazione&#8230;Alla nostra classe dirigente dico che dobbiamo fare pi\u00f9 e meglio, ma a chi intende ostacolarci dico: mettetevi comodi, non avete capito con chi avete a che fare&#8230;<\/p>\n\n\n\n<p>Vogliamo essere il governo di chi lavora e di chi si impegna&#8230; Il Pnrr, il piano casa, i dati sull&#8217;occupazione ai salari, i conti in ordine&#8230;.<\/p>\n\n\n\n<p>Siamo veri patrioti, distanti anni luce da chi ha devastato conti stato con misure tipo Superbonus. Non abbiamo protetto le nostre imprese dai dazi americani per lasciarli in balia della burocrazia italiana. Lo abbiamo dimostrato al Sud con la Zes: oggi un imprenditore non aspetta anni e implora un timbro, ma ha un solo sportello. Vogliamo applicare un meccanismo come questo su tutto il territorio nazionale&#8230;<\/p>\n\n\n\n<p>Dopo il taglio delle accise sui carburanti, &#8220;altri provvedimenti sono in arrivo, ma questa volta saranno mirati: non possiamo permetterci di spendere soldi per darli a chi non ne ha bisogno o viene a fare benzina dalla Francia.<\/p>\n\n\n\n<p>&#8230;L&#8217;ex Ilva \u00e8 la questione pi\u00f9 complessa&#8230; C&#8217;\u00e8 chi vorrebbe la sua chiusura e chi vorrebbe valorizzare il suo valore. Abbiamo fatto sforzi per garantire la prosecuzione delle attivit\u00e0 anche con molte risorse che sono state investite. Continueremo a farlo con realt\u00e0 locali, sindacati, associazioni datoriali; il nostro obiettivo \u00e8 tutelare la salute pubblica ma anche preservare un patrimonio industriale importante per Puglia e nazione intera&#8230;<\/p>\n\n\n\n<p>Abbiamo lavorato sulla sanit\u00e0, nonostante le tante bugie che raccontano. Le liste d&#8217;attesa sono iniziate con il governo Meloni? No, esistevano 5-6 anni fa ma nessuno se ne era occupato, la sinistra le ha lasciate a noi. E noi ci siamo chiesti come si potesse fare meglio&#8230; Non\u00a0esisteva in Italia uno strumento che dicesse quante persone stessero aspettando, e dove. Siamo partiti dal monitoraggio, territorio per territorio, prestazione per prestazione. Tutti quelli che ci fanno la morale, a questo non avevano pensato. Su 10 prestazioni, 8 sono erogate nei tempi previsti e 2 no: sono troppe, ma almeno ora sappiamo dove intervenire&#8230;<\/p>\n\n\n\n<p><\/p>\n\n\n\n<p>Abbiamo protetto il Sud. Per troppo tempo queste regioni sono state trattate come problema da risolvere o serbatoio di voti da tenere buoni con il clientelismo. Abbiamo scommesso che il Sud potesse diventare locomotiva d&#8217;Italia, sbaragliando ogni pronostico i numeri dicono che era la scelta giusta&#8221;. E ancora:\u00a0&#8220;Il traguardo \u00e8 fare del Sud un posto dove si arriva, non da dove si parte. Crediamo nel Sud attrattivo e vincente, come quello che a Napoli ospiter\u00e0 l&#8217;America&#8217;s Cup e come quello che a Taranto ha ospitato i Giochi del Mediterraneo, dando un&#8217;immagine meravigliosa di organizzazione e accoglienza&#8230;\u00a0<\/p>\n\n\n\n<p>Dicevano che le nostre proposte sulla gestione dei migranti erano impresentabili, fuori dalla civilt\u00e0 giuridica europea. Annuncio che oggi quelle posizioni sono legge europea, sono la civilt\u00e0 giuridica europea&#8230;<\/p>\n\n\n\n<p>Stiamo costruendo nuove carceri perch\u00e9 vogliamo garantire certezza della pena, e non risolveremo mai il sovraffollamento con indulti e amnistie&#8230;<\/p>\n\n\n\n<p>Abbiamo protetto le donne. L&#8217;omicidio di Lorena ci stringe il cuore, e ci ricorda che il femminicidio esiste, eccome, e combatterlo non significa dire che la vita di un uomo vale meno, ma riconoscere che nel femminicidio c&#8217;\u00e8 un&#8217;aggravante: si uccide una donna perch\u00e9 ha osato essere libera e questo nella societ\u00e0 europea e cristiana non \u00e8 previsto&#8230;<\/p>\n\n\n\n<p>In Italia c&#8217;\u00e8 una legge sola ed \u00e8 la legge italiana, non esiste un pezzo di questa nazione dove valgono altre regole, non esiste una periferia, un quartiere, un pezzo di strada in cui una ragazza deve chiedere permesso per studiare, per vestirsi come vuole, amare chi vuole, la libert\u00e0 delle donne in Italia non \u00e8 negoziabile, non esistono luoghi di culto che si sottraggono ai doveri di trasparenza che valgono per tutti gli altri e non esiste un grammo di tolleranza per propaganda fondamentalista e per chi organizza cellule jihadiste sul nostro territorio&#8230;<\/p>\n\n\n\n<p>Sulla sicurezza so che da noi ci si aspetta di pi\u00f9, ma ripeto che tutta la catena deve funzionare. Se facciamo le leggi, le forze dell&#8217;ordine lavorano e poi dopo 48 ore un giudice rimette in libert\u00e0 un uomo accusato di aver violentato una bambina di 13 anni, la catena si spezza e il lavoro diventa inutile&#8230;..<\/p>\n\n\n\n<p>E&#8217; falso dire che per difendere l&#8217;Italia dobbiamo rinunciare  ad altri servizi&#8230;Nessun politico serio, con le minacce come quelle che si stanno moltiplicando, pu\u00f2 sostenere che rafforzare la sicurezza della nazione non \u00e8 necesario. So che ha un costo, ma io pretendo di essere un politico serio: non possiamo permetterci di lasciare la nostra nazione esposta. La sicurezza \u00e8 la precondizione perch\u00e9 la libert\u00e0 esista&#8230;<\/p>\n\n\n\n<p><\/p>\n\n\n\n<p>La sinistra sta avendo difficolt\u00e0 a mettersi d&#8217;accordo, inventa ogni giorno una nuova emergenza, Costituzione in pericolo, repressione dissenso, calpestano la libera informazione, i pieni poteri, la deriva illiberale, Elon Musk, il Mossad. Ci siamo abituati. Per\u00f2, di grazia, quando avete finito con questo complottismo, potreste dire agli italiani cosa avete in mente per il loro futuro, perch\u00e9 mandare a casa Meloni non mi sembra un programma particolarmente articolato e si potrebbe dire, si stanno ancora organizzando per le primarie perch\u00e8 non sono d&#8217;accordo nemmeno sulle primarie e se chiedete chi \u00e8 il premier nemmeno lo sanno. Poi arriva Roberto Speranza e dice &#8216;Scegliamo un anziano partigiano&#8217; e non \u00e8 una novit\u00e0, la sinistra usa l&#8217;antifascismo come arma di distrazione di massa da 80 anni&#8230;<\/p>\n\n\n\n<p>Io continuo a credere che le pagine pi\u00f9 belle di questa storia ancora debbano essere scritte. Il nostro traguardo non \u00e8 mai stato diventare il governo pi\u00f9 longevo della storia, ma un&#8217;Italia in cui chi ha un&#8217;idea possa realizzarla, chi lavora possa mettere su casa, in cui nessuno \u00e8 costretto ad andarsene e in cui chiunque si senta fiero di essere italiano, in cui chi \u00e8 partito possa trovare mille ragioni per tornare. Il nostro traguardo \u00e8 un&#8217;Italia che non chiede pi\u00f9 il permesso a nessuno. Lo so che \u00e8 pi\u00f9 di quello che abbiamo fatto finora, che quattro anni non bastano, ma non intendo arrendermi o accontentarmi, perch\u00e9 questa nazione lo merita e finch\u00e9 avr\u00f2 l&#8217;onore e la possibilit\u00e0 di farlo continuer\u00f2 a combattere e a rilanciare. Anche quando sar\u00e0 difficile. Quando tra qualche decennio qualcuno racconter\u00e0 questi anni voglio che si dica che c&#8217;\u00e8 stato un momento in cui questa nazione ha smesso di rassegnarsi, voglio che si dica che \u00e8 successo perch\u00e9 una generazione di italiani, non la pi\u00f9 ricca, pi\u00f9 protetta o titolata, ha deciso di spingersi oltre quello che gli altri consideravano possibile, rischiando quello che c&#8217;era da rischiare. Quella generazione siete voi ed \u00e8 un onore per me servire al vostro fianco.<\/p>\n\n\n\n<p><a href=\"https:\/\/tg24.sky.it\/cronaca\/video\/2026\/09\/04\/sky-tg24-timeline-i-4-anni-del-governo-meloni-e-le-conseguenze-della-siccita-sullagricoltura-1121991\"><\/a><\/p>\n<fb:like href='https:\/\/www.leccecronaca.it\/index.php\/2026\/09\/05\/la-documentazione-ci-sono-stati-giorni-in-cui-mi-e-sembrato-di-nuotare-dentro-la-colla-ma-non-ho-mollato-mai-il-discorso-della-autocelebrazione-di-giorgia-meloni-e-ginevra-la-chiama-live\/' send='true' layout='button_count' show_faces='true' width='450' height='65' action='recommend' colorscheme='light' font='lucida grande'><\/fb:like><span class=\"fb_share\"><fb:like href=\"https:\/\/www.leccecronaca.it\/index.php\/2026\/09\/05\/la-documentazione-ci-sono-stati-giorni-in-cui-mi-e-sembrato-di-nuotare-dentro-la-colla-ma-non-ho-mollato-mai-il-discorso-della-autocelebrazione-di-giorgia-meloni-e-ginevra-la-chiama-live\/\" layout=\"button_count\"><\/fb:like><\/span>","protected":false},"excerpt":{"rendered":"<p>(g.p.) __________________ &#8220;Ci sono stati giorni in cui mi \u00e8 sembrato di nuotare dentro la colla, ma non ho mollato mai e non intendo farlo adesso&#8230;&#8221; Ieri sera a Bari Fratelli d&#8217;Italia, con la partecipazione degli altri partiti che lo compongono, ha organizzato una manifestazione per celebrare il record di durata del governo. Qui di [&hellip;]<\/p>\n","protected":false},"author":4,"featured_media":263280,"comment_status":"open","ping_status":"closed","sticky":false,"template":"","format":"standard","meta":[],"categories":[69,75,76],"tags":[],"_links":{"self":[{"href":"https:\/\/www.leccecronaca.it\/index.php\/wp-json\/wp\/v2\/posts\/263279"}],"collection":[{"href":"https:\/\/www.leccecronaca.it\/index.php\/wp-json\/wp\/v2\/posts"}],"about":[{"href":"https:\/\/www.leccecronaca.it\/index.php\/wp-json\/wp\/v2\/types\/post"}],"author":[{"embeddable":true,"href":"https:\/\/www.leccecronaca.it\/index.php\/wp-json\/wp\/v2\/users\/4"}],"replies":[{"embeddable":true,"href":"https:\/\/www.leccecronaca.it\/index.php\/wp-json\/wp\/v2\/comments?post=263279"}],"version-history":[{"count":7,"href":"https:\/\/www.leccecronaca.it\/index.php\/wp-json\/wp\/v2\/posts\/263279\/revisions"}],"predecessor-version":[{"id":263287,"href":"https:\/\/www.leccecronaca.it\/index.php\/wp-json\/wp\/v2\/posts\/263279\/revisions\/263287"}],"wp:featuredmedia":[{"embeddable":true,"href":"https:\/\/www.leccecronaca.it\/index.php\/wp-json\/wp\/v2\/media\/263280"}],"wp:attachment":[{"href":"https:\/\/www.leccecronaca.it\/index.php\/wp-json\/wp\/v2\/media?parent=263279"}],"wp:term":[{"taxonomy":"category","embeddable":true,"href":"https:\/\/www.leccecronaca.it\/index.php\/wp-json\/wp\/v2\/categories?post=263279"},{"taxonomy":"post_tag","embeddable":true,"href":"https:\/\/www.leccecronaca.it\/index.php\/wp-json\/wp\/v2\/tags?post=263279"}],"curies":[{"name":"wp","href":"https:\/\/api.w.org\/{rel}","templated":true}]}}