{"id":263290,"date":"2026-09-05T14:44:40","date_gmt":"2026-09-05T12:44:40","guid":{"rendered":"https:\/\/www.leccecronaca.it\/?p=263290"},"modified":"2026-09-05T14:44:44","modified_gmt":"2026-09-05T12:44:44","slug":"altro-incidente-stradale-mortale","status":"publish","type":"post","link":"https:\/\/www.leccecronaca.it\/index.php\/2026\/09\/05\/altro-incidente-stradale-mortale\/","title":{"rendered":"ALTRO INCIDENTE STRADALE MORTALE"},"content":{"rendered":"\n<p><img decoding=\"async\" loading=\"lazy\" width=\"768\" height=\"729\" class=\"wp-image-263301\" style=\"width: 1200px;\" src=\"https:\/\/www.leccecronaca.it\/wordpress\/wp-content\/uploads\/2026\/09\/diegometran.jpg\" alt=\"\" srcset=\"https:\/\/www.leccecronaca.it\/wordpress\/wp-content\/uploads\/2026\/09\/diegometran.jpg 768w, https:\/\/www.leccecronaca.it\/wordpress\/wp-content\/uploads\/2026\/09\/diegometran-300x285.jpg 300w\" sizes=\"(max-width: 768px) 100vw, 768px\" \/><\/p>\n\n\n\n<p><strong>(Rdl) _______________<\/strong>\u00a0Ieri sera c\u2019\u00e8 stato un altro incidente mortale sulle strade salentine, nei pressi di Veglie. La vittima \u00e8 Diego Metrangolo, 47 anni, di Carmiano.<\/p>\n\n\n\n<p>Per cause ancora da accertare, la moto che guidava si \u00e8 scontrata con una Peugeot 3008. L\u2019impatto \u00e8 stato violento e per lui fatale. A causa della gravit\u00e0 delle lesioni riportate, \u00e8 porto sul colpo.<\/p>\n\n\n\n<p>Indagini dei Carabinieri in corso per ricostruire l&#8217;esatta dinamica di quanto accaduto e stabilirne le eventuali responsabilit\u00e0.<\/p>\n\n\n\n<p>In queste ore in molti sui social stanno ricordando lo sfortunato giovane:<em> &#8220;Mancherai tanto<\/em>. <em>Mancher\u00e0 il tuo cuore nobile<\/em>&#8220;.<\/p>\n\n\n\n<p><\/p>\n\n\n\n<p><\/p>\n<fb:like href='https:\/\/www.leccecronaca.it\/index.php\/2026\/09\/05\/altro-incidente-stradale-mortale\/' send='true' layout='button_count' show_faces='true' width='450' height='65' action='recommend' colorscheme='light' font='lucida grande'><\/fb:like><span class=\"fb_share\"><fb:like href=\"https:\/\/www.leccecronaca.it\/index.php\/2026\/09\/05\/altro-incidente-stradale-mortale\/\" layout=\"button_count\"><\/fb:like><\/span>","protected":false},"excerpt":{"rendered":"<p>(Rdl) _______________\u00a0Ieri sera c\u2019\u00e8 stato un altro incidente mortale sulle strade salentine, nei pressi di Veglie. La vittima \u00e8 Diego Metrangolo, 47 anni, di Carmiano. Per cause ancora da accertare, la moto che guidava si \u00e8 scontrata con una Peugeot 3008. L\u2019impatto \u00e8 stato violento e per lui fatale. A causa della gravit\u00e0 delle lesioni [&hellip;]<\/p>\n","protected":false},"author":4,"featured_media":263301,"comment_status":"open","ping_status":"closed","sticky":false,"template":"","format":"standard","meta":[],"categories":[69],"tags":[],"_links":{"self":[{"href":"https:\/\/www.leccecronaca.it\/index.php\/wp-json\/wp\/v2\/posts\/263290"}],"collection":[{"href":"https:\/\/www.leccecronaca.it\/index.php\/wp-json\/wp\/v2\/posts"}],"about":[{"href":"https:\/\/www.leccecronaca.it\/index.php\/wp-json\/wp\/v2\/types\/post"}],"author":[{"embeddable":true,"href":"https:\/\/www.leccecronaca.it\/index.php\/wp-json\/wp\/v2\/users\/4"}],"replies":[{"embeddable":true,"href":"https:\/\/www.leccecronaca.it\/index.php\/wp-json\/wp\/v2\/comments?post=263290"}],"version-history":[{"count":4,"href":"https:\/\/www.leccecronaca.it\/index.php\/wp-json\/wp\/v2\/posts\/263290\/revisions"}],"predecessor-version":[{"id":263302,"href":"https:\/\/www.leccecronaca.it\/index.php\/wp-json\/wp\/v2\/posts\/263290\/revisions\/263302"}],"wp:featuredmedia":[{"embeddable":true,"href":"https:\/\/www.leccecronaca.it\/index.php\/wp-json\/wp\/v2\/media\/263301"}],"wp:attachment":[{"href":"https:\/\/www.leccecronaca.it\/index.php\/wp-json\/wp\/v2\/media?parent=263290"}],"wp:term":[{"taxonomy":"category","embeddable":true,"href":"https:\/\/www.leccecronaca.it\/index.php\/wp-json\/wp\/v2\/categories?post=263290"},{"taxonomy":"post_tag","embeddable":true,"href":"https:\/\/www.leccecronaca.it\/index.php\/wp-json\/wp\/v2\/tags?post=263290"}],"curies":[{"name":"wp","href":"https:\/\/api.w.org\/{rel}","templated":true}]}}