{"id":263296,"date":"2026-09-05T14:14:28","date_gmt":"2026-09-05T12:14:28","guid":{"rendered":"https:\/\/www.leccecronaca.it\/?p=263296"},"modified":"2026-09-05T14:14:31","modified_gmt":"2026-09-05T12:14:31","slug":"sugli-incendi-nel-salento-in-particolare-quello-allecocentro-di-lequile-il-preoccupato-intervento-di-antonio-leo-servono-risposte-chiare-documentate-comprensibili-a-tutti-e-basta-verita-racc","status":"publish","type":"post","link":"https:\/\/www.leccecronaca.it\/index.php\/2026\/09\/05\/sugli-incendi-nel-salento-in-particolare-quello-allecocentro-di-lequile-il-preoccupato-intervento-di-antonio-leo-servono-risposte-chiare-documentate-comprensibili-a-tutti-e-basta-verita-racc\/","title":{"rendered":"SUGLI INCENDI NEL SALENTO, IN PARTICOLARE QUELLO ALL&#8217;ECOCENTRO DI LEQUILE, IL PREOCCUPATO INTERVENTO DI ANTONIO LEO: &#8220;Servono risposte chiare, documentate, comprensibili a tutti. E basta verit\u00e0 raccontate a met\u00e0&#8221;"},"content":{"rendered":"\n<p><img decoding=\"async\" loading=\"lazy\" width=\"752\" height=\"1183\" class=\"wp-image-263297\" style=\"width: 1500px;\" src=\"https:\/\/www.leccecronaca.it\/wordpress\/wp-content\/uploads\/2026\/09\/al.jpg\" alt=\"\" srcset=\"https:\/\/www.leccecronaca.it\/wordpress\/wp-content\/uploads\/2026\/09\/al.jpg 752w, https:\/\/www.leccecronaca.it\/wordpress\/wp-content\/uploads\/2026\/09\/al-191x300.jpg 191w, https:\/\/www.leccecronaca.it\/wordpress\/wp-content\/uploads\/2026\/09\/al-651x1024.jpg 651w\" sizes=\"(max-width: 752px) 100vw, 752px\" \/><\/p>\n\n\n\n<p><strong>(Rdl)<\/strong> ____________________  <em>&#8220;Quello che \u00e8 accaduto a Lequile \u00e8 gravissimo. Una vera e propria bomba ecologica, le cui conseguenze sull\u2019ambiente dovranno essere valutate con attenzione sulla base di verifiche e dati ufficiali&#8221;<\/em> &#8211; scriveva a caldo, cinque giorni fa, su Facebook l&#8217;ex vicepresidente della Provincia, attuale consigliere comunale di Copertino, <strong>Antonio Leo<\/strong>.<\/p>\n\n\n\n<p>E annotava a seguire:<\/p>\n\n\n\n<p>&#8220;<em>L\u2019incendio ha colpito un impianto importante per la gestione dei rifiuti del territorio, in una fase gi\u00e0 delicata per la raccolta e il conferimento della plastica. Bisogner\u00e0 quindi intervenire rapidamente per garantire la continuit\u00e0 del servizio ed evitare ulteriori disagi ai ci<\/em>ttadini.<\/p>\n\n\n\n<p><em>E c\u2019\u00e8 un pensiero che inevitabilmente va a questa estate difficile: dopo i roghi dei rovi, delle campagne e degli ulivi, mancava anche questo. Un territorio gi\u00e0 provato dagli incendi non pu\u00f2 permettersi di essere ancora una volta ferito<\/em>.<\/p>\n\n\n\n<p><em>Adesso servono chiarezza, responsabilit\u00e0 e soprattutto azioni concrete. Per tutelare l\u2019ambiente, le nostre comunit\u00e0 e chi ogni giorno vive e lavora in quest<\/em>a terra&#8221;.<\/p>\n\n\n\n<p><\/p>\n\n\n\n<p>Poi, ieri Antonio Leo, avendo appreso delle dichiarazioni del sindaco di Lequile Vincenzo Carl\u00e0, il quale aveva parlato di &#8220;emergenza ambientale&#8221;, ha diffuso tramite social una preoccupata riflessione, di cui riportiamo qui di seguito i passaggi pi\u00f9 significativi:<\/p>\n\n\n\n<p>&#8220;<em><strong>Ormai si parla apertamente di DISASTRO AMBIENTALE: come stanno le cose? Abbiamo fretta di sapere. Perch\u00e9 se a pronunciarle \u00e8 il sindaco di uno dei Comuni direttamente interessati, non possono essere liquidate come semplici dichiara<\/strong><\/em><strong><em>zioni<\/em><\/strong>.<\/p>\n\n\n\n<p><em><strong>Qualche giorno fa avevo scritto della necessit\u00e0 di avere informazioni chiare su questa vicenda. Oggi, dopo queste parole, quella richiesta diventa ancora pi\u00f9 urgente<\/strong><\/em>.<\/p>\n\n\n\n<p><em><strong>Perch\u00e9 da una parte c&#8217;\u00e8 chi sembra voler tranquillizzare e minimizzare, mentre dall&#8217;altra un rappresentante delle istituzioni parla apertamente di &#8216;disastro ambientale&#8217;, di una situazione sottovalutata e di un&#8217;emergenza che avrebbe coinvolto gran parte del territorio salentino<\/strong><\/em>.<\/p>\n\n\n\n<p><em><strong>Allora una domanda \u00e8 inevitabile: come stanno realmente le cose?<\/strong><\/em><\/p>\n\n\n\n<p><em><strong>La comunit\u00e0 di Lequile e quelle dei Comuni limitrofi hanno<\/strong><\/em> <em><strong>il diritto di saperlo<\/strong><\/em>.<\/p>\n\n\n\n<p><em><strong>Vogliamo sapere cosa \u00e8 stato accertato, quali sono i rischi, quali controlli sono stati effettuati, quali sono i risultati e soprattutto quali misure sono state adottate per tutelare la popolazione e il territorio<\/strong><\/em>.<\/p>\n\n\n\n<p><em><strong>Nessuno vuole creare allarmismo. Ma allo stesso tempo nessuno pu\u00f2 pretendere che la gente rimanga tranquilla se un sindaco parla di &#8216;disastro ambientale&#8217;<\/strong><\/em>.<\/p>\n\n\n\n<p><em><strong>Le parole del sindaco Carl\u00e0 non mi fanno stare tranquillo. E credo che, a questo punto, non facciano stare tranquillo nessuno di noi<\/strong><\/em>.<\/p>\n\n\n\n<p><em><strong>Per questo servono risposte. Chiare, documentate e soprattutto comprensibili a tutti<\/strong><\/em>.<\/p>\n\n\n\n<p><em><strong>Perch\u00e9 quando \u00e8 in gioco la salute delle persone e la tutela del territorio, la verit\u00e0 non pu\u00f2 essere n\u00e9 minimizzata n\u00e9 raccontata a met\u00e0<\/strong><\/em>&#8220;. ___________________<\/p>\n\n\n\n<p><\/p>\n\n\n\n<p>L&#8217;APPROFONDIMENTO nel nostro articolo del 3 settembre scorso, con relativi aggiornamenti<\/p>\n\n\n\n<figure class=\"wp-block-embed is-type-wp-embed is-provider-leccecronaca-it wp-block-embed-leccecronaca-it\"><div class=\"wp-block-embed__wrapper\">\n<blockquote class=\"wp-embedded-content\" data-secret=\"bwRzR3Mnh4\"><a href=\"https:\/\/www.leccecronaca.it\/index.php\/2026\/09\/03\/ma-lincendio-allecocentro-di-lequile-e-divampato-di-nuovo-questo-pomeriggio-il-sindaco-vincenzo-carla-arrabbiato-e-deluso-parla-apertamente-di-un-emergenza-ambientale-che-il-salent\/\">MA L&#8217;INCENDIO ALL&#8217;ECOCENTRO DI LEQUILE  E&#8217; DIVAMPATO DI NUOVO QUESTO POMERIGGIO. IL SINDACO VINCENZO CARLA&#8217;, &#8220;arrabbiato e deluso&#8221;, PARLA DI UN&#8217; &#8220;emergenza ambientale&#8221; CHE IL SALENTO NON E&#8217; IN GRADO DI AFFRONTARE<\/a><\/blockquote><iframe class=\"wp-embedded-content\" sandbox=\"allow-scripts\" security=\"restricted\" style=\"position: absolute; clip: rect(1px, 1px, 1px, 1px);\" title=\"&#8220;MA L&#8217;INCENDIO ALL&#8217;ECOCENTRO DI LEQUILE  E&#8217; DIVAMPATO DI NUOVO QUESTO POMERIGGIO. IL SINDACO VINCENZO CARLA&#8217;, &#8220;arrabbiato e deluso&#8221;, PARLA DI UN&#8217; &#8220;emergenza ambientale&#8221; CHE IL SALENTO NON E&#8217; IN GRADO DI AFFRONTARE&#8221; &#8212; LecceCronaca.it\" src=\"https:\/\/www.leccecronaca.it\/index.php\/2026\/09\/03\/ma-lincendio-allecocentro-di-lequile-e-divampato-di-nuovo-questo-pomeriggio-il-sindaco-vincenzo-carla-arrabbiato-e-deluso-parla-apertamente-di-un-emergenza-ambientale-che-il-salent\/embed\/#?secret=nhLGfzbOV1#?secret=bwRzR3Mnh4\" data-secret=\"bwRzR3Mnh4\" width=\"500\" height=\"282\" frameborder=\"0\" marginwidth=\"0\" marginheight=\"0\" scrolling=\"no\"><\/iframe>\n<\/div><\/figure>\n\n\n\n<p><\/p>\n\n\n\n<p>LA RICERCA in quello immediataente precedente di oggi<\/p>\n\n\n\n<figure class=\"wp-block-embed is-type-wp-embed is-provider-leccecronaca-it wp-block-embed-leccecronaca-it\"><div class=\"wp-block-embed__wrapper\">\n<blockquote class=\"wp-embedded-content\" data-secret=\"AwOmcsoaR0\"><a href=\"https:\/\/www.leccecronaca.it\/index.php\/2026\/09\/05\/il-salento-continua-a-bruciare-altro-fronte-di-fuoco-ad-andrano\/\">IL SALENTO CONTINUA A BRUCIARE, ALTRO FRONTE DI FUOCO AD ANDRANO<\/a><\/blockquote><iframe class=\"wp-embedded-content\" sandbox=\"allow-scripts\" security=\"restricted\" style=\"position: absolute; clip: rect(1px, 1px, 1px, 1px);\" title=\"&#8220;IL SALENTO CONTINUA A BRUCIARE, ALTRO FRONTE DI FUOCO AD ANDRANO&#8221; &#8212; LecceCronaca.it\" src=\"https:\/\/www.leccecronaca.it\/index.php\/2026\/09\/05\/il-salento-continua-a-bruciare-altro-fronte-di-fuoco-ad-andrano\/embed\/#?secret=qWbNW7puTS#?secret=AwOmcsoaR0\" data-secret=\"AwOmcsoaR0\" width=\"500\" height=\"282\" frameborder=\"0\" marginwidth=\"0\" marginheight=\"0\" scrolling=\"no\"><\/iframe>\n<\/div><\/figure>\n\n\n\n<p><\/p>\n\n\n\n<p><\/p>\n<fb:like href='https:\/\/www.leccecronaca.it\/index.php\/2026\/09\/05\/sugli-incendi-nel-salento-in-particolare-quello-allecocentro-di-lequile-il-preoccupato-intervento-di-antonio-leo-servono-risposte-chiare-documentate-comprensibili-a-tutti-e-basta-verita-racc\/' send='true' layout='button_count' show_faces='true' width='450' height='65' action='recommend' colorscheme='light' font='lucida grande'><\/fb:like><span class=\"fb_share\"><fb:like href=\"https:\/\/www.leccecronaca.it\/index.php\/2026\/09\/05\/sugli-incendi-nel-salento-in-particolare-quello-allecocentro-di-lequile-il-preoccupato-intervento-di-antonio-leo-servono-risposte-chiare-documentate-comprensibili-a-tutti-e-basta-verita-racc\/\" layout=\"button_count\"><\/fb:like><\/span>","protected":false},"excerpt":{"rendered":"<p>(Rdl) ____________________ &#8220;Quello che \u00e8 accaduto a Lequile \u00e8 gravissimo. Una vera e propria bomba ecologica, le cui conseguenze sull\u2019ambiente dovranno essere valutate con attenzione sulla base di verifiche e dati ufficiali&#8221; &#8211; scriveva a caldo, cinque giorni fa, su Facebook l&#8217;ex vicepresidente della Provincia, attuale consigliere comunale di Copertino, Antonio Leo. E annotava a [&hellip;]<\/p>\n","protected":false},"author":4,"featured_media":263297,"comment_status":"open","ping_status":"closed","sticky":false,"template":"","format":"standard","meta":[],"categories":[69,76],"tags":[],"_links":{"self":[{"href":"https:\/\/www.leccecronaca.it\/index.php\/wp-json\/wp\/v2\/posts\/263296"}],"collection":[{"href":"https:\/\/www.leccecronaca.it\/index.php\/wp-json\/wp\/v2\/posts"}],"about":[{"href":"https:\/\/www.leccecronaca.it\/index.php\/wp-json\/wp\/v2\/types\/post"}],"author":[{"embeddable":true,"href":"https:\/\/www.leccecronaca.it\/index.php\/wp-json\/wp\/v2\/users\/4"}],"replies":[{"embeddable":true,"href":"https:\/\/www.leccecronaca.it\/index.php\/wp-json\/wp\/v2\/comments?post=263296"}],"version-history":[{"count":1,"href":"https:\/\/www.leccecronaca.it\/index.php\/wp-json\/wp\/v2\/posts\/263296\/revisions"}],"predecessor-version":[{"id":263298,"href":"https:\/\/www.leccecronaca.it\/index.php\/wp-json\/wp\/v2\/posts\/263296\/revisions\/263298"}],"wp:featuredmedia":[{"embeddable":true,"href":"https:\/\/www.leccecronaca.it\/index.php\/wp-json\/wp\/v2\/media\/263297"}],"wp:attachment":[{"href":"https:\/\/www.leccecronaca.it\/index.php\/wp-json\/wp\/v2\/media?parent=263296"}],"wp:term":[{"taxonomy":"category","embeddable":true,"href":"https:\/\/www.leccecronaca.it\/index.php\/wp-json\/wp\/v2\/categories?post=263296"},{"taxonomy":"post_tag","embeddable":true,"href":"https:\/\/www.leccecronaca.it\/index.php\/wp-json\/wp\/v2\/tags?post=263296"}],"curies":[{"name":"wp","href":"https:\/\/api.w.org\/{rel}","templated":true}]}}