{"id":263307,"date":"2026-09-05T11:02:00","date_gmt":"2026-09-05T09:02:00","guid":{"rendered":"https:\/\/www.leccecronaca.it\/?p=263307"},"modified":"2026-09-05T15:20:05","modified_gmt":"2026-09-05T13:20:05","slug":"nardo-giovane-riunchiuso-in-carcere-per-violenze-in-famiglia","status":"publish","type":"post","link":"https:\/\/www.leccecronaca.it\/index.php\/2026\/09\/05\/nardo-giovane-riunchiuso-in-carcere-per-violenze-in-famiglia\/","title":{"rendered":"NARDO&#8217;, GIOVANE RIUNCHIUSO IN CARCERE PER VIOLENZE IN FAMIGLIA"},"content":{"rendered":"\n<p><img decoding=\"async\" loading=\"lazy\" width=\"1195\" height=\"896\" class=\"wp-image-263309\" style=\"width: 1500px;\" src=\"https:\/\/www.leccecronaca.it\/wordpress\/wp-content\/uploads\/2026\/09\/aaaanardo.jpg\" alt=\"\" srcset=\"https:\/\/www.leccecronaca.it\/wordpress\/wp-content\/uploads\/2026\/09\/aaaanardo.jpg 1195w, https:\/\/www.leccecronaca.it\/wordpress\/wp-content\/uploads\/2026\/09\/aaaanardo-300x225.jpg 300w, https:\/\/www.leccecronaca.it\/wordpress\/wp-content\/uploads\/2026\/09\/aaaanardo-1024x768.jpg 1024w, https:\/\/www.leccecronaca.it\/wordpress\/wp-content\/uploads\/2026\/09\/aaaanardo-768x576.jpg 768w, https:\/\/www.leccecronaca.it\/wordpress\/wp-content\/uploads\/2026\/09\/aaaanardo-400x300.jpg 400w\" sizes=\"(max-width: 1195px) 100vw, 1195px\" \/><\/p>\n\n\n\n<p>(Rdl) _________________ Ieri agenti della Polizia di Stato hanno dato esecuzione all\u2019ordinanza di aggravamento della misura cautelare nei confronti di un giovane di 36 anni di Nard\u00f2, che si trovava gi\u00e0 sottoposto agli arresti domiciliari con controllo mediante braccialetto elettronico poich\u00e9 indagato per il reato di stalking ai danni di una donna del posto.<\/p>\n\n\n\n<p>L\u2019inasprimento della misura, che ha visto la sostituzione dei domiciliari con la custodia cautelare in carcere, deciso dalla Procura della Repubblica di Lecce, si \u00e8 reso necessario a seguito delle reiterate condotte vessatorie, minacciose e violente messe in atto dall&#8217;indagato nei confronti dei propri familiari. Le continue prevaricazioni, rivolte in particolare verso la sorella e il padre, erano state formalmente denunciate presso gli uffici del Commissariato di Nard\u00f2 proprio nei giorni scorsi. <\/p>\n<fb:like href='https:\/\/www.leccecronaca.it\/index.php\/2026\/09\/05\/nardo-giovane-riunchiuso-in-carcere-per-violenze-in-famiglia\/' send='true' layout='button_count' show_faces='true' width='450' height='65' action='recommend' colorscheme='light' font='lucida grande'><\/fb:like><span class=\"fb_share\"><fb:like href=\"https:\/\/www.leccecronaca.it\/index.php\/2026\/09\/05\/nardo-giovane-riunchiuso-in-carcere-per-violenze-in-famiglia\/\" layout=\"button_count\"><\/fb:like><\/span>","protected":false},"excerpt":{"rendered":"<p>(Rdl) _________________ Ieri agenti della Polizia di Stato hanno dato esecuzione all\u2019ordinanza di aggravamento della misura cautelare nei confronti di un giovane di 36 anni di Nard\u00f2, che si trovava gi\u00e0 sottoposto agli arresti domiciliari con controllo mediante braccialetto elettronico poich\u00e9 indagato per il reato di stalking ai danni di una donna del posto. L\u2019inasprimento [&hellip;]<\/p>\n","protected":false},"author":4,"featured_media":263309,"comment_status":"open","ping_status":"closed","sticky":false,"template":"","format":"standard","meta":[],"categories":[69],"tags":[],"_links":{"self":[{"href":"https:\/\/www.leccecronaca.it\/index.php\/wp-json\/wp\/v2\/posts\/263307"}],"collection":[{"href":"https:\/\/www.leccecronaca.it\/index.php\/wp-json\/wp\/v2\/posts"}],"about":[{"href":"https:\/\/www.leccecronaca.it\/index.php\/wp-json\/wp\/v2\/types\/post"}],"author":[{"embeddable":true,"href":"https:\/\/www.leccecronaca.it\/index.php\/wp-json\/wp\/v2\/users\/4"}],"replies":[{"embeddable":true,"href":"https:\/\/www.leccecronaca.it\/index.php\/wp-json\/wp\/v2\/comments?post=263307"}],"version-history":[{"count":1,"href":"https:\/\/www.leccecronaca.it\/index.php\/wp-json\/wp\/v2\/posts\/263307\/revisions"}],"predecessor-version":[{"id":263310,"href":"https:\/\/www.leccecronaca.it\/index.php\/wp-json\/wp\/v2\/posts\/263307\/revisions\/263310"}],"wp:featuredmedia":[{"embeddable":true,"href":"https:\/\/www.leccecronaca.it\/index.php\/wp-json\/wp\/v2\/media\/263309"}],"wp:attachment":[{"href":"https:\/\/www.leccecronaca.it\/index.php\/wp-json\/wp\/v2\/media?parent=263307"}],"wp:term":[{"taxonomy":"category","embeddable":true,"href":"https:\/\/www.leccecronaca.it\/index.php\/wp-json\/wp\/v2\/categories?post=263307"},{"taxonomy":"post_tag","embeddable":true,"href":"https:\/\/www.leccecronaca.it\/index.php\/wp-json\/wp\/v2\/tags?post=263307"}],"curies":[{"name":"wp","href":"https:\/\/api.w.org\/{rel}","templated":true}]}}