{"id":263319,"date":"2026-09-05T17:28:12","date_gmt":"2026-09-05T15:28:12","guid":{"rendered":"https:\/\/www.leccecronaca.it\/?p=263319"},"modified":"2026-09-05T17:28:15","modified_gmt":"2026-09-05T15:28:15","slug":"successo-ad-arnesano-per-le-giornate-dello-sport-grande-entusiasmo-per-le-dimostrazioni-del-dojo-leccese-e-per-i-giovani-atleti-lassessore-gerardi-annuncia-novita-per-il-prossimo-anno","status":"publish","type":"post","link":"https:\/\/www.leccecronaca.it\/index.php\/2026\/09\/05\/successo-ad-arnesano-per-le-giornate-dello-sport-grande-entusiasmo-per-le-dimostrazioni-del-dojo-leccese-e-per-i-giovani-atleti-lassessore-gerardi-annuncia-novita-per-il-prossimo-anno\/","title":{"rendered":"SUCCESSO AD ARNESANO PER LE GIORNATE DELLO SPORT.  Grande entusiasmo per le dimostrazioni del dojo leccese e per i giovani atleti. L&#8217;assessore Gerardi annuncia novit\u00e0 per il prossimo anno."},"content":{"rendered":"\n<p><img decoding=\"async\" loading=\"lazy\" width=\"2025\" height=\"1204\" class=\"wp-image-263320\" style=\"width: 900px;\" src=\"https:\/\/www.leccecronaca.it\/wordpress\/wp-content\/uploads\/2026\/09\/aikido-arnesano-ringraziamenti.jpg\" alt=\"\" srcset=\"https:\/\/www.leccecronaca.it\/wordpress\/wp-content\/uploads\/2026\/09\/aikido-arnesano-ringraziamenti.jpg 2025w, https:\/\/www.leccecronaca.it\/wordpress\/wp-content\/uploads\/2026\/09\/aikido-arnesano-ringraziamenti-300x178.jpg 300w, https:\/\/www.leccecronaca.it\/wordpress\/wp-content\/uploads\/2026\/09\/aikido-arnesano-ringraziamenti-1024x609.jpg 1024w, https:\/\/www.leccecronaca.it\/wordpress\/wp-content\/uploads\/2026\/09\/aikido-arnesano-ringraziamenti-768x457.jpg 768w, https:\/\/www.leccecronaca.it\/wordpress\/wp-content\/uploads\/2026\/09\/aikido-arnesano-ringraziamenti-1536x913.jpg 1536w\" sizes=\"(max-width: 2025px) 100vw, 2025px\" \/>GM________Dal 2 al 4 settembre si sono svolte ad Arnesano tre intense giornate dedicate allo sport, al benessere, all&#8217;amicizia e al divertimento. Ieri pomeriggio, all&#8217;interno del Parco Urbano del Rione Riesci, diverse associazioni sportive hanno animato la kermesse dando vita a svariate discipline e coinvolgendo, fino a tarda sera, i tanti giovani e adulti accorsi per l&#8217;occasione.<br>A destare particolare curiosit\u00e0 tra il pubblico \u00e8 stata l&#8217;esibizione degli allievi della scuola di <strong>Aikido <\/strong>di Lecce, il dojo &#8220;<strong>Il Cavaliere<\/strong>&#8220;, diretta dal Maestro <strong>Valerio Melcore<\/strong>. I veri protagonisti sul campo sono stati tre giovanissimi quindicenni \u2014 <strong>Eva, Giuseppe e Gianmarco<\/strong> \u2014 che hanno dato ampia dimostrazione della loro capacit\u00e0 di padroneggiare la disciplina. I ragazzi si sono distinti non solo nell&#8217;esecuzione delle tecniche di difesa a mani nude, ma anche nel maneggio esperto del\u00a0<em>j\u014d<\/em>\u00a0e del\u00a0<em>bokken<\/em>\u00a0(rispettivamente il bastone e la spada di legno tipici della tradizione dei Samurai).<br><img decoding=\"async\" loading=\"lazy\" width=\"1490\" height=\"1057\" class=\"wp-image-263323\" style=\"width: 900px;\" src=\"https:\/\/www.leccecronaca.it\/wordpress\/wp-content\/uploads\/2026\/09\/aikidolecce-aikido-il-cavaliere-maestro-melcore-arnesano.jpg\" alt=\"\" srcset=\"https:\/\/www.leccecronaca.it\/wordpress\/wp-content\/uploads\/2026\/09\/aikidolecce-aikido-il-cavaliere-maestro-melcore-arnesano.jpg 1490w, https:\/\/www.leccecronaca.it\/wordpress\/wp-content\/uploads\/2026\/09\/aikidolecce-aikido-il-cavaliere-maestro-melcore-arnesano-300x213.jpg 300w, https:\/\/www.leccecronaca.it\/wordpress\/wp-content\/uploads\/2026\/09\/aikidolecce-aikido-il-cavaliere-maestro-melcore-arnesano-1024x726.jpg 1024w, https:\/\/www.leccecronaca.it\/wordpress\/wp-content\/uploads\/2026\/09\/aikidolecce-aikido-il-cavaliere-maestro-melcore-arnesano-768x545.jpg 768w\" sizes=\"(max-width: 1490px) 100vw, 1490px\" \/><br>Il Maestro, dopo aver ringraziato pubblicamente il sindaco di Arnesano <strong>Emanuele Solazzo<\/strong> e l&#8217;assessore allo sport <strong>Roberto Gerardi<\/strong>, ha salutato i presenti invitandoli a scendere direttamente sul bel manto erboso per provare la pratica. <br>L&#8217;invito \u00e8 stato subito colto con entusiasmo: una piacevole sorpresa \u00e8 arrivata dalla giovanissima<strong> Martina<\/strong>, che ha voluto cimentarsi spontaneamente sperimentando alcune tecniche di questa elegantissima arte marziale.<\/p>\n\n\n\n<p>Un nutrito gruppo di persone ha poi continuato a seguire la lezione aperta. Un interesse del tutto particolare \u00e8 stato espresso dal Comandante della Polizia Municipale, la dott.ssa<strong> Anna Lisa Greco<\/strong>, che ha promesso di partecipare al corso di quest&#8217;anno in programma nella sede di via Puccini 32 a Lecce. I bulli e i malintenzionati di Arnesano, insomma, sono avvisati.<br>A tracciare il bilancio e guardare al futuro \u00e8 stato l&#8217;assessore allo Sport Roberto Gerardi: \u00abPer il prossimo anno contiamo sulla presenza, oltre alle tante associazioni sportive presenti quest\u2019anno, di un\u2019ampia rappresentanza del mondo delle Arti Marziali\u00bb. L&#8217;assessore ha inoltre confermato che \u00abil maestro di Aikido Valerio Melcore ha gi\u00e0 dato la propria disponibilit\u00e0, non solo a partecipare ma ad invitare altri amici che praticano diverse discipline marziali\u00bb.<br>Quello di ieri si \u00e8 rivelato un bellissimo pomeriggio all&#8217;insegna dello sport e della comunit\u00e0, dove ognuno ha avuto l&#8217;opportunit\u00e0 di mettersi in gioco e provare le discipline che pi\u00f9 lo incuriosivano.<\/p>\n<fb:like href='https:\/\/www.leccecronaca.it\/index.php\/2026\/09\/05\/successo-ad-arnesano-per-le-giornate-dello-sport-grande-entusiasmo-per-le-dimostrazioni-del-dojo-leccese-e-per-i-giovani-atleti-lassessore-gerardi-annuncia-novita-per-il-prossimo-anno\/' send='true' layout='button_count' show_faces='true' width='450' height='65' action='recommend' colorscheme='light' font='lucida grande'><\/fb:like><span class=\"fb_share\"><fb:like href=\"https:\/\/www.leccecronaca.it\/index.php\/2026\/09\/05\/successo-ad-arnesano-per-le-giornate-dello-sport-grande-entusiasmo-per-le-dimostrazioni-del-dojo-leccese-e-per-i-giovani-atleti-lassessore-gerardi-annuncia-novita-per-il-prossimo-anno\/\" layout=\"button_count\"><\/fb:like><\/span>","protected":false},"excerpt":{"rendered":"<p>GM________Dal 2 al 4 settembre si sono svolte ad Arnesano tre intense giornate dedicate allo sport, al benessere, all&#8217;amicizia e al divertimento. Ieri pomeriggio, all&#8217;interno del Parco Urbano del Rione Riesci, diverse associazioni sportive hanno animato la kermesse dando vita a svariate discipline e coinvolgendo, fino a tarda sera, i tanti giovani e adulti accorsi [&hellip;]<\/p>\n","protected":false},"author":1,"featured_media":0,"comment_status":"open","ping_status":"closed","sticky":true,"template":"","format":"standard","meta":[],"categories":[1],"tags":[],"_links":{"self":[{"href":"https:\/\/www.leccecronaca.it\/index.php\/wp-json\/wp\/v2\/posts\/263319"}],"collection":[{"href":"https:\/\/www.leccecronaca.it\/index.php\/wp-json\/wp\/v2\/posts"}],"about":[{"href":"https:\/\/www.leccecronaca.it\/index.php\/wp-json\/wp\/v2\/types\/post"}],"author":[{"embeddable":true,"href":"https:\/\/www.leccecronaca.it\/index.php\/wp-json\/wp\/v2\/users\/1"}],"replies":[{"embeddable":true,"href":"https:\/\/www.leccecronaca.it\/index.php\/wp-json\/wp\/v2\/comments?post=263319"}],"version-history":[{"count":1,"href":"https:\/\/www.leccecronaca.it\/index.php\/wp-json\/wp\/v2\/posts\/263319\/revisions"}],"predecessor-version":[{"id":263324,"href":"https:\/\/www.leccecronaca.it\/index.php\/wp-json\/wp\/v2\/posts\/263319\/revisions\/263324"}],"wp:attachment":[{"href":"https:\/\/www.leccecronaca.it\/index.php\/wp-json\/wp\/v2\/media?parent=263319"}],"wp:term":[{"taxonomy":"category","embeddable":true,"href":"https:\/\/www.leccecronaca.it\/index.php\/wp-json\/wp\/v2\/categories?post=263319"},{"taxonomy":"post_tag","embeddable":true,"href":"https:\/\/www.leccecronaca.it\/index.php\/wp-json\/wp\/v2\/tags?post=263319"}],"curies":[{"name":"wp","href":"https:\/\/api.w.org\/{rel}","templated":true}]}}