{"id":27367,"date":"2014-04-12T13:39:08","date_gmt":"2014-04-12T11:39:08","guid":{"rendered":"http:\/\/www.leccecronaca.it\/?p=27367"},"modified":"2014-04-12T13:40:23","modified_gmt":"2014-04-12T11:40:23","slug":"mostra-silenti-stanze","status":"publish","type":"post","link":"https:\/\/www.leccecronaca.it\/index.php\/2014\/04\/12\/mostra-silenti-stanze\/","title":{"rendered":"MOSTRA: SILENTI STANZE"},"content":{"rendered":"<p style=\"text-align: left;\" align=\"center\"><em>\n\t\t<style type=\"text\/css\">\n\t\t\t#gallery-1 {\n\t\t\t\tmargin: auto;\n\t\t\t}\n\t\t\t#gallery-1 .gallery-item {\n\t\t\t\tfloat: left;\n\t\t\t\tmargin-top: 10px;\n\t\t\t\ttext-align: center;\n\t\t\t\twidth: 20%;\n\t\t\t}\n\t\t\t#gallery-1 img {\n\t\t\t\t\n\t\t\t}\n\t\t\t#gallery-1 .gallery-caption {\n\t\t\t\tmargin-left: 0;\n\t\t\t}\n\t\t\t\/* see gallery_shortcode() in wp-includes\/media.php *\/\n\t\t<\/style>\n\t\t<div id='gallery-1' class='gallery galleryid-27367 gallery-columns-5 gallery-size-thumbnail'><dl class='gallery-item'>\n\t\t\t<dt class='gallery-icon landscape'>\n\t\t\t\t<a href='https:\/\/www.leccecronaca.it\/index.php\/2014\/04\/12\/mostra-silenti-stanze\/giuseppe-sylos-labini-album-di-famiglia-2012-acquerello-su-carta-giapponese-cm-40x60\/'><img width=\"150\" height=\"150\" src=\"https:\/\/www.leccecronaca.it\/wordpress\/wp-content\/uploads\/2014\/04\/GIUSEPPE-SYLOS-LABINI-Album-di-famiglia-2012.-Acquerello-su-carta-giapponese-cm-40x60-150x150.jpg\" class=\"attachment-thumbnail size-thumbnail\" alt=\"\" decoding=\"async\" loading=\"lazy\" \/><\/a>\n\t\t\t<\/dt><\/dl><dl class='gallery-item'>\n\t\t\t<dt class='gallery-icon portrait'>\n\t\t\t\t<a href='https:\/\/www.leccecronaca.it\/index.php\/2014\/04\/12\/mostra-silenti-stanze\/jolanda-spagno-senza-titolo-2013-matita-su-carta-lente-olf-cm-34x27\/'><img width=\"150\" height=\"150\" src=\"https:\/\/www.leccecronaca.it\/wordpress\/wp-content\/uploads\/2014\/04\/JOLANDA-SPAGNO-Senza-Titolo-2013.-Matita-su-carta-lente-olf-cm-34x27-150x150.jpg\" class=\"attachment-thumbnail size-thumbnail\" alt=\"\" decoding=\"async\" loading=\"lazy\" \/><\/a>\n\t\t\t<\/dt><\/dl><dl class='gallery-item'>\n\t\t\t<dt class='gallery-icon landscape'>\n\t\t\t\t<a href='https:\/\/www.leccecronaca.it\/index.php\/2014\/04\/12\/mostra-silenti-stanze\/palazzo-baronale-nociglia\/'><img width=\"150\" height=\"150\" src=\"https:\/\/www.leccecronaca.it\/wordpress\/wp-content\/uploads\/2014\/04\/Palazzo-Baronale-Nociglia-150x150.jpg\" class=\"attachment-thumbnail size-thumbnail\" alt=\"\" decoding=\"async\" loading=\"lazy\" \/><\/a>\n\t\t\t<\/dt><\/dl><dl class='gallery-item'>\n\t\t\t<dt class='gallery-icon landscape'>\n\t\t\t\t<a href='https:\/\/www.leccecronaca.it\/index.php\/2014\/04\/12\/mostra-silenti-stanze\/pierluca-cetera-vano-1-2014-olio-su-tela-cm-40x40\/'><img width=\"150\" height=\"150\" src=\"https:\/\/www.leccecronaca.it\/wordpress\/wp-content\/uploads\/2014\/04\/PIERLUCA-CETERA-Vano-1-2014.-Olio-su-tela-cm-40x40-150x150.jpg\" class=\"attachment-thumbnail size-thumbnail\" alt=\"\" decoding=\"async\" loading=\"lazy\" srcset=\"https:\/\/www.leccecronaca.it\/wordpress\/wp-content\/uploads\/2014\/04\/PIERLUCA-CETERA-Vano-1-2014.-Olio-su-tela-cm-40x40-150x150.jpg 150w, https:\/\/www.leccecronaca.it\/wordpress\/wp-content\/uploads\/2014\/04\/PIERLUCA-CETERA-Vano-1-2014.-Olio-su-tela-cm-40x40-300x298.jpg 300w, https:\/\/www.leccecronaca.it\/wordpress\/wp-content\/uploads\/2014\/04\/PIERLUCA-CETERA-Vano-1-2014.-Olio-su-tela-cm-40x40.jpg 1000w\" sizes=\"(max-width: 150px) 100vw, 150px\" \/><\/a>\n\t\t\t<\/dt><\/dl>\n\t\t\t<br style='clear: both' \/>\n\t\t<\/div>\n<\/p>\n<p><\/em><\/p>\n<p>Giovanni Carpignano, Pierluca Cetera, Francesco Cuna, Luigi De Rinaldis, Jolanda Spagno, Giuseppe Sylos Labini, Matteo Tenardi, Cosimo Damiano Tondo<em>a cura di Carmelo Cipriani.<br \/>\n<\/em><strong>Inaugurazione:<\/strong> sabato 30 aprile 2014, ore 19.00\u00a0PALAZZO BARONALE, Via Roma, Nociglia.<\/p>\n<p style=\"text-align: left;\" align=\"center\">\u201cA Nociglia \u2013 scrive Carmelo\u00a0 Cipriani \u2013 il tempo sembra rallentare, fino ad assecondare un ritmo vitale lento ma perenne: in certi giorni di sole appare un luogo metafisico. Nella piazza principale, tra la Chiesa Matrice e il Castello, a pochi passi dalla Chiesa di Santa Maria de Itri, capolavoro celato, quasi dormiente, la vita scorre tranquilla, le membra si rilassano e il <em>tempus<\/em> <em>mentis<\/em> si amplia. Qui, nel cuore del Salento, ci si sottrae alla frenesia dei tempi moderni, facendo affiorare condizioni dimenticate e storie sommesse. Requisito indispensabile \u00e8 il silenzio, attesa o riposo, principio o conclusione, sempre foriero di riflessioni e primigenia condizione generativa.<\/p>\n<p>Alla genesi della contingenza meditativa ambisce la collettiva allestita al piano terra del Palazzo Baronale, storica dimora della famiglia Gallone, oggi promettente polo comunale di aggregazione e di promozione culturale. Le \u201cSilenti stanze\u201d sono innanzitutto quelle del castello, contesti sopravvissuti di una storia che fu, fatta di cortesi galanterie e accese passioni, di attivismo imprenditoriale e parassitismo nobiliare, ma anche gli scenari del pensiero, che, in luoghi come questo, si aprono a recuperi memoriali e, non di rado, a condizioni fantastiche. Otto gli artisti invitati a raccontare il loro passato e il loro presente, a lasciare nuovi segni, esaltando la storicit\u00e0 del contesto, la sua intrinseca e sopita vitalit\u00e0. Ciascuno di loro espone uno o pi\u00f9 lavori, testimonianze di ricerche singolari, alcune radicate nella realt\u00e0, altri tendenti al sogno e all\u2019ascesi. Un percorso dialogico capace di travalicare il puro risultato estetico in favore di un\u2019accorta ponderazione\u201d.<\/p>\n<p><em>\u00a0<\/em><\/p>\n<p><em>\u00a0<\/em><\/p>\n<p><em>\u00a0<\/em><\/p>\n<p><em>\u00a0<\/em><\/p>\n<p><em>\u00a0<\/em><\/p>\n<p><em>\u00a0<\/em><\/p>\n<p><strong>\u00a0<\/strong><\/p>\n<p><strong>Testi critici:<\/strong> Carmelo Cipriani<\/p>\n<p>&nbsp;<\/p>\n<p><strong>Catalogo:<\/strong> in mostra<\/p>\n<p><strong>\u00a0<\/strong><\/p>\n<p><strong>In collaborazione con:<\/strong> Associazione Ce.le.stass. Lecce<\/p>\n<p><em>\u00a0<\/em><\/p>\n<p><em>La mostra, organizzata nell\u2019ambito del progetto \u201cMaggio Salentino\u201d, promosso dall\u2019Associazione Ce.le.stass. di Lecce, sar\u00e0 visitabile tutti i giorni (fino al 15 maggio) dalle 18.00 alle 21.30.<\/em><\/p>\n<p><em>\u00a0<\/em><\/p>\n<p><em>\u00a0<\/em><\/p>\n<p><strong>Vin d\u2019honneur <\/strong><\/p>\n<p><strong>\u00a0<\/strong><\/p>\n<p>&nbsp;<\/p>\n<p><strong>\u00a0<\/strong><\/p>\n<p><strong>\u00a0<\/strong><\/p>\n<p><strong>Luogo Evento:<\/strong><\/p>\n<p>Palazzo Baronale<\/p>\n<p>Via Roma<\/p>\n<p>73020 Nociglia<\/p>\n<p>Inaugurazione: Sabato 30 aprile, ore 19.00<\/p>\n<p>Dal 30 aprile al 15 maggio 2014<\/p>\n<p>Orari di apertura: tutti i giorni dalle 18.00 alle 21.30<\/p>\n<fb:like href='https:\/\/www.leccecronaca.it\/index.php\/2014\/04\/12\/mostra-silenti-stanze\/' send='true' layout='button_count' show_faces='true' width='450' height='65' action='recommend' colorscheme='light' font='lucida grande'><\/fb:like><span class=\"fb_share\"><fb:like href=\"https:\/\/www.leccecronaca.it\/index.php\/2014\/04\/12\/mostra-silenti-stanze\/\" layout=\"button_count\"><\/fb:like><\/span>","protected":false},"excerpt":{"rendered":"<p>Giovanni Carpignano, Pierluca Cetera, Francesco Cuna, Luigi De Rinaldis, Jolanda Spagno, Giuseppe Sylos Labini, Matteo Tenardi, Cosimo Damiano Tondoa cura di Carmelo Cipriani. Inaugurazione: sabato 30 aprile 2014, ore 19.00\u00a0PALAZZO BARONALE, Via Roma, Nociglia. \u201cA Nociglia \u2013 scrive Carmelo\u00a0 Cipriani \u2013 il tempo sembra rallentare, fino ad assecondare un ritmo vitale lento ma perenne: in [&hellip;]<\/p>\n","protected":false},"author":4,"featured_media":0,"comment_status":"open","ping_status":"closed","sticky":false,"template":"","format":"standard","meta":[],"categories":[31],"tags":[],"_links":{"self":[{"href":"https:\/\/www.leccecronaca.it\/index.php\/wp-json\/wp\/v2\/posts\/27367"}],"collection":[{"href":"https:\/\/www.leccecronaca.it\/index.php\/wp-json\/wp\/v2\/posts"}],"about":[{"href":"https:\/\/www.leccecronaca.it\/index.php\/wp-json\/wp\/v2\/types\/post"}],"author":[{"embeddable":true,"href":"https:\/\/www.leccecronaca.it\/index.php\/wp-json\/wp\/v2\/users\/4"}],"replies":[{"embeddable":true,"href":"https:\/\/www.leccecronaca.it\/index.php\/wp-json\/wp\/v2\/comments?post=27367"}],"version-history":[{"count":3,"href":"https:\/\/www.leccecronaca.it\/index.php\/wp-json\/wp\/v2\/posts\/27367\/revisions"}],"predecessor-version":[{"id":27373,"href":"https:\/\/www.leccecronaca.it\/index.php\/wp-json\/wp\/v2\/posts\/27367\/revisions\/27373"}],"wp:attachment":[{"href":"https:\/\/www.leccecronaca.it\/index.php\/wp-json\/wp\/v2\/media?parent=27367"}],"wp:term":[{"taxonomy":"category","embeddable":true,"href":"https:\/\/www.leccecronaca.it\/index.php\/wp-json\/wp\/v2\/categories?post=27367"},{"taxonomy":"post_tag","embeddable":true,"href":"https:\/\/www.leccecronaca.it\/index.php\/wp-json\/wp\/v2\/tags?post=27367"}],"curies":[{"name":"wp","href":"https:\/\/api.w.org\/{rel}","templated":true}]}}