{"id":28543,"date":"2014-05-05T17:02:46","date_gmt":"2014-05-05T15:02:46","guid":{"rendered":"http:\/\/www.leccecronaca.it\/?p=28543"},"modified":"2014-05-05T17:02:46","modified_gmt":"2014-05-05T15:02:46","slug":"federico-ii-di-svevia-rivoluzionario-o-conservatore","status":"publish","type":"post","link":"https:\/\/www.leccecronaca.it\/index.php\/2014\/05\/05\/federico-ii-di-svevia-rivoluzionario-o-conservatore\/","title":{"rendered":"FEDERICO II DI SVEVIA: RIVOLUZIONARIO O CONSERVATORE"},"content":{"rendered":"<p><a href=\"https:\/\/www.leccecronaca.it\/wordpress\/wp-content\/uploads\/2014\/05\/FedericoIISvevia.jpg\"><img decoding=\"async\" loading=\"lazy\" src=\"https:\/\/www.leccecronaca.it\/wordpress\/wp-content\/uploads\/2014\/05\/FedericoIISvevia.jpg\" alt=\"\" title=\"FedericoIISvevia\" width=\"255\" height=\"559\" class=\"alignleft size-full wp-image-28544\" \/><\/a>Domani, marted\u00ec 6 maggio, alle ore 18.30, la sala teatrino dell\u2019ex Convitto Palmieri, in piazzetta Carducci a Lecce, appuntamento con la presentazione del libro \u201c<strong>Federico II di Svevia: rivoluzionario o<\/strong> <strong>conservatore?<\/strong>\u201d, di <strong>Vito Luca De Netto<\/strong>, edito da Il Cerchio, con la prefazione di <strong>Mons. Nicola Bux<\/strong>, gi\u00e0 Consultore di Benedetto XVI.<\/p>\n<p>&nbsp;<\/p>\n<p>Interverr\u00e0 all\u2019incontro la vice presidente e assessore alla Cultura della Provincia di Lecce <strong>Simona Manca<\/strong>, che dialogher\u00e0 con l\u2019autore.<\/p>\n<p>&nbsp;<\/p>\n<p>Il saggio rappresenta una compiuta critica della vulgata che ci racconta di un Imperatore laico e riformatore, primo sovrano moderno dell\u2019Europa medievale, e, tramite un approccio multidisciplinare, tratteggia al contrario l\u2019agire di un Federico II quale apogeo del medioevo cattolico ed imperiale.<\/p>\n<p>&nbsp;<\/p>\n<p>In questo libro, ampiamente documentato e basato su fonti originali, e che gi\u00e0 sta facendo discutere gli studiosi, Federico II non \u00e8 quindi n\u00e9 il campione dell\u2019assolutismo laicista ed illuminato, il promotore di un regime statolatrico tipico di una certa visione moderna come voleva il Kantorowicz, n\u00e9 il machiavellico difensore degli interessi privati del suo casato secondo l\u2019interpretazione di Abulafia, ma il supremo rappresentante di quel Medioevo che fu una grande epoca di giustizia, di certezze, di valori, di Fede, di luce, di ordine, di libert\u00e0 e di pluralismo. Valori eterni per un\u2019Europa alla disperata ricerca di radici spirituali.<\/p>\n<p>&nbsp;<\/p>\n<p>A chiudere l\u2019opera, un\u2019interessante valutazione sulla stessa esistenza della scomunica inferta al Sovrano normanno-svevo.<\/p>\n<p>&nbsp;<\/p>\n<fb:like href='https:\/\/www.leccecronaca.it\/index.php\/2014\/05\/05\/federico-ii-di-svevia-rivoluzionario-o-conservatore\/' send='true' layout='button_count' show_faces='true' width='450' height='65' action='recommend' colorscheme='light' font='lucida grande'><\/fb:like><span class=\"fb_share\"><fb:like href=\"https:\/\/www.leccecronaca.it\/index.php\/2014\/05\/05\/federico-ii-di-svevia-rivoluzionario-o-conservatore\/\" layout=\"button_count\"><\/fb:like><\/span>","protected":false},"excerpt":{"rendered":"<p>Domani, marted\u00ec 6 maggio, alle ore 18.30, la sala teatrino dell\u2019ex Convitto Palmieri, in piazzetta Carducci a Lecce, appuntamento con la presentazione del libro \u201cFederico II di Svevia: rivoluzionario o conservatore?\u201d, di Vito Luca De Netto, edito da Il Cerchio, con la prefazione di Mons. Nicola Bux, gi\u00e0 Consultore di Benedetto XVI. &nbsp; Interverr\u00e0 all\u2019incontro [&hellip;]<\/p>\n","protected":false},"author":4,"featured_media":28544,"comment_status":"open","ping_status":"closed","sticky":false,"template":"","format":"standard","meta":[],"categories":[31],"tags":[],"_links":{"self":[{"href":"https:\/\/www.leccecronaca.it\/index.php\/wp-json\/wp\/v2\/posts\/28543"}],"collection":[{"href":"https:\/\/www.leccecronaca.it\/index.php\/wp-json\/wp\/v2\/posts"}],"about":[{"href":"https:\/\/www.leccecronaca.it\/index.php\/wp-json\/wp\/v2\/types\/post"}],"author":[{"embeddable":true,"href":"https:\/\/www.leccecronaca.it\/index.php\/wp-json\/wp\/v2\/users\/4"}],"replies":[{"embeddable":true,"href":"https:\/\/www.leccecronaca.it\/index.php\/wp-json\/wp\/v2\/comments?post=28543"}],"version-history":[{"count":1,"href":"https:\/\/www.leccecronaca.it\/index.php\/wp-json\/wp\/v2\/posts\/28543\/revisions"}],"predecessor-version":[{"id":28545,"href":"https:\/\/www.leccecronaca.it\/index.php\/wp-json\/wp\/v2\/posts\/28543\/revisions\/28545"}],"wp:featuredmedia":[{"embeddable":true,"href":"https:\/\/www.leccecronaca.it\/index.php\/wp-json\/wp\/v2\/media\/28544"}],"wp:attachment":[{"href":"https:\/\/www.leccecronaca.it\/index.php\/wp-json\/wp\/v2\/media?parent=28543"}],"wp:term":[{"taxonomy":"category","embeddable":true,"href":"https:\/\/www.leccecronaca.it\/index.php\/wp-json\/wp\/v2\/categories?post=28543"},{"taxonomy":"post_tag","embeddable":true,"href":"https:\/\/www.leccecronaca.it\/index.php\/wp-json\/wp\/v2\/tags?post=28543"}],"curies":[{"name":"wp","href":"https:\/\/api.w.org\/{rel}","templated":true}]}}