{"id":30169,"date":"2014-06-04T15:54:48","date_gmt":"2014-06-04T13:54:48","guid":{"rendered":"http:\/\/www.leccecronaca.it\/?p=30169"},"modified":"2014-06-04T15:54:48","modified_gmt":"2014-06-04T13:54:48","slug":"dal-19-al-21-giugnosquinzano-citta-della-musica","status":"publish","type":"post","link":"https:\/\/www.leccecronaca.it\/index.php\/2014\/06\/04\/dal-19-al-21-giugnosquinzano-citta-della-musica\/","title":{"rendered":"Dal 19 al 21 giugno\/SQUINZANO CITTA&#8217; DELLA MUSICA"},"content":{"rendered":"<p><a href=\"https:\/\/www.leccecronaca.it\/wordpress\/wp-content\/uploads\/2014\/06\/Nicola_Arigliano_nel_1970.jpg\"><img decoding=\"async\" loading=\"lazy\" width=\"511\" height=\"430\" title=\"Nicola_Arigliano_nel_1970\" class=\"alignnone size-full wp-image-30170\" alt=\"\" src=\"https:\/\/www.leccecronaca.it\/wordpress\/wp-content\/uploads\/2014\/06\/Nicola_Arigliano_nel_1970.jpg\" srcset=\"https:\/\/www.leccecronaca.it\/wordpress\/wp-content\/uploads\/2014\/06\/Nicola_Arigliano_nel_1970.jpg 511w, https:\/\/www.leccecronaca.it\/wordpress\/wp-content\/uploads\/2014\/06\/Nicola_Arigliano_nel_1970-300x252.jpg 300w\" sizes=\"(max-width: 511px) 100vw, 511px\" \/><\/a>Tre giorni di musica, incontri, mostre, jam session, dj set, dal 19 al 21 di questo mese,\u00a0con tre palchi in piazza Vittoria, per celebrare\u00a0Squinzano come citt\u00e0 della musica, che nel corso del Novecento ha visto crescere e affermarsi la grande tradizione bandistica, con la Banda\u00a0municipale ancora oggi\u00a0in giro per l\u2019Italia.<\/p>\n<p>Squinzano\u00a0inoltre\u00a0ha dato i natali a \u00a0Nicola Arigliano (nella foto d&#8217;archivio)<strong>,\u00a0<\/strong>\u00a0il cantante e musicista famoso soprattutto negli anni Sessanta, morto in solitudine in un centro per anziani di Calimera nel 2010, che sar\u00e0 ricordato con una mostra\u00a0a Palazzo Frassaniti, a cura di Giancarlo San\u00f2, e con l\u2019assegnazione di un premio riservato a giovani musicisti jazz.<\/p>\n<p>Prendano nota gli appassionati del programma annunciato dagli organizzatori, che pubblichiamo in anteprima qui di seguito.<\/p>\n<p><strong>Gioved\u00ec 19 giugno<\/strong> alle 20.30 il sassofonista <strong>Raffaele Casarano<\/strong> proporr\u00e0 i brani del suo recente cd <strong>No\u00e8<\/strong>.<\/p>\n<p>Alle 21.30 sar\u00e0 assegnato il <strong>Triangolino d&#8217;oro<\/strong>, festival dei piccoli in collaborazione con l&#8217;Istituto Comprensivo di Squinzano, condotto da Pino Lagalle e Ilia D&#8217;Arpa. Per chiudere la prima serata il palco principale accoglier\u00e0 la Tammurriata rock di <strong>Enrico Capuano<\/strong> (affiancato dal violinista salentino Peppe Giannuzzi), uno dei principali esponenti del nuovo Folk-rock italiano.<\/p>\n<p>La seconda serata ospiter\u00e0 dalle 20.30 <strong>Elisabetta Guido<\/strong>, artista poliedrica che spazia dal jazz, al soul, dal gospel al repertorio lirico, docente e pianista, cantante e direttrice di coro, autrice di musiche e testi e arrangiatrice, che presenter\u00e0 il suo ultimo lavoro discografico \u201cLet your voice dance\u201d. A seguire nell&#8217;atrio di Palazzo Frassaniti spazio a <strong>Larry Franco<\/strong>, musicista, cantante, insegnate al Conservatorio di Taranto, che nel corso della sua lunga carriera si \u00e8 esibito in festival di tutto il mondo, condivider\u00e0 il palco con <strong>Giampaolo Ascolese<\/strong>, batterista, percussionista e compositore, che ha avuto un&#8217;intensa collaborazione con Nicola Arigliano durata circa 20 anni, e <strong>Ilario De Marinis<\/strong> (basso acustico). Dalle 21.30 <strong>Salento Cantaestate<\/strong>, concorso riservato a brani editi, inediti e jazz. Ospiti della serata <strong>Franco Cerri;<\/strong> il saxofonista <strong>Fulvio Palese<\/strong> che presenter\u00e0 il suo recente \u201c<strong>The comics tune<\/strong>\u201d; <strong>Evy Arnesano<\/strong>, musicista, cantante, autrice, e produttrice di Squinzano, che ha pubblicato da pochi mesi il secondo album, auto prodotto, \u201cPiccoli frutti\u201d. In chiusura <strong>Su di Giri<\/strong>, dj set in collaborazione con Silb che vedr\u00e0 alternarsi Emanuele Ippolito, PaoloLofr\u00e8, Franz Basile, Federico Amoroso, Dj Kosmik, Dario Lotti.<\/p>\n<p>Nel corso della serata finale spazio invece dalle 20.30 a <strong>Franco Cerri<\/strong>, affiancato dalla band del chitarrista slaentino <strong>Giancarlo Del Vitto<\/strong>. Alle 21.30 cerimonia di consegna del <strong>Premio Vigna d\u2019argento<\/strong> presentato dalla speaker radiofonica <strong>Ilia d\u2019Arpa<\/strong> e da <strong>Keila Guilarte Gonzales<\/strong>, modella e \u201cmadre natura\u201d di un\u2019edizione di Ciao Darwin. Tra i premiati Antonio Maggio, Antonio Corian\u00f2, Enzo Garinei, Uccio De Santis, Congorock, Fef\u00e8 De Giorgi e altri importanti imprenditori e personalit\u00e0 della cultura e dello sport. In chiusura spazio alla musica dei <strong>Fabbrica Folk<\/strong>, band nata dall&#8217;ispirazione di sette musicisti\u00a0uniti dalle radici della tradizione salentina.<\/p>\n<p>&nbsp;<\/p>\n<p align=\"center\">\n<fb:like href='https:\/\/www.leccecronaca.it\/index.php\/2014\/06\/04\/dal-19-al-21-giugnosquinzano-citta-della-musica\/' send='true' layout='button_count' show_faces='true' width='450' height='65' action='recommend' colorscheme='light' font='lucida grande'><\/fb:like><span class=\"fb_share\"><fb:like href=\"https:\/\/www.leccecronaca.it\/index.php\/2014\/06\/04\/dal-19-al-21-giugnosquinzano-citta-della-musica\/\" layout=\"button_count\"><\/fb:like><\/span>","protected":false},"excerpt":{"rendered":"<p>Tre giorni di musica, incontri, mostre, jam session, dj set, dal 19 al 21 di questo mese,\u00a0con tre palchi in piazza Vittoria, per celebrare\u00a0Squinzano come citt\u00e0 della musica, che nel corso del Novecento ha visto crescere e affermarsi la grande tradizione bandistica, con la Banda\u00a0municipale ancora oggi\u00a0in giro per l\u2019Italia. Squinzano\u00a0inoltre\u00a0ha dato i natali a [&hellip;]<\/p>\n","protected":false},"author":4,"featured_media":30170,"comment_status":"open","ping_status":"closed","sticky":false,"template":"","format":"standard","meta":[],"categories":[31],"tags":[],"_links":{"self":[{"href":"https:\/\/www.leccecronaca.it\/index.php\/wp-json\/wp\/v2\/posts\/30169"}],"collection":[{"href":"https:\/\/www.leccecronaca.it\/index.php\/wp-json\/wp\/v2\/posts"}],"about":[{"href":"https:\/\/www.leccecronaca.it\/index.php\/wp-json\/wp\/v2\/types\/post"}],"author":[{"embeddable":true,"href":"https:\/\/www.leccecronaca.it\/index.php\/wp-json\/wp\/v2\/users\/4"}],"replies":[{"embeddable":true,"href":"https:\/\/www.leccecronaca.it\/index.php\/wp-json\/wp\/v2\/comments?post=30169"}],"version-history":[{"count":2,"href":"https:\/\/www.leccecronaca.it\/index.php\/wp-json\/wp\/v2\/posts\/30169\/revisions"}],"predecessor-version":[{"id":30172,"href":"https:\/\/www.leccecronaca.it\/index.php\/wp-json\/wp\/v2\/posts\/30169\/revisions\/30172"}],"wp:featuredmedia":[{"embeddable":true,"href":"https:\/\/www.leccecronaca.it\/index.php\/wp-json\/wp\/v2\/media\/30170"}],"wp:attachment":[{"href":"https:\/\/www.leccecronaca.it\/index.php\/wp-json\/wp\/v2\/media?parent=30169"}],"wp:term":[{"taxonomy":"category","embeddable":true,"href":"https:\/\/www.leccecronaca.it\/index.php\/wp-json\/wp\/v2\/categories?post=30169"},{"taxonomy":"post_tag","embeddable":true,"href":"https:\/\/www.leccecronaca.it\/index.php\/wp-json\/wp\/v2\/tags?post=30169"}],"curies":[{"name":"wp","href":"https:\/\/api.w.org\/{rel}","templated":true}]}}