{"id":30934,"date":"2014-06-19T14:33:24","date_gmt":"2014-06-19T12:33:24","guid":{"rendered":"http:\/\/www.leccecronaca.it\/?p=30934"},"modified":"2014-06-19T14:33:24","modified_gmt":"2014-06-19T12:33:24","slug":"seminario-per-ripensare-le-officine-cantelmo","status":"publish","type":"post","link":"https:\/\/www.leccecronaca.it\/index.php\/2014\/06\/19\/seminario-per-ripensare-le-officine-cantelmo\/","title":{"rendered":"SEMINARIO PER RIPENSARE LE OFFICINE CANTELMO"},"content":{"rendered":"<p><a href=\"https:\/\/www.leccecronaca.it\/wordpress\/wp-content\/uploads\/2014\/06\/BodyPart4.png\"><img decoding=\"async\" loading=\"lazy\" width=\"300\" height=\"93\" title=\"BodyPart\" class=\"alignnone size-medium wp-image-30935\" alt=\"\" src=\"https:\/\/www.leccecronaca.it\/wordpress\/wp-content\/uploads\/2014\/06\/BodyPart4-300x93.png\" srcset=\"https:\/\/www.leccecronaca.it\/wordpress\/wp-content\/uploads\/2014\/06\/BodyPart4-300x93.png 300w, https:\/\/www.leccecronaca.it\/wordpress\/wp-content\/uploads\/2014\/06\/BodyPart4.png 760w\" sizes=\"(max-width: 300px) 100vw, 300px\" \/><\/a>Pomeriggio di studi <strong>luned\u00ec 23 giugno<\/strong> (dalle 17.00 alle 20.00) nella Mediateca Polifunzionale delle Officine Cantelmo di Lecce\u00a0con i <strong>&#8220;Laboratori in cortile&#8221;\u00a0 per <\/strong>ripensare e immaginare il futuro del Centro per studenti e della Mediateca partendo dalla progettazione partecipata.<\/p>\n<p>Secondo Marco Cataldo, il presidente della Cooperativa che le gestisce, &#8220;<em>Le Officine Cantelmo in questi anni sono state un riferimento importante per la nostra citt\u00e0, un progetto nato da una cooperativa di ex-studenti che, grazie anche al contributo del Comune di Lecce e dell&#8217;Universit\u00e0 del Salento, \u00e8 cresciuto e si \u00e8 consolidato<\/em>&#8220;.<\/p>\n<p>Adesso si tratta di <em>&#8220;dare il via a un nuovo ciclo, un&#8217;evoluzione della struttura che\u00a0 tenga conto delle proposte di quanti operano nel mondo della cultura, dell&#8217;innovazione in tutte le sue forme e della sperimentazione di nuove progettualit\u00e0. L&#8217;intento \u00e8 quello di accogliere nuove sfide e dare vita a una programmazione condivisa, un nuovo corso che non pu\u00f2 prescindere dall&#8217;ascolto e dall&#8217;impiego di modelli di partecipazione&#8221;.<\/em><\/p>\n<fb:like href='https:\/\/www.leccecronaca.it\/index.php\/2014\/06\/19\/seminario-per-ripensare-le-officine-cantelmo\/' send='true' layout='button_count' show_faces='true' width='450' height='65' action='recommend' colorscheme='light' font='lucida grande'><\/fb:like><span class=\"fb_share\"><fb:like href=\"https:\/\/www.leccecronaca.it\/index.php\/2014\/06\/19\/seminario-per-ripensare-le-officine-cantelmo\/\" layout=\"button_count\"><\/fb:like><\/span>","protected":false},"excerpt":{"rendered":"<p>Pomeriggio di studi luned\u00ec 23 giugno (dalle 17.00 alle 20.00) nella Mediateca Polifunzionale delle Officine Cantelmo di Lecce\u00a0con i &#8220;Laboratori in cortile&#8221;\u00a0 per ripensare e immaginare il futuro del Centro per studenti e della Mediateca partendo dalla progettazione partecipata. Secondo Marco Cataldo, il presidente della Cooperativa che le gestisce, &#8220;Le Officine Cantelmo in questi anni [&hellip;]<\/p>\n","protected":false},"author":4,"featured_media":30935,"comment_status":"open","ping_status":"closed","sticky":false,"template":"","format":"standard","meta":[],"categories":[69],"tags":[],"_links":{"self":[{"href":"https:\/\/www.leccecronaca.it\/index.php\/wp-json\/wp\/v2\/posts\/30934"}],"collection":[{"href":"https:\/\/www.leccecronaca.it\/index.php\/wp-json\/wp\/v2\/posts"}],"about":[{"href":"https:\/\/www.leccecronaca.it\/index.php\/wp-json\/wp\/v2\/types\/post"}],"author":[{"embeddable":true,"href":"https:\/\/www.leccecronaca.it\/index.php\/wp-json\/wp\/v2\/users\/4"}],"replies":[{"embeddable":true,"href":"https:\/\/www.leccecronaca.it\/index.php\/wp-json\/wp\/v2\/comments?post=30934"}],"version-history":[{"count":2,"href":"https:\/\/www.leccecronaca.it\/index.php\/wp-json\/wp\/v2\/posts\/30934\/revisions"}],"predecessor-version":[{"id":30937,"href":"https:\/\/www.leccecronaca.it\/index.php\/wp-json\/wp\/v2\/posts\/30934\/revisions\/30937"}],"wp:featuredmedia":[{"embeddable":true,"href":"https:\/\/www.leccecronaca.it\/index.php\/wp-json\/wp\/v2\/media\/30935"}],"wp:attachment":[{"href":"https:\/\/www.leccecronaca.it\/index.php\/wp-json\/wp\/v2\/media?parent=30934"}],"wp:term":[{"taxonomy":"category","embeddable":true,"href":"https:\/\/www.leccecronaca.it\/index.php\/wp-json\/wp\/v2\/categories?post=30934"},{"taxonomy":"post_tag","embeddable":true,"href":"https:\/\/www.leccecronaca.it\/index.php\/wp-json\/wp\/v2\/tags?post=30934"}],"curies":[{"name":"wp","href":"https:\/\/api.w.org\/{rel}","templated":true}]}}