{"id":31022,"date":"2014-06-21T11:51:40","date_gmt":"2014-06-21T09:51:40","guid":{"rendered":"http:\/\/www.leccecronaca.it\/?p=31022"},"modified":"2014-06-26T16:36:59","modified_gmt":"2014-06-26T14:36:59","slug":"chi-rimane-chi-parte-chi-arriva","status":"publish","type":"post","link":"https:\/\/www.leccecronaca.it\/index.php\/2014\/06\/21\/chi-rimane-chi-parte-chi-arriva\/","title":{"rendered":"CHI RIMANE, CHI PARTE, CHI ARRIVA"},"content":{"rendered":"<p align=\"JUSTIFY\"><span style=\"font-size: medium;\"><strong><a href=\"https:\/\/www.leccecronaca.it\/wordpress\/wp-content\/uploads\/2014\/06\/m0_tml1841116985089_437765035221_1354702732.jpg\"><img decoding=\"async\" loading=\"lazy\" width=\"300\" height=\"189\" title=\"m0_tml1841116985089_437765035221_1354702732\" class=\"alignnone size-medium wp-image-31023\" alt=\"\" src=\"https:\/\/www.leccecronaca.it\/wordpress\/wp-content\/uploads\/2014\/06\/m0_tml1841116985089_437765035221_1354702732-300x189.jpg\" srcset=\"https:\/\/www.leccecronaca.it\/wordpress\/wp-content\/uploads\/2014\/06\/m0_tml1841116985089_437765035221_1354702732-300x189.jpg 300w, https:\/\/www.leccecronaca.it\/wordpress\/wp-content\/uploads\/2014\/06\/m0_tml1841116985089_437765035221_1354702732.jpg 400w\" sizes=\"(max-width: 300px) 100vw, 300px\" \/><\/a>Le mosse dell\u2019US Lecce per affrontare la nuova stagione<\/strong><\/span><\/p>\n<p align=\"JUSTIFY\"><span style=\"font-size: medium;\"><strong>di Laura Ricci<\/strong><\/span><\/p>\n<p><span style=\"font-size: medium;\">Terminata in malo modo la stagione 2013\/14, il <strong>Lecce <\/strong>deve nuovamente far fronte alla <strong>Lega Pro, <\/strong>quest&#8217;anno unica, anche se in tre gironi, ed ha bisogno di una squadra pronta a riportarlo nelle serie di alto livello.<\/span><\/p>\n<p><span style=\"font-size: medium;\">Vediamo cosa bolle in pentola.<\/span><\/p>\n<p><span style=\"font-size: medium;\">La famiglia <strong>Tesoro<\/strong>, prima di tutto, ha confermato che alla guida del Lecce ci sar\u00e0 ancora <strong>Franco Lerda,<\/strong> che per\u00f2 potr\u00e0 seguire ufficialmente i suoi ragazzi solo dal 31 dicembre 2014, causa la condanna che gli \u00e8 stata inflitta dopo le vicende durante il finale di Frosinone \u2013 Lecce.<\/span><\/p>\n<p>&nbsp;<\/p>\n<p><span style=\"font-size: medium;\"><strong>Antonio Tesoro<\/strong>, che da pochi giorni ha superato l\u2019esame per diventare Direttore Sportivo, si sta occupando del mercato iniziando da quella che sar\u00e0 l\u2019ossatura della rosa 2014\/15. <\/span><\/p>\n<p><span style=\"font-size: medium;\"><strong>Perucchini<\/strong>, <strong>Salvi<\/strong> e <strong>Papini<\/strong> hanno da poco firmato il rinnovo con la societ\u00e0 giallorossa, <strong>Abruzzese<\/strong> e <strong>Martinez <\/strong>probabilmente rimarranno e terranno fede al contratto ancora in corso. <\/span><\/p>\n<p>&nbsp;<\/p>\n<p><span style=\"font-size: medium;\">Sul piede di partenza, invece, ci sono <strong>Doumbia<\/strong>, <strong>Zigoni<\/strong>, <strong>Beretta<\/strong> e <strong>Ferreira Pinto<\/strong>, un pacchetto di attaccanti che lascia il Lecce con la forte necessit\u00e0 di ricostruire il reparto offensivo. <\/span><\/p>\n<p><span style=\"font-size: medium;\">Con <strong>Fabrizio Miccoli<\/strong> ancora in dubbio tra un&#8217;offerta venutagli dalla Turchia e la permanenza a Lecce, si sta cercando un attaccante che \u201cveda bene la porta\u201d e che assicuri un alto numero di goal. Si parla di <strong>Luigi Della Rocca<\/strong>, classe \u201984, che per\u00f2 quest\u2019anno ha messo a segno solo cinque reti, ma soprattutto di <strong>Felice Evacuo<\/strong> in scadenza con il <strong>Benevento<\/strong>. Il giocatore si \u00e8 espresso in maniera estremamente positiva davanti alla possibilit\u00e0 di trasferimento a Lecce, in queste ore si sta discutendo sul suo ingaggio per cercare di portarlo alla corte di Lerda. <\/span><\/p>\n<p><span style=\"font-size: medium;\">Per quanto riguarda le compropriet\u00e0, <strong>Todisco<\/strong>, classe 1995, \u00e8 stato confermato nella primavera del <strong>Genoa<\/strong>, cos\u00ec come <strong>Leonardo Nunzella<\/strong> che giocher\u00e0 anche il prossimo anno nel <strong>Lanciano<\/strong>. <\/span><\/p>\n<p>&nbsp;<\/p>\n<p><span style=\"font-size: medium;\"><strong>Laura Ricci<\/strong><\/span><\/p>\n<p>&nbsp;<\/p>\n<fb:like href='https:\/\/www.leccecronaca.it\/index.php\/2014\/06\/21\/chi-rimane-chi-parte-chi-arriva\/' send='true' layout='button_count' show_faces='true' width='450' height='65' action='recommend' colorscheme='light' font='lucida grande'><\/fb:like><span class=\"fb_share\"><fb:like href=\"https:\/\/www.leccecronaca.it\/index.php\/2014\/06\/21\/chi-rimane-chi-parte-chi-arriva\/\" layout=\"button_count\"><\/fb:like><\/span>","protected":false},"excerpt":{"rendered":"<p>Le mosse dell\u2019US Lecce per affrontare la nuova stagione di Laura Ricci Terminata in malo modo la stagione 2013\/14, il Lecce deve nuovamente far fronte alla Lega Pro, quest&#8217;anno unica, anche se in tre gironi, ed ha bisogno di una squadra pronta a riportarlo nelle serie di alto livello. Vediamo cosa bolle in pentola. La [&hellip;]<\/p>\n","protected":false},"author":4,"featured_media":31023,"comment_status":"open","ping_status":"closed","sticky":false,"template":"","format":"standard","meta":[],"categories":[28],"tags":[44],"_links":{"self":[{"href":"https:\/\/www.leccecronaca.it\/index.php\/wp-json\/wp\/v2\/posts\/31022"}],"collection":[{"href":"https:\/\/www.leccecronaca.it\/index.php\/wp-json\/wp\/v2\/posts"}],"about":[{"href":"https:\/\/www.leccecronaca.it\/index.php\/wp-json\/wp\/v2\/types\/post"}],"author":[{"embeddable":true,"href":"https:\/\/www.leccecronaca.it\/index.php\/wp-json\/wp\/v2\/users\/4"}],"replies":[{"embeddable":true,"href":"https:\/\/www.leccecronaca.it\/index.php\/wp-json\/wp\/v2\/comments?post=31022"}],"version-history":[{"count":3,"href":"https:\/\/www.leccecronaca.it\/index.php\/wp-json\/wp\/v2\/posts\/31022\/revisions"}],"predecessor-version":[{"id":31025,"href":"https:\/\/www.leccecronaca.it\/index.php\/wp-json\/wp\/v2\/posts\/31022\/revisions\/31025"}],"wp:featuredmedia":[{"embeddable":true,"href":"https:\/\/www.leccecronaca.it\/index.php\/wp-json\/wp\/v2\/media\/31023"}],"wp:attachment":[{"href":"https:\/\/www.leccecronaca.it\/index.php\/wp-json\/wp\/v2\/media?parent=31022"}],"wp:term":[{"taxonomy":"category","embeddable":true,"href":"https:\/\/www.leccecronaca.it\/index.php\/wp-json\/wp\/v2\/categories?post=31022"},{"taxonomy":"post_tag","embeddable":true,"href":"https:\/\/www.leccecronaca.it\/index.php\/wp-json\/wp\/v2\/tags?post=31022"}],"curies":[{"name":"wp","href":"https:\/\/api.w.org\/{rel}","templated":true}]}}