{"id":32641,"date":"2014-07-29T12:58:31","date_gmt":"2014-07-29T10:58:31","guid":{"rendered":"http:\/\/www.leccecronaca.it\/?p=32641"},"modified":"2014-07-29T12:58:31","modified_gmt":"2014-07-29T10:58:31","slug":"conferenza-stampa-presentazione-gallipoli-music-festival-28-luglio-2014","status":"publish","type":"post","link":"https:\/\/www.leccecronaca.it\/index.php\/2014\/07\/29\/conferenza-stampa-presentazione-gallipoli-music-festival-28-luglio-2014\/","title":{"rendered":"Conferenza stampa presentazione Gallipoli Music Festival  28 luglio 2014"},"content":{"rendered":"<p style=\"text-align: left;\" align=\"center\">Il Teatro Tito Schipa di Gallipoli presenta \u2018Gallipoli Music Festival\u2019, una rassegna concertistica con la quale intende proporre concerti di alto livello che coinvolgono artisti di fama internazionale, giovani leve e vincitori di concorsi internazionali. La programmazione prevede ben cinque appuntamenti e verr\u00e0 inaugurata sabato 2 agosto con il concerto d\u2019apertura tenuto dalla Salento Brass Ensemble \u2013 Dance Ensemble durante il quale si esibiranno la Salento Brass diretta dal maestro Martino Pezzolla. Protagoniste saranno le musiche di Copland, Ravel, Haendel e Rodriguez che verranno accompagnate dalle coreografie a cura di Simona Cerasa. La rassegna proseguir\u00e0 gioved\u00ec 7 agosto con \u2018Solo Flamenco\u2019 dedicato alle musiche andaluse eseguite dal JaLeo Trio formato dal chitarrista salentino Checco Leo, il percussionista Paolo Colazzo e dalla ballerina Barbara Vincenti. Mercoled\u00ec 13 agosto andr\u00e0 in scena \u2018Midsummer Jazz Concerts\u2019 con le meravigliose musiche jazz di Daniel Verdesca e\u00a0 \u2018The Latin Connection Sextet\u2019, mentre gioved\u00ec 21 agosto Rosanna Mancarella, cantante lirica e chitarrista, dar\u00e0 vita al concerto \u2018Nei salotti d\u2019Europa si cantava\u2019 con le arie da camera di compositori come Bellini, Donizetti e Rossini. Chiuder\u00e0 la rassegna l\u2019Orchestra da camera \u2018Teatro Tito Schipa\u2019 di Gallipoli con la direzione della maestra Paola Vizzi e i solisti Sergiu Carstea e Martino Pezzolla.<\/p>\n<p>La direzione artistica \u00e8 a cura del maestro Martino Pezzolla, docente di tromba presso il Conservatorio \u2018Umberto Giordano\u2019 di Foggia.<\/p>\n<p>L\u2019evento \u00e8 realizzato in collaborazione con l\u2019assessorato al turismo e allo spettacolo del comune di Gallipoli, l\u2019Accademia Euromediterranea di alta formazione artistica musicale e coreutica \u2018Claudio Abbaudo\u2019 e l\u2019Associazione Pro Loco di Gallipoli. <strong>L\u2019intera rassegna sar\u00e0 presentata ufficialmente luned\u00ec 28 luglio alle ore 19.30 presso il Salotto Culturale Sam\u00e0 di Lecce in Via Filippo Bacile,19, Lecce. Gli organi di stampa e comunicazione sono invitati a presenziare.<\/strong><strong><\/strong><\/p>\n<p align=\"right\">\n<p align=\"right\">\n<p align=\"right\">\n<p align=\"right\">Salotto Culturale Sam\u00e0<\/p>\n<fb:like href='https:\/\/www.leccecronaca.it\/index.php\/2014\/07\/29\/conferenza-stampa-presentazione-gallipoli-music-festival-28-luglio-2014\/' send='true' layout='button_count' show_faces='true' width='450' height='65' action='recommend' colorscheme='light' font='lucida grande'><\/fb:like><span class=\"fb_share\"><fb:like href=\"https:\/\/www.leccecronaca.it\/index.php\/2014\/07\/29\/conferenza-stampa-presentazione-gallipoli-music-festival-28-luglio-2014\/\" layout=\"button_count\"><\/fb:like><\/span>","protected":false},"excerpt":{"rendered":"<p>Il Teatro Tito Schipa di Gallipoli presenta \u2018Gallipoli Music Festival\u2019, una rassegna concertistica con la quale intende proporre concerti di alto livello che coinvolgono artisti di fama internazionale, giovani leve e vincitori di concorsi internazionali. La programmazione prevede ben cinque appuntamenti e verr\u00e0 inaugurata sabato 2 agosto con il concerto d\u2019apertura tenuto dalla Salento Brass [&hellip;]<\/p>\n","protected":false},"author":4,"featured_media":0,"comment_status":"open","ping_status":"closed","sticky":false,"template":"","format":"standard","meta":[],"categories":[36],"tags":[],"_links":{"self":[{"href":"https:\/\/www.leccecronaca.it\/index.php\/wp-json\/wp\/v2\/posts\/32641"}],"collection":[{"href":"https:\/\/www.leccecronaca.it\/index.php\/wp-json\/wp\/v2\/posts"}],"about":[{"href":"https:\/\/www.leccecronaca.it\/index.php\/wp-json\/wp\/v2\/types\/post"}],"author":[{"embeddable":true,"href":"https:\/\/www.leccecronaca.it\/index.php\/wp-json\/wp\/v2\/users\/4"}],"replies":[{"embeddable":true,"href":"https:\/\/www.leccecronaca.it\/index.php\/wp-json\/wp\/v2\/comments?post=32641"}],"version-history":[{"count":1,"href":"https:\/\/www.leccecronaca.it\/index.php\/wp-json\/wp\/v2\/posts\/32641\/revisions"}],"predecessor-version":[{"id":32642,"href":"https:\/\/www.leccecronaca.it\/index.php\/wp-json\/wp\/v2\/posts\/32641\/revisions\/32642"}],"wp:attachment":[{"href":"https:\/\/www.leccecronaca.it\/index.php\/wp-json\/wp\/v2\/media?parent=32641"}],"wp:term":[{"taxonomy":"category","embeddable":true,"href":"https:\/\/www.leccecronaca.it\/index.php\/wp-json\/wp\/v2\/categories?post=32641"},{"taxonomy":"post_tag","embeddable":true,"href":"https:\/\/www.leccecronaca.it\/index.php\/wp-json\/wp\/v2\/tags?post=32641"}],"curies":[{"name":"wp","href":"https:\/\/api.w.org\/{rel}","templated":true}]}}