{"id":33754,"date":"2014-08-17T09:40:05","date_gmt":"2014-08-17T07:40:05","guid":{"rendered":"http:\/\/www.leccecronaca.it\/?p=33754"},"modified":"2014-08-17T09:40:05","modified_gmt":"2014-08-17T07:40:05","slug":"aumentano-i-casi-di-febbre-del-nilo-occidentale","status":"publish","type":"post","link":"https:\/\/www.leccecronaca.it\/index.php\/2014\/08\/17\/aumentano-i-casi-di-febbre-del-nilo-occidentale\/","title":{"rendered":"AUMENTANO I CASI DI FEBBRE DEL NILO OCCIDENTALE"},"content":{"rendered":"<p><a href=\"https:\/\/www.leccecronaca.it\/wordpress\/wp-content\/uploads\/2014\/08\/zanzara.jpg\"><img decoding=\"async\" loading=\"lazy\" src=\"https:\/\/www.leccecronaca.it\/wordpress\/wp-content\/uploads\/2014\/08\/zanzara-300x198.jpg\" alt=\"\" title=\"zanzara\" width=\"300\" height=\"198\" class=\"aligncenter size-medium wp-image-33755\" srcset=\"https:\/\/www.leccecronaca.it\/wordpress\/wp-content\/uploads\/2014\/08\/zanzara-300x198.jpg 300w, https:\/\/www.leccecronaca.it\/wordpress\/wp-content\/uploads\/2014\/08\/zanzara.jpg 450w\" sizes=\"(max-width: 300px) 100vw, 300px\" \/><\/a>Questa settimana \u00e8 stato segnalato il primo caso di febbre del Nilo occidentale all&#8217;interno dell&#8217;Unione europea per la stagione di trasmissione della malattia 2014. Il caso, confermato dal centro greco per il controllo della malattia e prevenzione (KEELPNO), \u00e8 stato riscontrato su di un anziano residente nella regione Attica orientale del paese. Il contagio \u00e8 avvenuto nel paese dove \u00e8 presente la malattia. Mentre se questo \u00e8 il primo caso all&#8217;interno dell&#8217;UE, dai paesi confinanti sono stati segnalati altri casi. A partire dal 14\/08\/2014, complessivamente i casi di febbre del Nilo occidentale dell&#8217;area interessata sono 28. I due casi che si sono verificati nel mese di luglio sono stati segnalati da Israele questa settimana. Nelle settimane precedenti, la Russia, Serbia e Bosnia-Erzegovina hanno segnalato 25 casi probabili e confermati. In Italia sino ad oggi non sono stati segnalati casi, poich\u00e9 per gli esperti vi sar\u00e0 un aumento dell\u2019attivit\u00e0 del virus, sar\u00e0 necessaria una sorveglianza pi\u00f9 stretta. E\u2019 utile inoltre, per tali ragioni, tenere informati in modo chiaro i cittadini, senza creare allarmismi ingiustificati. Ricorda inoltre che il pi\u00f9 efficace mezzo di prevenzione \u00e8 l\u2019utilizzo di rimedi repellenti contro gli insetti, in modo da prevenire un eventuale puntura da parte della zanzara portatrice del virus. Si raccomanda inoltre di evitare in zone a rischio il contatto con animali deceduti e di prevenire la proliferazione delle zanzare limitando le superfici umide come il classico esempio del sottovaso rende bene l\u2019idea. Non esistono al momento vaccini o trattamenti specifici, vengono di norma usati farmaci per alleviare la sintomatologia tipica della malattia. Inoltre si ricorda che la segnalazione degli eventuali primi sintomi presso i pronto soccorsi pu\u00f2 aiutare a prevenire le gravi conseguenze che il contagio pu\u00f2 provocare specie nei soggetti pi\u00f9 deboli ed esposti.In particolare, il virus in questione appare con febbre moderata dopo pochi giorni di incubazione, che dura da tre a sei giorni, accompagnata da malessere generalizzato, anoressia, nausea, mal di testa, dolore oculare, mal di schiena, mialgie (dolori muscolari), tosse, eruzioni cutanee, diarrea, linfadenopatia e difficolt\u00e0 a respirare. In meno del 15% dei casi, negli anziani e nei soggetti pi\u00f9 deboli, possono aggiungersi gravi complicazioni neurologiche quali meningite o encefalite. I sintomi pi\u00f9 comunemente riportati da pazienti ospedalizzati con la forma pi\u00f9 severa dell&#8217;infezione erano: febbre elevata, forte mal di testa, debolezza e paralisi flaccida, sintomi gastrointestinali, modificazione dello stato mentale con disorientamento, tremori, convulsioni e coma. Pi\u00f9 rari casi di eruzione maculopapulare o morbilliforme sul tronco, collo, braccia o gambe; atassia, segni extrapiramidali come anormalit\u00e0 dei nervi cranici, mielite, neurite ottica, poliraciculite, attacchi epilettiformi. Generalmente il malato si rimette spontaneamente in 3-5 giorni, ma la malattia pu\u00f2 essere anche mortale in individui anziani e immunodepressi.<br \/>\nGiovanni D&#8217;Agata<\/p>\n<p><strong><br \/>\n<\/strong><\/p>\n<fb:like href='https:\/\/www.leccecronaca.it\/index.php\/2014\/08\/17\/aumentano-i-casi-di-febbre-del-nilo-occidentale\/' send='true' layout='button_count' show_faces='true' width='450' height='65' action='recommend' colorscheme='light' font='lucida grande'><\/fb:like><span class=\"fb_share\"><fb:like href=\"https:\/\/www.leccecronaca.it\/index.php\/2014\/08\/17\/aumentano-i-casi-di-febbre-del-nilo-occidentale\/\" layout=\"button_count\"><\/fb:like><\/span>","protected":false},"excerpt":{"rendered":"<p>Questa settimana \u00e8 stato segnalato il primo caso di febbre del Nilo occidentale all&#8217;interno dell&#8217;Unione europea per la stagione di trasmissione della malattia 2014. Il caso, confermato dal centro greco per il controllo della malattia e prevenzione (KEELPNO), \u00e8 stato riscontrato su di un anziano residente nella regione Attica orientale del paese. Il contagio \u00e8 [&hellip;]<\/p>\n","protected":false},"author":4,"featured_media":33755,"comment_status":"open","ping_status":"closed","sticky":false,"template":"","format":"standard","meta":[],"categories":[1],"tags":[],"_links":{"self":[{"href":"https:\/\/www.leccecronaca.it\/index.php\/wp-json\/wp\/v2\/posts\/33754"}],"collection":[{"href":"https:\/\/www.leccecronaca.it\/index.php\/wp-json\/wp\/v2\/posts"}],"about":[{"href":"https:\/\/www.leccecronaca.it\/index.php\/wp-json\/wp\/v2\/types\/post"}],"author":[{"embeddable":true,"href":"https:\/\/www.leccecronaca.it\/index.php\/wp-json\/wp\/v2\/users\/4"}],"replies":[{"embeddable":true,"href":"https:\/\/www.leccecronaca.it\/index.php\/wp-json\/wp\/v2\/comments?post=33754"}],"version-history":[{"count":1,"href":"https:\/\/www.leccecronaca.it\/index.php\/wp-json\/wp\/v2\/posts\/33754\/revisions"}],"predecessor-version":[{"id":33756,"href":"https:\/\/www.leccecronaca.it\/index.php\/wp-json\/wp\/v2\/posts\/33754\/revisions\/33756"}],"wp:featuredmedia":[{"embeddable":true,"href":"https:\/\/www.leccecronaca.it\/index.php\/wp-json\/wp\/v2\/media\/33755"}],"wp:attachment":[{"href":"https:\/\/www.leccecronaca.it\/index.php\/wp-json\/wp\/v2\/media?parent=33754"}],"wp:term":[{"taxonomy":"category","embeddable":true,"href":"https:\/\/www.leccecronaca.it\/index.php\/wp-json\/wp\/v2\/categories?post=33754"},{"taxonomy":"post_tag","embeddable":true,"href":"https:\/\/www.leccecronaca.it\/index.php\/wp-json\/wp\/v2\/tags?post=33754"}],"curies":[{"name":"wp","href":"https:\/\/api.w.org\/{rel}","templated":true}]}}