{"id":34020,"date":"2014-08-20T15:01:07","date_gmt":"2014-08-20T13:01:07","guid":{"rendered":"http:\/\/www.leccecronaca.it\/?p=34020"},"modified":"2014-08-20T15:01:07","modified_gmt":"2014-08-20T13:01:07","slug":"libro-a-testa-alta-di-paolo-miggiano","status":"publish","type":"post","link":"https:\/\/www.leccecronaca.it\/index.php\/2014\/08\/20\/libro-a-testa-alta-di-paolo-miggiano\/","title":{"rendered":"LIBRO: A TESTA ALTA DI PAOLO MIGGIANO"},"content":{"rendered":"<p align=\"center\"><a href=\"https:\/\/www.leccecronaca.it\/wordpress\/wp-content\/uploads\/2014\/08\/10459920_761199933931345_5433461526074979385_n.jpg\"><img decoding=\"async\" loading=\"lazy\" src=\"https:\/\/www.leccecronaca.it\/wordpress\/wp-content\/uploads\/2014\/08\/10459920_761199933931345_5433461526074979385_n-300x146.jpg\" alt=\"\" title=\"10459920_761199933931345_5433461526074979385_n\" width=\"300\" height=\"146\" class=\"size-medium wp-image-34021\" srcset=\"https:\/\/www.leccecronaca.it\/wordpress\/wp-content\/uploads\/2014\/08\/10459920_761199933931345_5433461526074979385_n-300x146.jpg 300w, https:\/\/www.leccecronaca.it\/wordpress\/wp-content\/uploads\/2014\/08\/10459920_761199933931345_5433461526074979385_n.jpg 960w\" sizes=\"(max-width: 300px) 100vw, 300px\" \/><\/a>Dopo Minervino, Lecce e Pulsano, \u00e8 la volta di Giurdignano, il villaggio megalitico d\u2019Italia, dove sar\u00e0 presentato il volume \u201cA TESTA ALTA\u201d di Paolo Miggiano (Di Girolamo Editore) che racconta la straordinaria storia di resistenza alla camorra di Federico Del Prete.<\/p>\n<p style=\"text-align: left;\" align=\"center\">\nL\u2019appuntamento per i cittadini del piccolo centro del Salento e per quanti si troveranno in vacanza da quelle parti \u00e8 per le ore 21.00 in Piazza Municipio, dove si illustrer\u00e0 la vicenda di un venditore ambulante che si era messo in testa di combattere la pi\u00f9 feroce cosca criminale della Campania.<\/p>\n<p style=\"text-align: left;\" align=\"center\">\n<p style=\"text-align: left;\" align=\"center\">Insieme all\u2019autore del libro, <strong>Paolo Miggiano<\/strong>,\u00a0ci sar\u00e0 <strong>Monica Gravante<\/strong>, Sindaco di Giurdignano, e <strong>Brizio Montinaro<\/strong>, fratello di Antonio, vittima della strage di Capaci.<\/p>\n<p style=\"text-align: left;\" align=\"center\">Le letture saranno interpretate da <strong>Arianna <\/strong>e<strong> Oreste Montinaro<\/strong>.<\/p>\n<p style=\"text-align: left;\" align=\"center\">La giornalista <strong>Paola Bisconti<\/strong> moderer\u00e0 il dibattito.<\/p>\n<p style=\"text-align: left;\" align=\"center\">\n<p align=\"center\">\n<p align=\"center\">\n<p align=\"center\">\n<p align=\"center\">\n<p align=\"right\">Il libro racconta la storia di Federico Del Prete, commerciante ambulante ucciso dalla camorra a Casal di Principe il 18 febbraio 2002. Per difendere la categoria dei venditori dei mercati, vessati e taglieggiati dalla camorra, Del Prete aveva fondato il Sindacato Nazionale Autonomo Ambulanti. Nonostante minacce e intimidazioni di ogni genere egli aveva denunciato estorsori e criminali e alla vigilia di un processo contro il feroce clan La Torre, il giorno prima della sua deposizione in tribunale, venne ammazzato. Del Prete fu un cittadino esemplare e coraggioso al quale lo Stato non seppe garantire protezione adeguata se non concedergli dopo morto la medaglia d&#8217;oro al valore civile. Questo libro, in una Italia di pavidi, di faccendieri, di corrotti e di collusi, restituisce per la prima volta la memoria di un uomo che seppe resistere e presenta l&#8217;azione di quanti, dopo la sua morte, si impegnarono efficacemente nella ricerca di esecutori e mandanti. Con una prefazione del magistrato Raffaele Cantone, una testimonianza di Gennaro Del Prete, figlio di Federico e una postfazione di don Tonino Palmese, referente campano di Libera.<\/p>\n<p>&nbsp;<\/p>\n<fb:like href='https:\/\/www.leccecronaca.it\/index.php\/2014\/08\/20\/libro-a-testa-alta-di-paolo-miggiano\/' send='true' layout='button_count' show_faces='true' width='450' height='65' action='recommend' colorscheme='light' font='lucida grande'><\/fb:like><span class=\"fb_share\"><fb:like href=\"https:\/\/www.leccecronaca.it\/index.php\/2014\/08\/20\/libro-a-testa-alta-di-paolo-miggiano\/\" layout=\"button_count\"><\/fb:like><\/span>","protected":false},"excerpt":{"rendered":"<p>Dopo Minervino, Lecce e Pulsano, \u00e8 la volta di Giurdignano, il villaggio megalitico d\u2019Italia, dove sar\u00e0 presentato il volume \u201cA TESTA ALTA\u201d di Paolo Miggiano (Di Girolamo Editore) che racconta la straordinaria storia di resistenza alla camorra di Federico Del Prete. L\u2019appuntamento per i cittadini del piccolo centro del Salento e per quanti si troveranno [&hellip;]<\/p>\n","protected":false},"author":4,"featured_media":34021,"comment_status":"open","ping_status":"closed","sticky":false,"template":"","format":"standard","meta":[],"categories":[57],"tags":[],"_links":{"self":[{"href":"https:\/\/www.leccecronaca.it\/index.php\/wp-json\/wp\/v2\/posts\/34020"}],"collection":[{"href":"https:\/\/www.leccecronaca.it\/index.php\/wp-json\/wp\/v2\/posts"}],"about":[{"href":"https:\/\/www.leccecronaca.it\/index.php\/wp-json\/wp\/v2\/types\/post"}],"author":[{"embeddable":true,"href":"https:\/\/www.leccecronaca.it\/index.php\/wp-json\/wp\/v2\/users\/4"}],"replies":[{"embeddable":true,"href":"https:\/\/www.leccecronaca.it\/index.php\/wp-json\/wp\/v2\/comments?post=34020"}],"version-history":[{"count":1,"href":"https:\/\/www.leccecronaca.it\/index.php\/wp-json\/wp\/v2\/posts\/34020\/revisions"}],"predecessor-version":[{"id":34022,"href":"https:\/\/www.leccecronaca.it\/index.php\/wp-json\/wp\/v2\/posts\/34020\/revisions\/34022"}],"wp:featuredmedia":[{"embeddable":true,"href":"https:\/\/www.leccecronaca.it\/index.php\/wp-json\/wp\/v2\/media\/34021"}],"wp:attachment":[{"href":"https:\/\/www.leccecronaca.it\/index.php\/wp-json\/wp\/v2\/media?parent=34020"}],"wp:term":[{"taxonomy":"category","embeddable":true,"href":"https:\/\/www.leccecronaca.it\/index.php\/wp-json\/wp\/v2\/categories?post=34020"},{"taxonomy":"post_tag","embeddable":true,"href":"https:\/\/www.leccecronaca.it\/index.php\/wp-json\/wp\/v2\/tags?post=34020"}],"curies":[{"name":"wp","href":"https:\/\/api.w.org\/{rel}","templated":true}]}}