{"id":34041,"date":"2014-08-20T17:23:54","date_gmt":"2014-08-20T15:23:54","guid":{"rendered":"http:\/\/www.leccecronaca.it\/?p=34041"},"modified":"2014-08-20T17:24:46","modified_gmt":"2014-08-20T15:24:46","slug":"mario-biondi-alle-cave-di-verdalia-2","status":"publish","type":"post","link":"https:\/\/www.leccecronaca.it\/index.php\/2014\/08\/20\/mario-biondi-alle-cave-di-verdalia-2\/","title":{"rendered":"MARIO BIONDI alle Cave di Verdalia"},"content":{"rendered":"<p style=\"text-align: left;\" align=\"center\"><a href=\"https:\/\/www.leccecronaca.it\/wordpress\/wp-content\/uploads\/2014\/08\/6x3.jpg\"><img decoding=\"async\" loading=\"lazy\" src=\"https:\/\/www.leccecronaca.it\/wordpress\/wp-content\/uploads\/2014\/08\/6x3-300x150.jpg\" alt=\"\" title=\"6x3\" width=\"300\" height=\"150\" class=\"aligncenter size-medium wp-image-34042\" srcset=\"https:\/\/www.leccecronaca.it\/wordpress\/wp-content\/uploads\/2014\/08\/6x3-300x150.jpg 300w, https:\/\/www.leccecronaca.it\/wordpress\/wp-content\/uploads\/2014\/08\/6x3.jpg 1000w\" sizes=\"(max-width: 300px) 100vw, 300px\" \/><\/a>Dopo il trionfo delle tre date in Brasile,\u00a0<strong>Mario Biondi<\/strong>, la voce pi\u00f9 black della musica italiana, anticipa il tour internazionale che lo vedr\u00e0 protagonista in autunno nelle principali citt\u00e0 d\u2019Europa, con delle tappe estive in Italia.\u00a0<strong>Unica tappa in Puglia<\/strong>, i<strong>l 21 Agosto<\/strong>\u00a0a partire dalle 22.00 a \u00a0Lecce: l\u2019artista italiano sar\u00e0 alle Cave di Verdalia per un concerto ricco di emozioni.<\/p>\n<p>La tourn\u00e8e arriva a\u00a0coronamento di un anno di grande successo per l\u2019artista in Italia e all\u2019estero: reduce dalla\u00a0<strong>pubblicazione in Europa e Sud America<\/strong>\u00a0di\u00a0<strong>\u201cSun\u201d\u00a0<\/strong>e dal\u00a0<strong>disco di platino<\/strong>\u00a0conquistato da\u00a0<strong>\u201cMario Christmas\u201d<\/strong>, il 2014 di\u00a0<strong>Mario Biondi<\/strong>\u00a0\u00e8 totalmente dedicato alla scena internazionale.<\/p>\n<p>Uno spettacolo nuovo con nuovi arrangiamenti in cui protagoniste assolute sono la musica e la sua calda, profonda e sensuale voce.<\/p>\n<p>Accompagnato dalla sua band, composta da Daniele Scannapieco al sassofono, Giovanni Amato alla tromba, Claudio Filippini al piano, Luca Florian alle percussioni, Tommaso Scannapieco al contrabbasso e Lorenzo Tucci alla batteria, Mario Biondi porter\u00e0 in scena lo spettacolo \u201cNotte da\u2026 Jazz\u201d, nel quale proporr\u00e0 i suoi pi\u00f9 grandi successi, da \u201cIf\u201d a \u201cThis is what you are\u201d, passando per \u201cI love you more\u201d, ricreando la magica atmosfera degli storici e prestigiosi jazz club.<\/p>\n<p>Dopo le tappe estive, il 13 ottobre, da Parigi, partir\u00e0 il tour europeo,\u00a0che arriver\u00e0 nei club e nei teatri pi\u00f9 prestigiosi di\u00a0Inghilterra, Germania, Francia e Olanda.<\/p>\n<p>Salito alla ribalta del grande pubblico ormai un decennio fa grazie al celebre singolo \u201cThis is what you are\u201d, pezzo grazie al quale per la prima volta il mondo si \u00e8 accorto della sua voce calda che tanto ricorda Barry White, il cantante catanese ha in realt\u00e0 costruito la sua fama gi\u00e0 dalla fine degli anni \u201980, facendo da spalla ad un grande della musica come Ray Charles.<\/p>\n<p><a href=\"http:\/\/webmaildomini.aruba.it\/ext_aruba\/classic\/html\/mainframe.html?_v_=v4r2b25.20140711_1600?lang=it&amp;flavour=orange&amp;theme=ext_aruba\/classic&amp;useSprite=0\">Oggi<\/a>\u00a0Mario Biondi \u00e8 un musicista di fama internazionale, apprezzato ovunque per la sua voce potente, profonda e intensa, che si sposa meravigliosamente con il suo soul jazz presentato e musicato in tutte le sfaccettature possibili, in cui trovano spazio accenni di funk e R\u2019n\u2019B dal sapore retr\u00f2 e moderno allo stesso tempo.<\/p>\n<div><\/div>\n<fb:like href='https:\/\/www.leccecronaca.it\/index.php\/2014\/08\/20\/mario-biondi-alle-cave-di-verdalia-2\/' send='true' layout='button_count' show_faces='true' width='450' height='65' action='recommend' colorscheme='light' font='lucida grande'><\/fb:like><span class=\"fb_share\"><fb:like href=\"https:\/\/www.leccecronaca.it\/index.php\/2014\/08\/20\/mario-biondi-alle-cave-di-verdalia-2\/\" layout=\"button_count\"><\/fb:like><\/span>","protected":false},"excerpt":{"rendered":"<p>Dopo il trionfo delle tre date in Brasile,\u00a0Mario Biondi, la voce pi\u00f9 black della musica italiana, anticipa il tour internazionale che lo vedr\u00e0 protagonista in autunno nelle principali citt\u00e0 d\u2019Europa, con delle tappe estive in Italia.\u00a0Unica tappa in Puglia, il 21 Agosto\u00a0a partire dalle 22.00 a \u00a0Lecce: l\u2019artista italiano sar\u00e0 alle Cave di Verdalia per [&hellip;]<\/p>\n","protected":false},"author":4,"featured_media":34042,"comment_status":"open","ping_status":"closed","sticky":false,"template":"","format":"standard","meta":[],"categories":[1],"tags":[],"_links":{"self":[{"href":"https:\/\/www.leccecronaca.it\/index.php\/wp-json\/wp\/v2\/posts\/34041"}],"collection":[{"href":"https:\/\/www.leccecronaca.it\/index.php\/wp-json\/wp\/v2\/posts"}],"about":[{"href":"https:\/\/www.leccecronaca.it\/index.php\/wp-json\/wp\/v2\/types\/post"}],"author":[{"embeddable":true,"href":"https:\/\/www.leccecronaca.it\/index.php\/wp-json\/wp\/v2\/users\/4"}],"replies":[{"embeddable":true,"href":"https:\/\/www.leccecronaca.it\/index.php\/wp-json\/wp\/v2\/comments?post=34041"}],"version-history":[{"count":2,"href":"https:\/\/www.leccecronaca.it\/index.php\/wp-json\/wp\/v2\/posts\/34041\/revisions"}],"predecessor-version":[{"id":34044,"href":"https:\/\/www.leccecronaca.it\/index.php\/wp-json\/wp\/v2\/posts\/34041\/revisions\/34044"}],"wp:featuredmedia":[{"embeddable":true,"href":"https:\/\/www.leccecronaca.it\/index.php\/wp-json\/wp\/v2\/media\/34042"}],"wp:attachment":[{"href":"https:\/\/www.leccecronaca.it\/index.php\/wp-json\/wp\/v2\/media?parent=34041"}],"wp:term":[{"taxonomy":"category","embeddable":true,"href":"https:\/\/www.leccecronaca.it\/index.php\/wp-json\/wp\/v2\/categories?post=34041"},{"taxonomy":"post_tag","embeddable":true,"href":"https:\/\/www.leccecronaca.it\/index.php\/wp-json\/wp\/v2\/tags?post=34041"}],"curies":[{"name":"wp","href":"https:\/\/api.w.org\/{rel}","templated":true}]}}