{"id":34049,"date":"2014-08-20T21:50:58","date_gmt":"2014-08-20T19:50:58","guid":{"rendered":"http:\/\/www.leccecronaca.it\/?p=34049"},"modified":"2014-08-20T21:50:58","modified_gmt":"2014-08-20T19:50:58","slug":"bronzi-allexpo-buttiamoli-in-mare","status":"publish","type":"post","link":"https:\/\/www.leccecronaca.it\/index.php\/2014\/08\/20\/bronzi-allexpo-buttiamoli-in-mare\/","title":{"rendered":"BRONZI ALL&#8217;EXPO? BUTTIAMOLI IN MARE!"},"content":{"rendered":"<p><em><a href=\"https:\/\/www.leccecronaca.it\/wordpress\/wp-content\/uploads\/2014\/08\/bronzi-riace.jpg\"><img decoding=\"async\" loading=\"lazy\" src=\"https:\/\/www.leccecronaca.it\/wordpress\/wp-content\/uploads\/2014\/08\/bronzi-riace-300x201.jpg\" alt=\"\" title=\"bronzi-riace\" width=\"300\" height=\"201\" class=\"aligncenter size-medium wp-image-34050\" srcset=\"https:\/\/www.leccecronaca.it\/wordpress\/wp-content\/uploads\/2014\/08\/bronzi-riace-300x201.jpg 300w, https:\/\/www.leccecronaca.it\/wordpress\/wp-content\/uploads\/2014\/08\/bronzi-riace-1024x687.jpg 1024w, https:\/\/www.leccecronaca.it\/wordpress\/wp-content\/uploads\/2014\/08\/bronzi-riace.jpg 1078w\" sizes=\"(max-width: 300px) 100vw, 300px\" \/><\/a>Riceviamo e volentieri pubblichiamo.<\/em><\/p>\n<p>Bronzi all&#8217; Expo di Milano ? Nemmeno a pensarci !!<br \/>\nFragili o meno che siano,questo non conta.<br \/>\nI Bronzi di Riace devono restare dove sono, a Reggio Calabria. Non sono ancora terminati i lavori al Museo Nazionale che permettono di rivederli e gi\u00e0 li vogliono togliere per portarli all&#8217;Exp\u00f2 Universale&#8230;.del corno universale !<br \/>\nMiliardi spesi (e milioni rubati) solo ed esclusivamente nell&#8217;interesse del Nord e dei potentati partitocratici romani.<br \/>\nChe, infatti, sono uniti nella richiesta.<br \/>\nPartita da Maroni e supportata &#8220;tecnicamente&#8221; da Sgarbi.<br \/>\nPer &#8220;spogliare&#8221; ancora una volta il Sud di una delle pochissime risorse ancora attive.<br \/>\n&#8220;Temporaneamente&#8221;, cos\u00ec dicono, ma non si sa mai.<br \/>\nVero che a Reggio Calabria niente hanno fatto le istituzioni locali per agevolarne la visione e che pochissimi sono, a fronte delle potenzialit\u00e0, quanti vengono a vederli.<br \/>\nMa i governi di Roma (e Milano, perch\u00e9 Maroni ministro era) niente di niente hanno fatto per il Sud e per la Calabria in particolare.<br \/>\nAncora, dopo 50 anni, neppure la famigerata Salerno-Reggio Calabria \u00e8 completata.<br \/>\nNessuna infrastruttura \u00e8 stata inaugurata sotto la &#8220;linea gotica&#8221;. Niente Alta Velocit\u00e0, niente Ponte di Messina, niente scuole, ospedali, universit\u00e0.<br \/>\nNiente fabbriche, asili nido, porti, aeroporti e strutture di pubblica utilit\u00e0.<br \/>\nSempre stato cos\u00ec da Garibaldi in poi.<br \/>\nL&#8217;unico che fece qualcosa fu Mussolini, pensa un poco ! Ma neppure tanto, perch\u00e9 ebbe solo un Ventennio.<br \/>\nPoi con tutti e con chiunque, solita storia : al Sud prendi i soldi e scappa!<br \/>\nCerto con l&#8217;abbondante complicit\u00e0 di intere popolazioni e la schifosa mala razza politica indigena.<br \/>\nMa la verit\u00e0 \u00e8 proprio questa, piaccia o meno a tanti : sempre e solo al Nord (compresa Roma) si \u00e8 pensato dal dopoguerra ad\u00a0<a href=\"http:\/\/webmaildomini.aruba.it\/ext_aruba\/classic\/html\/mainframe.html?_v_=v4r2b25.20140711_1600?lang=it&amp;flavour=orange&amp;theme=ext_aruba\/classic&amp;useSprite=0\">oggi<\/a>, pure e soprattutto con la Repubblica.<br \/>\nQuindi NIENTE BRONZI ALLA EXP\u00d2, PIUTTOSTO\u00a0 GETTIAMOLI A MARE !!<\/p>\n<p>Grazie per l&#8217;attenzione<br \/>\nVincenzo Mannello<\/p>\n<fb:like href='https:\/\/www.leccecronaca.it\/index.php\/2014\/08\/20\/bronzi-allexpo-buttiamoli-in-mare\/' send='true' layout='button_count' show_faces='true' width='450' height='65' action='recommend' colorscheme='light' font='lucida grande'><\/fb:like><span class=\"fb_share\"><fb:like href=\"https:\/\/www.leccecronaca.it\/index.php\/2014\/08\/20\/bronzi-allexpo-buttiamoli-in-mare\/\" layout=\"button_count\"><\/fb:like><\/span>","protected":false},"excerpt":{"rendered":"<p>Riceviamo e volentieri pubblichiamo. Bronzi all&#8217; Expo di Milano ? Nemmeno a pensarci !! Fragili o meno che siano,questo non conta. I Bronzi di Riace devono restare dove sono, a Reggio Calabria. Non sono ancora terminati i lavori al Museo Nazionale che permettono di rivederli e gi\u00e0 li vogliono togliere per portarli all&#8217;Exp\u00f2 Universale&#8230;.del corno [&hellip;]<\/p>\n","protected":false},"author":4,"featured_media":34050,"comment_status":"open","ping_status":"closed","sticky":false,"template":"","format":"standard","meta":[],"categories":[36],"tags":[],"_links":{"self":[{"href":"https:\/\/www.leccecronaca.it\/index.php\/wp-json\/wp\/v2\/posts\/34049"}],"collection":[{"href":"https:\/\/www.leccecronaca.it\/index.php\/wp-json\/wp\/v2\/posts"}],"about":[{"href":"https:\/\/www.leccecronaca.it\/index.php\/wp-json\/wp\/v2\/types\/post"}],"author":[{"embeddable":true,"href":"https:\/\/www.leccecronaca.it\/index.php\/wp-json\/wp\/v2\/users\/4"}],"replies":[{"embeddable":true,"href":"https:\/\/www.leccecronaca.it\/index.php\/wp-json\/wp\/v2\/comments?post=34049"}],"version-history":[{"count":1,"href":"https:\/\/www.leccecronaca.it\/index.php\/wp-json\/wp\/v2\/posts\/34049\/revisions"}],"predecessor-version":[{"id":34051,"href":"https:\/\/www.leccecronaca.it\/index.php\/wp-json\/wp\/v2\/posts\/34049\/revisions\/34051"}],"wp:featuredmedia":[{"embeddable":true,"href":"https:\/\/www.leccecronaca.it\/index.php\/wp-json\/wp\/v2\/media\/34050"}],"wp:attachment":[{"href":"https:\/\/www.leccecronaca.it\/index.php\/wp-json\/wp\/v2\/media?parent=34049"}],"wp:term":[{"taxonomy":"category","embeddable":true,"href":"https:\/\/www.leccecronaca.it\/index.php\/wp-json\/wp\/v2\/categories?post=34049"},{"taxonomy":"post_tag","embeddable":true,"href":"https:\/\/www.leccecronaca.it\/index.php\/wp-json\/wp\/v2\/tags?post=34049"}],"curies":[{"name":"wp","href":"https:\/\/api.w.org\/{rel}","templated":true}]}}