{"id":34067,"date":"2014-08-21T17:57:57","date_gmt":"2014-08-21T15:57:57","guid":{"rendered":"http:\/\/www.leccecronaca.it\/?p=34067"},"modified":"2014-08-21T17:57:57","modified_gmt":"2014-08-21T15:57:57","slug":"concertone-notte-di-san-rocco","status":"publish","type":"post","link":"https:\/\/www.leccecronaca.it\/index.php\/2014\/08\/21\/concertone-notte-di-san-rocco\/","title":{"rendered":"CONCERTONE NOTTE DI SAN ROCCO"},"content":{"rendered":"<p><a href=\"https:\/\/www.leccecronaca.it\/wordpress\/wp-content\/uploads\/2013\/08\/san-rocco.jpg\"><img decoding=\"async\" loading=\"lazy\" src=\"https:\/\/www.leccecronaca.it\/wordpress\/wp-content\/uploads\/2013\/08\/san-rocco-300x200.jpg\" alt=\"\" title=\"san rocco\" width=\"300\" height=\"200\" class=\"aligncenter size-medium wp-image-19655\" srcset=\"https:\/\/www.leccecronaca.it\/wordpress\/wp-content\/uploads\/2013\/08\/san-rocco-300x200.jpg 300w, https:\/\/www.leccecronaca.it\/wordpress\/wp-content\/uploads\/2013\/08\/san-rocco-1024x682.jpg 1024w, https:\/\/www.leccecronaca.it\/wordpress\/wp-content\/uploads\/2013\/08\/san-rocco.jpg 1500w\" sizes=\"(max-width: 300px) 100vw, 300px\" \/><\/a>Si riconferma uno degli appuntamenti pi\u00f9 attesi dell\u2019estate salentina, il Concertone della \u201cNotte di San Rocco\u201d, che \u00e8 andato in scena ieri Luned\u00ec 18 Agosto 2014 sul Piazzale antistante il Santuario di San Rocco di Torrepaduli, Frazione di Ruffano e diffuso per oltre 8 ore dalle emittenti televisive Telerama e Telesalento e anche sui Canali Regionali Vila LA Puglia e Viva La Sicilia e sul canale nazionali Italia 161 oltre che su Sky.<\/p>\n<p>&nbsp;<\/p>\n<p>La Notte di San Rocco, antica festa della notte tra il 15 e il 16 agosto, \u00e8 uno dei pochi eventi che riesce a coniugare in un perfetto connubio devozione religiosa e cultura popolare, tradizione e modernit\u00e0 e la Fondazione \u201cNotte di San Rocco di Torrepaduli\u201d con il Concertone del 18 Agosto \u00e8 riuscita a ritagliarsi prima e consolidare poi una propria identit\u00e0 senza togliere spazio ed importanza alla pi\u00f9 antica festa della notte di ferragosto.<\/p>\n<p>&nbsp;<\/p>\n<p>Il primo obiettivo della Fondazione Notte di San Rocco di Torrepaduli \u00e8 la tutela dell&#8217;identit\u00e0 culturale di un bacino territoriale che si ritrova nella storia centenaria del culto e della tradizione di San Rocco di Torrepaduli e per questo si adopera per il rilancio della NOTTE DI San ROCCO del 15 Agosto anche grazie al successivo evento mediatico del CONCERTONE del 18 Agosto.<\/p>\n<p>&nbsp;<\/p>\n<p>E ieri dalle 21 all\u2019alba del giorno dopo accanto ai nomi pi\u00f9 famosi, come Morgan ed Enzo Avitabile, che hanno mandato in delirio la folla, sono sfilati Cesare Dell\u2019Anna e Opa Cupa, Rocco Nigro e Rachele Andrioli, i Salento Calls Italy con Danilo Secl\u00ec DJ, Cesko e Puccia degli Apres La Classe, Luca Bovino e Marco Santoro ed ancora I Mariglia Pizzica Salentina, I Tamburellisti di Torrepaduli, che hanno riabbracciato la loro piazza dopo l\u2019assenza dello scorso anno, ma anche il Tamburellisti Francesco \u201cKimbo\u201d De Donatis, Giole Nuzzo e Salvatore Crudo che ha regalato una suggestiva esibizione di danza scherma o danza delle spade, la violinista Asia Macchia che si \u00e8 esibita con le Pizzicate del Maestro Luigi Stifani, e una pizzica a ronda di Romolo Crudo s Angela De Donatis, con il tamburello di Francesco \u201cKimbo\u201d De Donatis e l\u2019armonica a bocca di Giacomo Casciario.<\/p>\n<p>&nbsp;<\/p>\n<p>All\u2019inizio della serata, come sigla, un video del Ballo di San Vito eseguito da Vinicio Capossela nell\u2019Edizione 2013 con la coerografia della ballerina del Cilento Gessica Alfieri.<\/p>\n<p>&nbsp;<\/p>\n<p>Non solo musica ma anche e soprattutto cultura.<\/p>\n<p>&nbsp;<\/p>\n<p>Ed infatti la Direttrice Artistica Rosaria Ricchiuto, che ha condotto la serata, ha voluto ricordare il maestro del Tamburello Amedeo De Rosa ed il violinista delle tarantate Luigi Stifani, con la proezioni di due video d\u2019epoca, e ha invitato sul palco la figlia di Stifanoi, Giovanna, che si \u00e8 esibita con la canzone popolare de Lu Monacu, e i quasi centenari cantori salentini Giovanni Vantaggiato e Cici Cafaro che hanno regalato alla folla entusiasta alcuni stornelli della tradizione.<\/p>\n<p>&nbsp;<\/p>\n<p>Grande attenzione \u00e8 stata rivolta alla danza dei coltelli o danza delle spade, e ad un tipo particolare di pizzica detta pizzica a scherma con due esibizioni molto particolari.<\/p>\n<p>&nbsp;<\/p>\n<p>La presenza del regista Giovanni Veronesi e dell\u2019attore Luis Molteni, i saluti sul Palco del Presidente della Provincia di Lecce Antonio Gabellone, del Sindaco di Ruffano Carlo Russo, del Presidente della Fondazione Notte di San Rocco di Torrepaduli Pasquale Gaetani e dell\u2019editore di Telerama Paolo Pagliaro assieme alle interviste agli imprenditori Giuseppe Maria Ricchiuto di Specchiasol, Vito Vergine delle Maldive del Salento e Raffaele De Iaco della De Iaco Security hanno fatto da corollario alla musica, anche per rendere unico l\u2019evento del Concertone senza rischiare di farlo confondere con i tanti concerti che si susseguono quotidianamente nei cento comuni salentini.<\/p>\n<p>&nbsp;<\/p>\n<p>Infine la solidariet\u00e0 con la partecipazione sul palco dello\u2019Associazione i Colori del Vento di Ruffano con il Presidente Massimo Casto e la Vice Presidente Donatella Zezza che accompagnata dal marito e dai due figlioli ha regalato una esibizione di pizzica con i tamburelli, a testimonianz che con la musica si pu\u00f2 superare anche la disabilit\u00e0.<\/p>\n<p>&nbsp;<\/p>\n<p>Un evento che oltre alla importante matrice culturale ha anche un ricco programma musicale e di spettacolo e che lascer\u00e0 una traccia non solo all\u2019interno del Salento ma anche con una forte azione di marketing territoriale verso l\u2019esterno.<\/p>\n<p>&nbsp;<\/p>\n<p>&nbsp;<\/p>\n<p>&nbsp;<\/p>\n<p>&nbsp;<\/p>\n<fb:like href='https:\/\/www.leccecronaca.it\/index.php\/2014\/08\/21\/concertone-notte-di-san-rocco\/' send='true' layout='button_count' show_faces='true' width='450' height='65' action='recommend' colorscheme='light' font='lucida grande'><\/fb:like><span class=\"fb_share\"><fb:like href=\"https:\/\/www.leccecronaca.it\/index.php\/2014\/08\/21\/concertone-notte-di-san-rocco\/\" layout=\"button_count\"><\/fb:like><\/span>","protected":false},"excerpt":{"rendered":"<p>Si riconferma uno degli appuntamenti pi\u00f9 attesi dell\u2019estate salentina, il Concertone della \u201cNotte di San Rocco\u201d, che \u00e8 andato in scena ieri Luned\u00ec 18 Agosto 2014 sul Piazzale antistante il Santuario di San Rocco di Torrepaduli, Frazione di Ruffano e diffuso per oltre 8 ore dalle emittenti televisive Telerama e Telesalento e anche sui Canali [&hellip;]<\/p>\n","protected":false},"author":4,"featured_media":19655,"comment_status":"open","ping_status":"closed","sticky":false,"template":"","format":"standard","meta":[],"categories":[31],"tags":[],"_links":{"self":[{"href":"https:\/\/www.leccecronaca.it\/index.php\/wp-json\/wp\/v2\/posts\/34067"}],"collection":[{"href":"https:\/\/www.leccecronaca.it\/index.php\/wp-json\/wp\/v2\/posts"}],"about":[{"href":"https:\/\/www.leccecronaca.it\/index.php\/wp-json\/wp\/v2\/types\/post"}],"author":[{"embeddable":true,"href":"https:\/\/www.leccecronaca.it\/index.php\/wp-json\/wp\/v2\/users\/4"}],"replies":[{"embeddable":true,"href":"https:\/\/www.leccecronaca.it\/index.php\/wp-json\/wp\/v2\/comments?post=34067"}],"version-history":[{"count":1,"href":"https:\/\/www.leccecronaca.it\/index.php\/wp-json\/wp\/v2\/posts\/34067\/revisions"}],"predecessor-version":[{"id":34068,"href":"https:\/\/www.leccecronaca.it\/index.php\/wp-json\/wp\/v2\/posts\/34067\/revisions\/34068"}],"wp:featuredmedia":[{"embeddable":true,"href":"https:\/\/www.leccecronaca.it\/index.php\/wp-json\/wp\/v2\/media\/19655"}],"wp:attachment":[{"href":"https:\/\/www.leccecronaca.it\/index.php\/wp-json\/wp\/v2\/media?parent=34067"}],"wp:term":[{"taxonomy":"category","embeddable":true,"href":"https:\/\/www.leccecronaca.it\/index.php\/wp-json\/wp\/v2\/categories?post=34067"},{"taxonomy":"post_tag","embeddable":true,"href":"https:\/\/www.leccecronaca.it\/index.php\/wp-json\/wp\/v2\/tags?post=34067"}],"curies":[{"name":"wp","href":"https:\/\/api.w.org\/{rel}","templated":true}]}}