{"id":34075,"date":"2014-08-21T18:07:53","date_gmt":"2014-08-21T16:07:53","guid":{"rendered":"http:\/\/www.leccecronaca.it\/?p=34075"},"modified":"2014-08-21T18:07:53","modified_gmt":"2014-08-21T16:07:53","slug":"forza-italia-anche-a-nardo-e-il-partito-dei-paradossi","status":"publish","type":"post","link":"https:\/\/www.leccecronaca.it\/index.php\/2014\/08\/21\/forza-italia-anche-a-nardo-e-il-partito-dei-paradossi\/","title":{"rendered":"Forza Italia, anche a Nard\u00f2, \u00e8 il partito dei paradossi."},"content":{"rendered":"<p><a href=\"https:\/\/www.leccecronaca.it\/wordpress\/wp-content\/uploads\/2014\/05\/IMM5S.jpg\"><img decoding=\"async\" loading=\"lazy\" src=\"https:\/\/www.leccecronaca.it\/wordpress\/wp-content\/uploads\/2014\/05\/IMM5S.jpg\" alt=\"\" title=\"IMM5S\" width=\"198\" height=\"200\" class=\"aligncenter size-full wp-image-29947\" \/><\/a>Gli azzurri neritini anzich\u00e9 addossare le responsabilit\u00e0 delle note criticit\u00e0 che interessavano e interessano il Parco di Portoselvaggio e la Palude del Capitano a Flavio Maglio (che in questi 5 lunghi anni, direttamente o indirettamente, ha &#8220;gestito&#8221; l&#8217;Area Protetta neretina) addirittura lo difendono a spada tratta! Probabilmente per costruire assieme allo stesso alleanze in vista delle prossime elezioni regionali e amministrative.<\/p>\n<p>Altrimenti non capiamo come si possa difendere chi:<\/p>\n<p>&#8211; dopo un numero enorme di consulenze con incarichi fiduciari ancora non sia riuscito a dotare Portoselvaggio di un Piano del Parco. Nonostante, badate bene, la Provincia nel 2011 abbia consegnato al Comune di Nard\u00f2 gran parte del materiale utile a redigerlo;<\/p>\n<p>&#8211; ha perorato la causa del declassamento del Parco ad &#8220;Area Attrezzata a Servizio dei Parchi di nuova istituzione dell&#8217;Area Ionico &#8211; Salentina&#8221;;<\/p>\n<p>&#8211; non ha evitato che alla Casa del Capitano venissero perpetrati atti vandalici attraverso l&#8217;installazione di un idoneo sistema di video sorveglianza;<\/p>\n<p>&#8211; non sia riuscito a dotare Nard\u00f2 di un Piano Coste nonostante gi\u00e0 dal 2012 la Regione abbia licenziato il Piano Regionale delle Coste;<\/p>\n<p>&#8211; ha difeso a spada tratta un bando per la gestione del Parco bocciato anche da gran parte della sua stessa maggioranza. E tanto altro ancora&#8230;<\/p>\n<p>Per questa difesa d&#8217;ufficio gli uomini di Frasca hanno usato come capro espiatorio l&#8217;operato delle passate amministrazioni o addirittura quello di quella attuale che starebbe &#8220;contenendo&#8221; le iniziative dello scalpitante Maglio. E meno male, aggiungiamo noi, visto il modus operandi dell&#8217;assessore&#8230;<\/p>\n<p>In ogni caso abbiamo visto apposta anche la firma del Presidente della Commissione Controllo e Garanzia a margine del predetto, patetico comunicato stampa a difesa di Maglio. Ci chiediamo quale imparzialit\u00e0 possa avere nell&#8217;espletare tale importante ruolo il consigliere suddetto. Le convocazioni di tale Commissione ci risulta siano state assai sporadiche, una ventina in 3 anni in un Comune come quello di Nard\u00f2 coi problemi che tutto conosciamo&#8230; Si capisce forse ora perch\u00e9 ancor pi\u00f9 rare siano state le convocazioni di tale Commissione relativamente a temi ambientali e riguardanti, quindi, l&#8217;operato di Maglio. Ora ci manca solo che Forza Italia cominci a lamentarsi che qualche cattivone abbia bloccato la mostra di uccelli impagliati (tanto difesa da Maglio) chiusa al pubblico (speriamo in questo modo di non averglielo ricordato).<\/p>\n<p>Insomma, da Forza Italia a Forza Maglio, con buona pace di Risi e del &#8220;suo &#8221; esperimento amministrativo teso a mettere insieme (Ipse dixit!) progressisti e &#8220;moderati&#8221; (si fa per dire) che pu\u00f2 dirsi ormai definitivamente e finalmente concluso.<\/p>\n<p>&nbsp;<\/p>\n<p>Cristian Casili<\/p>\n<p>&nbsp;<\/p>\n<p>MoVimento Cinque Stelle Nard\u00f2.<\/p>\n<p>Sito internet: www.nardo5stelle.it<\/p>\n<p>E-mail: m5stellenardo@gmail.com<\/p>\n<p>FB: Movimento Cinque Stelle Nard\u00f2<\/p>\n<p>Twitter: M5SNardo<\/p>\n<p>Meetup: Meetup Nard\u00f2 \u2013 Amici di Beppe Grillo<\/p>\n<p>&nbsp;<\/p>\n<fb:like href='https:\/\/www.leccecronaca.it\/index.php\/2014\/08\/21\/forza-italia-anche-a-nardo-e-il-partito-dei-paradossi\/' send='true' layout='button_count' show_faces='true' width='450' height='65' action='recommend' colorscheme='light' font='lucida grande'><\/fb:like><span class=\"fb_share\"><fb:like href=\"https:\/\/www.leccecronaca.it\/index.php\/2014\/08\/21\/forza-italia-anche-a-nardo-e-il-partito-dei-paradossi\/\" layout=\"button_count\"><\/fb:like><\/span>","protected":false},"excerpt":{"rendered":"<p>Gli azzurri neritini anzich\u00e9 addossare le responsabilit\u00e0 delle note criticit\u00e0 che interessavano e interessano il Parco di Portoselvaggio e la Palude del Capitano a Flavio Maglio (che in questi 5 lunghi anni, direttamente o indirettamente, ha &#8220;gestito&#8221; l&#8217;Area Protetta neretina) addirittura lo difendono a spada tratta! Probabilmente per costruire assieme allo stesso alleanze in vista [&hellip;]<\/p>\n","protected":false},"author":4,"featured_media":29947,"comment_status":"open","ping_status":"closed","sticky":false,"template":"","format":"standard","meta":[],"categories":[36],"tags":[],"_links":{"self":[{"href":"https:\/\/www.leccecronaca.it\/index.php\/wp-json\/wp\/v2\/posts\/34075"}],"collection":[{"href":"https:\/\/www.leccecronaca.it\/index.php\/wp-json\/wp\/v2\/posts"}],"about":[{"href":"https:\/\/www.leccecronaca.it\/index.php\/wp-json\/wp\/v2\/types\/post"}],"author":[{"embeddable":true,"href":"https:\/\/www.leccecronaca.it\/index.php\/wp-json\/wp\/v2\/users\/4"}],"replies":[{"embeddable":true,"href":"https:\/\/www.leccecronaca.it\/index.php\/wp-json\/wp\/v2\/comments?post=34075"}],"version-history":[{"count":1,"href":"https:\/\/www.leccecronaca.it\/index.php\/wp-json\/wp\/v2\/posts\/34075\/revisions"}],"predecessor-version":[{"id":34076,"href":"https:\/\/www.leccecronaca.it\/index.php\/wp-json\/wp\/v2\/posts\/34075\/revisions\/34076"}],"wp:featuredmedia":[{"embeddable":true,"href":"https:\/\/www.leccecronaca.it\/index.php\/wp-json\/wp\/v2\/media\/29947"}],"wp:attachment":[{"href":"https:\/\/www.leccecronaca.it\/index.php\/wp-json\/wp\/v2\/media?parent=34075"}],"wp:term":[{"taxonomy":"category","embeddable":true,"href":"https:\/\/www.leccecronaca.it\/index.php\/wp-json\/wp\/v2\/categories?post=34075"},{"taxonomy":"post_tag","embeddable":true,"href":"https:\/\/www.leccecronaca.it\/index.php\/wp-json\/wp\/v2\/tags?post=34075"}],"curies":[{"name":"wp","href":"https:\/\/api.w.org\/{rel}","templated":true}]}}