{"id":34167,"date":"2014-08-24T21:08:23","date_gmt":"2014-08-24T19:08:23","guid":{"rendered":"http:\/\/www.leccecronaca.it\/?p=34167"},"modified":"2014-08-26T13:54:36","modified_gmt":"2014-08-26T11:54:36","slug":"stadio-inagibile-la-risposta-di-paolo-perrone-l-us-lecce-indice-la-conferenza-stampa","status":"publish","type":"post","link":"https:\/\/www.leccecronaca.it\/index.php\/2014\/08\/24\/stadio-inagibile-la-risposta-di-paolo-perrone-l-us-lecce-indice-la-conferenza-stampa\/","title":{"rendered":"Stadio inagibile: la risposta di Paolo Perrone. L&#8217; Us Lecce indice la conferenza stampa"},"content":{"rendered":"<p><a href=\"https:\/\/www.leccecronaca.it\/wordpress\/wp-content\/uploads\/2014\/08\/perrone-nel-pallone.jpg\"><img decoding=\"async\" loading=\"lazy\" src=\"https:\/\/www.leccecronaca.it\/wordpress\/wp-content\/uploads\/2014\/08\/perrone-nel-pallone-193x300.jpg\" alt=\"\" title=\"perrone nel pallone\" width=\"193\" height=\"300\" class=\"alignleft size-medium wp-image-34199\" srcset=\"https:\/\/www.leccecronaca.it\/wordpress\/wp-content\/uploads\/2014\/08\/perrone-nel-pallone-193x300.jpg 193w, https:\/\/www.leccecronaca.it\/wordpress\/wp-content\/uploads\/2014\/08\/perrone-nel-pallone-661x1024.jpg 661w, https:\/\/www.leccecronaca.it\/wordpress\/wp-content\/uploads\/2014\/08\/perrone-nel-pallone.jpg 833w\" sizes=\"(max-width: 193px) 100vw, 193px\" \/><\/a>Dopo la nota &#8220;al veleno&#8221; da \u00a0parte dell&#8217; <strong>US Lecce<\/strong>, il \u00a0Sindaco di Lecce <strong>Paolo Perrone<\/strong> risponde con un \u00a0post su Facebook per dire la \u00a0sua sulla questione.<\/p>\n<p><strong>Green \u00a0Sport<\/strong> chiede alla societ\u00e0 \u00a0giallorossa di coprire ora le \u00a0spese della sistemazione del \u00a0campo, attualmente mal ridotto dopo il concerto dei Negramaro; se questo non dovesse avvenire, saranno costretti a fermare i lavori e a lasciare il manto erboso del <strong>Via del Mare<\/strong> cos\u00ec com&#8217;\u00e8.<\/p>\n<p>L&#8217; US Lecce recrimina la mancata copertura delle spese da parte del Comune di Lecce che aveva promesso invece di poterlo fare, il <strong>Sindaco<\/strong> risponde cos\u00ec: <em>&#8221; Il Comune \u00e8 garante che Live Nation, la societ\u00e0 organizzatrice dell&#8217;evento, copra i costi dell&#8217;intervento di manutenzione straordinaria post-concerto del prato proprio per consentire l&#8217;evento e contestualmente per tutelare le esigenze sportive della squadra giallorossa.<strong> Questi costi ovviamente sono una cosa diversa dalla parte a carico dell&#8217;Us Lecce per la manutenzione<\/strong>&#8220;. \u00a0<\/em>Ha poi proseguito: <em>&#8220;<\/em><em>Live Nation ha gi\u00e0 accreditato la sua parte al Comune e, come da accordi tra le parti, il Comune, non avendo rapporti diretti con alcun manutentore del prato, li accrediter\u00e0 all&#8217;Us Lecce al termine dell&#8217;intervento. <strong>Ora non si capisce perch\u00e9 Green Sport reclami il compenso dal Comune e oggi, cio\u00e8 prima di concludere i lavori.<\/strong>&#8220;<\/em><\/p>\n<p>Il Primo Cittadino leccese ha poi sottolineato il fatto che se si salteranno delle partite nello stadio di casa sar\u00e0 solo per via della mancata intesa tra Green Sport e la societ\u00e0 giallorossa.<\/p>\n<p>La storia pare non essere chiara a nessuno, i tifosi vogliono solo poter sostenere la propria squadra nel proprio stadio; per chiarire il tutto, L&#8217; US Lecce ha indetto una <strong>conferenza stampa domani al Via del Mare<\/strong>. Sar\u00e0 il presidente della societ\u00e0 <strong>Savino Tesoro<\/strong> a delineare una volta per tutte la situazione e per farlo nel migliore dei modi \u00e8 stato invitato anche il Sindaco di Lecce Paolo Perrone.<\/p>\n<p><strong>Laura Ricci<\/strong><\/p>\n<p>&nbsp;<\/p>\n<fb:like href='https:\/\/www.leccecronaca.it\/index.php\/2014\/08\/24\/stadio-inagibile-la-risposta-di-paolo-perrone-l-us-lecce-indice-la-conferenza-stampa\/' send='true' layout='button_count' show_faces='true' width='450' height='65' action='recommend' colorscheme='light' font='lucida grande'><\/fb:like><span class=\"fb_share\"><fb:like href=\"https:\/\/www.leccecronaca.it\/index.php\/2014\/08\/24\/stadio-inagibile-la-risposta-di-paolo-perrone-l-us-lecce-indice-la-conferenza-stampa\/\" layout=\"button_count\"><\/fb:like><\/span>","protected":false},"excerpt":{"rendered":"<p>Dopo la nota &#8220;al veleno&#8221; da \u00a0parte dell&#8217; US Lecce, il \u00a0Sindaco di Lecce Paolo Perrone risponde con un \u00a0post su Facebook per dire la \u00a0sua sulla questione. Green \u00a0Sport chiede alla societ\u00e0 \u00a0giallorossa di coprire ora le \u00a0spese della sistemazione del \u00a0campo, attualmente mal ridotto dopo il concerto dei Negramaro; se questo non dovesse [&hellip;]<\/p>\n","protected":false},"author":4,"featured_media":34199,"comment_status":"open","ping_status":"closed","sticky":false,"template":"","format":"standard","meta":[],"categories":[28],"tags":[44],"_links":{"self":[{"href":"https:\/\/www.leccecronaca.it\/index.php\/wp-json\/wp\/v2\/posts\/34167"}],"collection":[{"href":"https:\/\/www.leccecronaca.it\/index.php\/wp-json\/wp\/v2\/posts"}],"about":[{"href":"https:\/\/www.leccecronaca.it\/index.php\/wp-json\/wp\/v2\/types\/post"}],"author":[{"embeddable":true,"href":"https:\/\/www.leccecronaca.it\/index.php\/wp-json\/wp\/v2\/users\/4"}],"replies":[{"embeddable":true,"href":"https:\/\/www.leccecronaca.it\/index.php\/wp-json\/wp\/v2\/comments?post=34167"}],"version-history":[{"count":14,"href":"https:\/\/www.leccecronaca.it\/index.php\/wp-json\/wp\/v2\/posts\/34167\/revisions"}],"predecessor-version":[{"id":34243,"href":"https:\/\/www.leccecronaca.it\/index.php\/wp-json\/wp\/v2\/posts\/34167\/revisions\/34243"}],"wp:featuredmedia":[{"embeddable":true,"href":"https:\/\/www.leccecronaca.it\/index.php\/wp-json\/wp\/v2\/media\/34199"}],"wp:attachment":[{"href":"https:\/\/www.leccecronaca.it\/index.php\/wp-json\/wp\/v2\/media?parent=34167"}],"wp:term":[{"taxonomy":"category","embeddable":true,"href":"https:\/\/www.leccecronaca.it\/index.php\/wp-json\/wp\/v2\/categories?post=34167"},{"taxonomy":"post_tag","embeddable":true,"href":"https:\/\/www.leccecronaca.it\/index.php\/wp-json\/wp\/v2\/tags?post=34167"}],"curies":[{"name":"wp","href":"https:\/\/api.w.org\/{rel}","templated":true}]}}