{"id":34183,"date":"2014-08-24T14:27:57","date_gmt":"2014-08-24T12:27:57","guid":{"rendered":"http:\/\/www.leccecronaca.it\/?p=34183"},"modified":"2014-08-24T14:27:57","modified_gmt":"2014-08-24T12:27:57","slug":"svicat-rugby-giacomo-civino-pronti-per-linizio-del-campionato","status":"publish","type":"post","link":"https:\/\/www.leccecronaca.it\/index.php\/2014\/08\/24\/svicat-rugby-giacomo-civino-pronti-per-linizio-del-campionato\/","title":{"rendered":"SVICAT RUGBY &#8211; Giacomo Civino: &#8220;Pronti per l&#8217;inizio del Campionato&#8221;"},"content":{"rendered":"<p><a href=\"https:\/\/www.leccecronaca.it\/wordpress\/wp-content\/uploads\/2014\/08\/civino.jpg\"><img decoding=\"async\" loading=\"lazy\" src=\"https:\/\/www.leccecronaca.it\/wordpress\/wp-content\/uploads\/2014\/08\/civino-250x300.jpg\" alt=\"\" title=\"civino\" width=\"250\" height=\"300\" class=\"alignleft size-medium wp-image-34184\" srcset=\"https:\/\/www.leccecronaca.it\/wordpress\/wp-content\/uploads\/2014\/08\/civino-250x300.jpg 250w, https:\/\/www.leccecronaca.it\/wordpress\/wp-content\/uploads\/2014\/08\/civino.jpg 334w\" sizes=\"(max-width: 250px) 100vw, 250px\" \/><\/a>Giacomo Civino, ala della Svicat Rugby ASD, ha parlato della nuova stagione agonistica che vedr\u00e0 gli evergreen esordire domenica 5 Ottobre sul campo dell&#8217;Amatori Catania: &#8220;Senza ombra di dubbio sar\u00e0 un test molto importante e penso che la squadra sar\u00e0 pronta per affrontare con determinazione e forza l&#8217;inizio del campionato. Coach Peens? E&#8217; un uomo di grande esperienza; il suo carisma e la sue doti saranno fondamentali per il nostro cammino. I nuovi acquisti sono dei ragazzi molto determinati a far bene quindi il loro apporto sar\u00e0 di rilievo&#8221;.<\/p>\n<fb:like href='https:\/\/www.leccecronaca.it\/index.php\/2014\/08\/24\/svicat-rugby-giacomo-civino-pronti-per-linizio-del-campionato\/' send='true' layout='button_count' show_faces='true' width='450' height='65' action='recommend' colorscheme='light' font='lucida grande'><\/fb:like><span class=\"fb_share\"><fb:like href=\"https:\/\/www.leccecronaca.it\/index.php\/2014\/08\/24\/svicat-rugby-giacomo-civino-pronti-per-linizio-del-campionato\/\" layout=\"button_count\"><\/fb:like><\/span>","protected":false},"excerpt":{"rendered":"<p>Giacomo Civino, ala della Svicat Rugby ASD, ha parlato della nuova stagione agonistica che vedr\u00e0 gli evergreen esordire domenica 5 Ottobre sul campo dell&#8217;Amatori Catania: &#8220;Senza ombra di dubbio sar\u00e0 un test molto importante e penso che la squadra sar\u00e0 pronta per affrontare con determinazione e forza l&#8217;inizio del campionato. Coach Peens? E&#8217; un uomo [&hellip;]<\/p>\n","protected":false},"author":4,"featured_media":34184,"comment_status":"open","ping_status":"closed","sticky":false,"template":"","format":"standard","meta":[],"categories":[28],"tags":[],"_links":{"self":[{"href":"https:\/\/www.leccecronaca.it\/index.php\/wp-json\/wp\/v2\/posts\/34183"}],"collection":[{"href":"https:\/\/www.leccecronaca.it\/index.php\/wp-json\/wp\/v2\/posts"}],"about":[{"href":"https:\/\/www.leccecronaca.it\/index.php\/wp-json\/wp\/v2\/types\/post"}],"author":[{"embeddable":true,"href":"https:\/\/www.leccecronaca.it\/index.php\/wp-json\/wp\/v2\/users\/4"}],"replies":[{"embeddable":true,"href":"https:\/\/www.leccecronaca.it\/index.php\/wp-json\/wp\/v2\/comments?post=34183"}],"version-history":[{"count":1,"href":"https:\/\/www.leccecronaca.it\/index.php\/wp-json\/wp\/v2\/posts\/34183\/revisions"}],"predecessor-version":[{"id":34185,"href":"https:\/\/www.leccecronaca.it\/index.php\/wp-json\/wp\/v2\/posts\/34183\/revisions\/34185"}],"wp:featuredmedia":[{"embeddable":true,"href":"https:\/\/www.leccecronaca.it\/index.php\/wp-json\/wp\/v2\/media\/34184"}],"wp:attachment":[{"href":"https:\/\/www.leccecronaca.it\/index.php\/wp-json\/wp\/v2\/media?parent=34183"}],"wp:term":[{"taxonomy":"category","embeddable":true,"href":"https:\/\/www.leccecronaca.it\/index.php\/wp-json\/wp\/v2\/categories?post=34183"},{"taxonomy":"post_tag","embeddable":true,"href":"https:\/\/www.leccecronaca.it\/index.php\/wp-json\/wp\/v2\/tags?post=34183"}],"curies":[{"name":"wp","href":"https:\/\/api.w.org\/{rel}","templated":true}]}}