{"id":35101,"date":"2014-09-09T14:10:27","date_gmt":"2014-09-09T12:10:27","guid":{"rendered":"http:\/\/www.leccecronaca.it\/?p=35101"},"modified":"2014-09-09T14:10:27","modified_gmt":"2014-09-09T12:10:27","slug":"le-virtu-indecenti","status":"publish","type":"post","link":"https:\/\/www.leccecronaca.it\/index.php\/2014\/09\/09\/le-virtu-indecenti\/","title":{"rendered":"LE VIRTU&#8217; INDECENTI"},"content":{"rendered":"<p><span style=\"color: #073763; font-family: 'trebuchet ms', sans-serif;\"><a href=\"https:\/\/www.leccecronaca.it\/wordpress\/wp-content\/uploads\/2014\/09\/BodyPart.jpeg\"><img decoding=\"async\" loading=\"lazy\" src=\"https:\/\/www.leccecronaca.it\/wordpress\/wp-content\/uploads\/2014\/09\/BodyPart-199x300.jpg\" alt=\"\" title=\"BodyPart\" width=\"199\" height=\"300\" class=\"alignleft size-medium wp-image-35102\" srcset=\"https:\/\/www.leccecronaca.it\/wordpress\/wp-content\/uploads\/2014\/09\/BodyPart-199x300.jpg 199w, https:\/\/www.leccecronaca.it\/wordpress\/wp-content\/uploads\/2014\/09\/BodyPart.jpeg 478w\" sizes=\"(max-width: 199px) 100vw, 199px\" \/><\/a>Marted\u00ec 16 Settembre il \u201c<strong><em>Caff\u00e8 Matteotti<\/em><\/strong>\u201d di Lecce aprir\u00e0 le sue porte per un evento d\u2019eccezione, ideato per festeggiare i\u00a0<strong><em>venti anni di attivit\u00e0<\/em><\/strong>, con l\u2019obiettivo di realizzare una festa che celebri la passione con cui \u00e8 stato sviluppato il progetto in questi anni. Il modo migliore per rendere indimenticabile questo appuntamento \u00e8 impreziosirlo con un\u2019esibizione d\u2019eccezione all\u2019interno del locale; ospiti della serata alcuni dei migliori musicisti salentini con il progetto\u00a0<strong><em>Le Virt\u00f9 Indecenti<\/em><\/strong>.<\/span><\/p>\n<p><span style=\"color: #073763; font-family: 'trebuchet ms', sans-serif;\"><br \/>\n<\/span><\/p>\n<p><span style=\"color: #073763; font-family: 'trebuchet ms', sans-serif;\">Le Virt\u00f9 Indecenti nascono dall\u2019unione di\u00a0<strong><em>Diego Fischetto<\/em><\/strong>\u00a0(Piano e voce),\u00a0<strong><em>Giancarlo Dell\u2019Anna<\/em><\/strong>\u00a0(Tromba) e\u00a0<strong><em>Alessandro Semprevivo\u00a0<\/em><\/strong>(Batteria).\u00a0 Questi tre artisti salentini si riuniscono per esplorare la<strong><em>musica italiana d&#8217;autore<\/em><\/strong>\u00a0in un viaggio che parte dalla rivisitazione di brani dei grandi Fred Buscaglione e Domenico Modugno per approdare verso Paolo Conte, Giorgio Gaber, Lucio Dalla, Fabrizio De Andr\u00e8 , Adriano Celentano, Sergio Caputo, Enzo Jannacci, Rino Gaetano e arriva al cantautorato d&#8217;<a href=\"http:\/\/webmaildomini.aruba.it\/ext_aruba\/classic\/html\/mainframe.html?_v_=v4r2b25.20140711_1600?lang=it&amp;flavour=orange&amp;theme=ext_aruba\/classic&amp;useSprite=0\">oggi<\/a>, con Vinicio Capossela, Daniele Silvestri e Mannarino. La musica dei grandi cantautori italiani riprende vita negli\u00a0<strong><em>arrangiamenti del trio<\/em><\/strong>, che crea nuove ed originali sonorit\u00e0.<\/span><\/p>\n<p><span style=\"color: #073763; font-family: 'trebuchet ms', sans-serif;\"><br \/>\n<\/span><\/p>\n<p><span style=\"color: #073763; font-family: 'trebuchet ms', sans-serif;\">L\u2019esperienza ormai decennale dei singoli musicisti, capaci di reinventarsi ed esplorare nuovi lidi musicali in ogni nuovo progetto, permette al trio di proporre un\u2019esibizione mai banale, incentrata sulla qualit\u00e0 delle interpretazioni che spesso rappresentano uno s<strong><em>travolgimento delle canzoni originali<\/em><\/strong>, eseguite con innovativi arrangiamenti e chiavi di lettura sperimentali. I grandi classici della musica italiana vengo rispolverati e presentati al pubblico con una visione totalmente originale, affiancati per\u00f2 dalle hits dei cantautori dei giorni nostri. Un mix di poesia, eccellenza musicale e coraggio artistico che Le Virt\u00f9 Indecenti riescono a gestire e valorizzare in modo impeccabile. Ma il men\u00f9 dell\u2019evento \u00e8 ancor pi\u00f9 ricco in quanto, al termine del concerto, la festa andr\u00e0 avanti grazie al\u00a0<strong><em>dj set<\/em><\/strong>curato da Giancarlo Dell\u2019Anna per intrattenere e far ballare tutti i presenti e gli amici del Caff\u00e8 Matteotti.<\/span><\/p>\n<p><span style=\"color: #073763; font-family: 'trebuchet ms', sans-serif;\"><br \/>\n<\/span><\/p>\n<p><span style=\"color: #073763; font-family: 'trebuchet ms', sans-serif;\">Il teatro di questo grande show sar\u00e0 il Caff\u00e8 Matteotti di Lecce, divenuto nel corso dei suoi venti anni di attivit\u00e0, vero punto di riferimento della movida salentina grazie alla qualit\u00e0 dei servizi offerti. Dal 1994 infatti, lungo le vie del\u00a0<strong><em>centro storico di Lecce<\/em><\/strong>, si tenta di dar vita ad un modo diverso di concepire l\u2019arte, la gastronomia e gli eventi. Quello in programma\u00a0<strong><em>marted\u00ec 16 settembre<\/em><\/strong>\u00a0ad esempio, sar\u00e0 un\u2019occasione d\u2019eccezione per rendere omaggio ad un locale storico del centro leccese con l\u2019aiuto di una grande band salentina come Le Virt\u00f9 Indecenti.<\/span><\/p>\n<p><span style=\"color: #073763; font-family: 'trebuchet ms', sans-serif;\"><br \/>\n<\/span><\/p>\n<p><span style=\"color: #073763; font-family: 'trebuchet ms', sans-serif;\">\u00a0L\u2019inizio del concerto \u00e8 previsto per le ore 21.30 e l\u2019<strong><em>ingresso sar\u00e0 completamente gratuito<\/em><\/strong>.<\/span><\/p>\n<div><span style=\"color: #073763; font-family: 'trebuchet ms', sans-serif;\"><br \/>\n<\/span><\/div>\n<fb:like href='https:\/\/www.leccecronaca.it\/index.php\/2014\/09\/09\/le-virtu-indecenti\/' send='true' layout='button_count' show_faces='true' width='450' height='65' action='recommend' colorscheme='light' font='lucida grande'><\/fb:like><span class=\"fb_share\"><fb:like href=\"https:\/\/www.leccecronaca.it\/index.php\/2014\/09\/09\/le-virtu-indecenti\/\" layout=\"button_count\"><\/fb:like><\/span>","protected":false},"excerpt":{"rendered":"<p>Marted\u00ec 16 Settembre il \u201cCaff\u00e8 Matteotti\u201d di Lecce aprir\u00e0 le sue porte per un evento d\u2019eccezione, ideato per festeggiare i\u00a0venti anni di attivit\u00e0, con l\u2019obiettivo di realizzare una festa che celebri la passione con cui \u00e8 stato sviluppato il progetto in questi anni. Il modo migliore per rendere indimenticabile questo appuntamento \u00e8 impreziosirlo con un\u2019esibizione [&hellip;]<\/p>\n","protected":false},"author":4,"featured_media":35102,"comment_status":"open","ping_status":"closed","sticky":false,"template":"","format":"standard","meta":[],"categories":[1],"tags":[],"_links":{"self":[{"href":"https:\/\/www.leccecronaca.it\/index.php\/wp-json\/wp\/v2\/posts\/35101"}],"collection":[{"href":"https:\/\/www.leccecronaca.it\/index.php\/wp-json\/wp\/v2\/posts"}],"about":[{"href":"https:\/\/www.leccecronaca.it\/index.php\/wp-json\/wp\/v2\/types\/post"}],"author":[{"embeddable":true,"href":"https:\/\/www.leccecronaca.it\/index.php\/wp-json\/wp\/v2\/users\/4"}],"replies":[{"embeddable":true,"href":"https:\/\/www.leccecronaca.it\/index.php\/wp-json\/wp\/v2\/comments?post=35101"}],"version-history":[{"count":1,"href":"https:\/\/www.leccecronaca.it\/index.php\/wp-json\/wp\/v2\/posts\/35101\/revisions"}],"predecessor-version":[{"id":35103,"href":"https:\/\/www.leccecronaca.it\/index.php\/wp-json\/wp\/v2\/posts\/35101\/revisions\/35103"}],"wp:featuredmedia":[{"embeddable":true,"href":"https:\/\/www.leccecronaca.it\/index.php\/wp-json\/wp\/v2\/media\/35102"}],"wp:attachment":[{"href":"https:\/\/www.leccecronaca.it\/index.php\/wp-json\/wp\/v2\/media?parent=35101"}],"wp:term":[{"taxonomy":"category","embeddable":true,"href":"https:\/\/www.leccecronaca.it\/index.php\/wp-json\/wp\/v2\/categories?post=35101"},{"taxonomy":"post_tag","embeddable":true,"href":"https:\/\/www.leccecronaca.it\/index.php\/wp-json\/wp\/v2\/tags?post=35101"}],"curies":[{"name":"wp","href":"https:\/\/api.w.org\/{rel}","templated":true}]}}