{"id":35642,"date":"2014-09-20T02:38:43","date_gmt":"2014-09-20T00:38:43","guid":{"rendered":"http:\/\/www.leccecronaca.it\/?p=35642"},"modified":"2014-09-20T02:39:15","modified_gmt":"2014-09-20T00:39:15","slug":"controluce-domenica-21-si-guarda-in-alto-ad-osservare-il-sole","status":"publish","type":"post","link":"https:\/\/www.leccecronaca.it\/index.php\/2014\/09\/20\/controluce-domenica-21-si-guarda-in-alto-ad-osservare-il-sole\/","title":{"rendered":"\u201cCONTROLUCE\u201d &#8211; domenica 21 si guarda in alto ad osservare\u2026 il sole!"},"content":{"rendered":"<p style=\"text-align: left;\" align=\"center\"><a href=\"https:\/\/www.leccecronaca.it\/wordpress\/wp-content\/uploads\/2014\/09\/Controluce.jpg\"><img decoding=\"async\" loading=\"lazy\" width=\"172\" height=\"300\" title=\"Controluce\" class=\"alignleft size-medium wp-image-35643\" alt=\"\" src=\"https:\/\/www.leccecronaca.it\/wordpress\/wp-content\/uploads\/2014\/09\/Controluce-172x300.jpg\" srcset=\"https:\/\/www.leccecronaca.it\/wordpress\/wp-content\/uploads\/2014\/09\/Controluce-172x300.jpg 172w, https:\/\/www.leccecronaca.it\/wordpress\/wp-content\/uploads\/2014\/09\/Controluce.jpg 425w\" sizes=\"(max-width: 172px) 100vw, 172px\" \/><\/a>Nella visita guidata al Parco di Rauccio, di domenica 21 settembre, sar\u00e0 \u00a0il Sole l\u2019indiscusso protagonista.<br \/>\n<strong><em>\u201cControLuce\u201d<\/em><\/strong> \u00e8 infatti una giornata dedicata ad Elio, che nella mitologia greca era la personificazione del Sole, il Dio &#8220;che cammina al disopra&#8221; di tutte le cose. Risvegliato dal canto del gallo e preceduto dall&#8217;Aurora, egli guida ogni giorno la sua quadriga attraverso la volta celeste, dallo splendido palazzo che sorge a oriente, nella Colchide, fino a un palazzo egualmente splendido nell&#8217;estremo occidente, dove scioglie i cavalli e li lascia pascolare nelle Isole dei Beati.<\/p>\n<p style=\"text-align: left;\">Il ricco programma, organizzato dal C.E. (Centro di Esperienza) del Parco Rauccio, prevede l\u2019osservazione del Sole, i laboratori didattici sull\u2019utilizzo dell\u2019energia solare mediante le tecnologie sostenibili e ad una passeggiata nel bosco per approfondire\u00a0 il pi\u00f9 importante processo di riduzione biologica che si compie sulla superficie terrestre, grazie al quale le piante assorbono energia luminosa e costruiscono la materia vivente: la fotosintesi clorofilliana.<\/p>\n<p style=\"text-align: left;\">Da pi\u00f9 di quattro miliardi di anni il Sole inonda la Terra e tutto lo spazio circostante con una enorme quantit\u00e0 di energia; ogni secondo il Sole emette molta pi\u00f9 energia di quella che l\u2019uomo ha consumato durante tutta la sua storia.Parte di questa energia viene emessa sotto forma di luce e senza questa luce la stragrande maggioranza degli organismi viventi che popola la superficie del pianeta (uomo compreso) non potrebbe sopravvivere.<\/p>\n<p style=\"text-align: left;\">Gli esperti dell\u2019Associazione G.A.S. (Gruppo Astrofili Salentini) \u201cG.V. Schiaparelli\u201d, con le loro strumentazioni ci permetteranno di osservare il Sole, cosa che, ad occhio nudo, \u00e8 possibile solo al tramonto quando la sua intensit\u00e0 luminosa decresce sensibilmente. In particolare si parler\u00e0 di \u201cprotuberanze solari\u201d e si potranno osservare questi enormi e luminosi getti di plasma solare che, partendo dalla cromosfera, si estendono nella zona della corona solare allontanandosi per migliaia di chilometri, spinti dalle forze del campo magnetico del Sole.<\/p>\n<p style=\"text-align: left;\">Gli operatori didattici e le guide esperte della Cooperativa Terradimezzo, condurranno i laboratori sulle energie solari, avvalendosi di strumentazioni e modellini quali pannello fotovoltaico, forno solare e pala eolica e realizzeranno la visita guidata al bosco di Rauccio.<\/p>\n<p style=\"text-align: left;\"><strong>L\u2019appuntamento \u00e8 per le ore 11 nell\u2019area pre-parco.<\/strong> Le attivit\u00e0 termineranno per le ore 16. Per chi vuole, si potr\u00e0 fruire dell\u2019area pic-nic per trascorrere un intero ed interessante pomeriggio all\u2019aria aperta.<br \/>\nL\u2019attivit\u00e0 \u00e8 inserita nella programmazione del C.E. \u201cFillirea\u201d &#8211; Centro di esperienza del Parco Naturale Regionale \u201cBosco e Paludi di Rauccio\u201d, gestito dalla Cooperativa Terradimezzo, sotto il patrocinio dell\u2019Assessorato alle Politiche Ambientali del Comune di Lecce.<br \/>\n\u00c8 prevista una quota di partecipazione alle attivit\u00e0.<br \/>\n<strong>Info e prenotazioni<\/strong>: Coop. Terradimezzo\u00a0 333 9855341 &#8211; 349 7587100.<\/p>\n<p>&nbsp;<\/p>\n<p>&nbsp;<\/p>\n<p>di Emanuele Lezzi<\/p>\n<fb:like href='https:\/\/www.leccecronaca.it\/index.php\/2014\/09\/20\/controluce-domenica-21-si-guarda-in-alto-ad-osservare-il-sole\/' send='true' layout='button_count' show_faces='true' width='450' height='65' action='recommend' colorscheme='light' font='lucida grande'><\/fb:like><span class=\"fb_share\"><fb:like href=\"https:\/\/www.leccecronaca.it\/index.php\/2014\/09\/20\/controluce-domenica-21-si-guarda-in-alto-ad-osservare-il-sole\/\" layout=\"button_count\"><\/fb:like><\/span>","protected":false},"excerpt":{"rendered":"<p>Nella visita guidata al Parco di Rauccio, di domenica 21 settembre, sar\u00e0 \u00a0il Sole l\u2019indiscusso protagonista. \u201cControLuce\u201d \u00e8 infatti una giornata dedicata ad Elio, che nella mitologia greca era la personificazione del Sole, il Dio &#8220;che cammina al disopra&#8221; di tutte le cose. Risvegliato dal canto del gallo e preceduto dall&#8217;Aurora, egli guida ogni giorno [&hellip;]<\/p>\n","protected":false},"author":4,"featured_media":0,"comment_status":"open","ping_status":"closed","sticky":false,"template":"","format":"standard","meta":[],"categories":[1],"tags":[],"_links":{"self":[{"href":"https:\/\/www.leccecronaca.it\/index.php\/wp-json\/wp\/v2\/posts\/35642"}],"collection":[{"href":"https:\/\/www.leccecronaca.it\/index.php\/wp-json\/wp\/v2\/posts"}],"about":[{"href":"https:\/\/www.leccecronaca.it\/index.php\/wp-json\/wp\/v2\/types\/post"}],"author":[{"embeddable":true,"href":"https:\/\/www.leccecronaca.it\/index.php\/wp-json\/wp\/v2\/users\/4"}],"replies":[{"embeddable":true,"href":"https:\/\/www.leccecronaca.it\/index.php\/wp-json\/wp\/v2\/comments?post=35642"}],"version-history":[{"count":4,"href":"https:\/\/www.leccecronaca.it\/index.php\/wp-json\/wp\/v2\/posts\/35642\/revisions"}],"predecessor-version":[{"id":35647,"href":"https:\/\/www.leccecronaca.it\/index.php\/wp-json\/wp\/v2\/posts\/35642\/revisions\/35647"}],"wp:attachment":[{"href":"https:\/\/www.leccecronaca.it\/index.php\/wp-json\/wp\/v2\/media?parent=35642"}],"wp:term":[{"taxonomy":"category","embeddable":true,"href":"https:\/\/www.leccecronaca.it\/index.php\/wp-json\/wp\/v2\/categories?post=35642"},{"taxonomy":"post_tag","embeddable":true,"href":"https:\/\/www.leccecronaca.it\/index.php\/wp-json\/wp\/v2\/tags?post=35642"}],"curies":[{"name":"wp","href":"https:\/\/api.w.org\/{rel}","templated":true}]}}