{"id":35710,"date":"2014-09-20T22:13:19","date_gmt":"2014-09-20T20:13:19","guid":{"rendered":"http:\/\/www.leccecronaca.it\/?p=35710"},"modified":"2014-09-20T22:13:19","modified_gmt":"2014-09-20T20:13:19","slug":"litalia-e-la-seconda-nazione-europea-per-commercio-di-veicoli-rubati-a-livello-internazionale","status":"publish","type":"post","link":"https:\/\/www.leccecronaca.it\/index.php\/2014\/09\/20\/litalia-e-la-seconda-nazione-europea-per-commercio-di-veicoli-rubati-a-livello-internazionale\/","title":{"rendered":"L&#8217;Italia \u00e8 la seconda nazione europea per commercio di veicoli rubati a livello internazionale"},"content":{"rendered":"<p>Con tutta la feccia del mondo che accogliamo a braccia aperte sarebbe strano se non lo fosse.<br \/>\nNonostante il settore dell\u2019auto abbia conosciuto nel 2014 una forte battuta d\u2019arresto e per la prima volta abbia fatto la sua comparsa sul mercato la parola \u201cdemotorizzazione\u201d cio\u00e8 la riduzione del parco auto circolanti, c\u2019\u00e8 un\u2019industria collegata alle quattro ruote che sembra non conoscere pause e che anzi, proprio in questa situazione di profonda crisi, sembra trovare nuove risorse per alimentarsi: quella dei furti, alimentata da una crisi sempre pi\u00f9 acuta con indici di disoccupazione all\u201911,3%, molta della quale giovanile. L\u2019inversione di tendenza registrata lo scorso anno con l\u2019aumento dei furti, osserva Giovanni D\u2019Agata presidente e fondatore dello \u201cSportello dei Diritti\u201d,conferma, la rilevanza di un fenomeno sociale che vede l\u2019Italia da sempre ai primi posti a livello europeo, insieme a Regno Unito e Francia. Gran parte dei furti di veicoli \u00e8 perpetrato oggi da bande organizzate, che hanno strutturato reti internazionali per trasportare i beni rubati e che utilizzano metodi simili in tutta Europa. Questo scenario, rende sempre pi\u00f9 ardua l\u2019opera di recupero dei veicoli.A conferma di quanto sopra detto \u00e8 notizia di oggi che una Jaguar XK-E cabriolet del 1967, rubata 46 anni fa nel parcheggio situato di fronte l\u2019abitazione del proprietario a Manhattan, \u00e8 stata recuperata dalla Polizia mentre stava per essere imbarcata per l&#8217;Europa. Quarantasei anni fa, Ivan Schneider un avvocato di New York City, ha comprato l&#8217;auto dei suoi sogni una Jaguar E-Type cabriolet del 1967. Ma nello stesso anno, l\u2019auto, in perfette condizioni, mentre era stata parcheggiata su strada e regolarmente chiusa \u00e8 stata rubata davanti al suo appartamento di Manhattan, e Ivan temeva che non l&#8217;avrebbe pi\u00f9 rivista. Il recupero \u00e8 stato possibile grazie ad un controllo sistematico di un ufficiale della US Customs and Border Patrol su una spedizione in uscita delle auto in California per l&#8217;Europa. Gli investigatori della California Highway Patrol con la collaborazione della National Insurance Crime Bureau hanno ottenuto una copia del rapporto della polizia del 1968 e cos\u00ec sono stati in grado di ottenere la restituzione indietro dell&#8217;auto spedita alla sua destinazione nei Paesi Bassi per poi restituirla al suo legittimo proprietario.La E-Type di Jaguar \u00e8 diventata un&#8217;icona culturale britannica e fu salutata da Enzo Ferrari come &#8220;la pi\u00f9 bella auto mai realizzata&#8221;.<\/p>\n<p><strong><br \/>\n<\/strong><\/p>\n<fb:like href='https:\/\/www.leccecronaca.it\/index.php\/2014\/09\/20\/litalia-e-la-seconda-nazione-europea-per-commercio-di-veicoli-rubati-a-livello-internazionale\/' send='true' layout='button_count' show_faces='true' width='450' height='65' action='recommend' colorscheme='light' font='lucida grande'><\/fb:like><span class=\"fb_share\"><fb:like href=\"https:\/\/www.leccecronaca.it\/index.php\/2014\/09\/20\/litalia-e-la-seconda-nazione-europea-per-commercio-di-veicoli-rubati-a-livello-internazionale\/\" layout=\"button_count\"><\/fb:like><\/span>","protected":false},"excerpt":{"rendered":"<p>Con tutta la feccia del mondo che accogliamo a braccia aperte sarebbe strano se non lo fosse. Nonostante il settore dell\u2019auto abbia conosciuto nel 2014 una forte battuta d\u2019arresto e per la prima volta abbia fatto la sua comparsa sul mercato la parola \u201cdemotorizzazione\u201d cio\u00e8 la riduzione del parco auto circolanti, c\u2019\u00e8 un\u2019industria collegata alle [&hellip;]<\/p>\n","protected":false},"author":4,"featured_media":0,"comment_status":"open","ping_status":"closed","sticky":false,"template":"","format":"standard","meta":[],"categories":[36],"tags":[],"_links":{"self":[{"href":"https:\/\/www.leccecronaca.it\/index.php\/wp-json\/wp\/v2\/posts\/35710"}],"collection":[{"href":"https:\/\/www.leccecronaca.it\/index.php\/wp-json\/wp\/v2\/posts"}],"about":[{"href":"https:\/\/www.leccecronaca.it\/index.php\/wp-json\/wp\/v2\/types\/post"}],"author":[{"embeddable":true,"href":"https:\/\/www.leccecronaca.it\/index.php\/wp-json\/wp\/v2\/users\/4"}],"replies":[{"embeddable":true,"href":"https:\/\/www.leccecronaca.it\/index.php\/wp-json\/wp\/v2\/comments?post=35710"}],"version-history":[{"count":1,"href":"https:\/\/www.leccecronaca.it\/index.php\/wp-json\/wp\/v2\/posts\/35710\/revisions"}],"predecessor-version":[{"id":35711,"href":"https:\/\/www.leccecronaca.it\/index.php\/wp-json\/wp\/v2\/posts\/35710\/revisions\/35711"}],"wp:attachment":[{"href":"https:\/\/www.leccecronaca.it\/index.php\/wp-json\/wp\/v2\/media?parent=35710"}],"wp:term":[{"taxonomy":"category","embeddable":true,"href":"https:\/\/www.leccecronaca.it\/index.php\/wp-json\/wp\/v2\/categories?post=35710"},{"taxonomy":"post_tag","embeddable":true,"href":"https:\/\/www.leccecronaca.it\/index.php\/wp-json\/wp\/v2\/tags?post=35710"}],"curies":[{"name":"wp","href":"https:\/\/api.w.org\/{rel}","templated":true}]}}