{"id":35967,"date":"2014-09-27T06:46:59","date_gmt":"2014-09-27T04:46:59","guid":{"rendered":"http:\/\/www.leccecronaca.it\/?p=35967"},"modified":"2014-09-27T06:46:59","modified_gmt":"2014-09-27T04:46:59","slug":"svicat-rugby-asd-nota-di-camilli","status":"publish","type":"post","link":"https:\/\/www.leccecronaca.it\/index.php\/2014\/09\/27\/svicat-rugby-asd-nota-di-camilli\/","title":{"rendered":"Svicat Rugby ASD: NOTA DI CAMILLI"},"content":{"rendered":"<p><a href=\"https:\/\/www.leccecronaca.it\/wordpress\/wp-content\/uploads\/2014\/09\/Fabrizio-Camilli.jpg\"><img decoding=\"async\" loading=\"lazy\" src=\"https:\/\/www.leccecronaca.it\/wordpress\/wp-content\/uploads\/2014\/09\/Fabrizio-Camilli-300x199.jpg\" alt=\"\" title=\"Fabrizio Camilli\" width=\"300\" height=\"199\" class=\"alignleft size-medium wp-image-35968\" srcset=\"https:\/\/www.leccecronaca.it\/wordpress\/wp-content\/uploads\/2014\/09\/Fabrizio-Camilli-300x199.jpg 300w, https:\/\/www.leccecronaca.it\/wordpress\/wp-content\/uploads\/2014\/09\/Fabrizio-Camilli.jpg 400w\" sizes=\"(max-width: 300px) 100vw, 300px\" \/><\/a>A poche ore dalla presentazione ufficiale della rosa che avr\u00e0 luogo Domenica 28 Settembre alle ore 21, presso la Villa Comunale di Melendugno, Fabrizio Camilli, Direttore Generale degli evergreen, affida ad una nota il suo pensiero sul passato, il presente ed il futuro del club:<br \/>\n&#8220;Forse arriver\u00e0 un&#8217;ultima novit\u00e0 a completare un gruppo gi\u00e0 forte (almeno secondo chi scrive). Forse la giusta mentalit\u00e0 comincia a trovare radici comuni tra chi c&#8217;era, chi \u00e8 arrivato e chi \u00e8 in procinto di prendere decisioni. Mi auguro solo che tutti gli sforzi fatti per raggiungere lo stato dell&#8217;arte siano utili a dare ai ragazzi della squadra, al mister, ai tifosi che credono in noi, ai nostri amici ed anche a chi non suscitiamo particolare simpatia, quella serenit\u00e0 di azione che fa sembrare semplici anche le imprese pi\u00f9 ardue. Grazie a chi ha prestato il proprio impegno fino ad\u00a0<a href=\"http:\/\/webmail.aruba.it\/redir\/ext_aruba\/classic\/html\/mainframe.html?_v_=v4r2b25.20140616_1712?lang=it&amp;flavour=orange&amp;theme=ext_aruba\/classic&amp;useSprite=0\">oggi<\/a>\u00a0ed ora ha scelto esperienze diverse. Grazie a chi ha cercato di crearci difficolt\u00e0 di carattere organizzativo e regolamentare (perch\u00e8 ci ha costretti a divenire pi\u00f9 scaltri ed efficienti) ma un grazie enorme, sentito, affettuoso e sincero, a tutti quei ragazzi che in silenzio, frutti della nostra terra, hanno scelto di continuare a lottare per questa maglia resistendo alla tentazione di andare via verso mete pi\u00f9 appaganti. A chi ha deciso di sostenere questa societ\u00e0 senza gravare su di essa offrendosi come importante contributo alla crescita. Grazie ragazzi. A tutti Voi che venite da Campi, Trepuzzi, Guagnano, Lecce Brindisi, Salice, Veglie, San Pancrazio e zone limitrofe. Grazie alle vostre famiglie che vi assistono curandovi e rendendovi sempre pi\u00f9 educati e sinceri. Grazie ai Vostri istruttori di ieri, chiunque sia stato, per l&#8217;ottimo lavoro svolto. Grazie per essere ancora qui in quello che potrebbe essere l&#8217;anno della nostra consacrazione in questo sport cos\u00ec duro ma cos\u00ec affascinante. La Svicat Rugby ASD sar\u00e0 sempre vicino ai ragazzi perch\u00e8 da loro parte quel vento di freschezza e di novit\u00e0 che render\u00e0 migliore questo nostro mondo. Grazie e buon rugby!&#8221;<br \/>\n&#8212;<\/p>\n<fb:like href='https:\/\/www.leccecronaca.it\/index.php\/2014\/09\/27\/svicat-rugby-asd-nota-di-camilli\/' send='true' layout='button_count' show_faces='true' width='450' height='65' action='recommend' colorscheme='light' font='lucida grande'><\/fb:like><span class=\"fb_share\"><fb:like href=\"https:\/\/www.leccecronaca.it\/index.php\/2014\/09\/27\/svicat-rugby-asd-nota-di-camilli\/\" layout=\"button_count\"><\/fb:like><\/span>","protected":false},"excerpt":{"rendered":"<p>A poche ore dalla presentazione ufficiale della rosa che avr\u00e0 luogo Domenica 28 Settembre alle ore 21, presso la Villa Comunale di Melendugno, Fabrizio Camilli, Direttore Generale degli evergreen, affida ad una nota il suo pensiero sul passato, il presente ed il futuro del club: &#8220;Forse arriver\u00e0 un&#8217;ultima novit\u00e0 a completare un gruppo gi\u00e0 forte [&hellip;]<\/p>\n","protected":false},"author":4,"featured_media":35968,"comment_status":"open","ping_status":"closed","sticky":false,"template":"","format":"standard","meta":[],"categories":[28],"tags":[],"_links":{"self":[{"href":"https:\/\/www.leccecronaca.it\/index.php\/wp-json\/wp\/v2\/posts\/35967"}],"collection":[{"href":"https:\/\/www.leccecronaca.it\/index.php\/wp-json\/wp\/v2\/posts"}],"about":[{"href":"https:\/\/www.leccecronaca.it\/index.php\/wp-json\/wp\/v2\/types\/post"}],"author":[{"embeddable":true,"href":"https:\/\/www.leccecronaca.it\/index.php\/wp-json\/wp\/v2\/users\/4"}],"replies":[{"embeddable":true,"href":"https:\/\/www.leccecronaca.it\/index.php\/wp-json\/wp\/v2\/comments?post=35967"}],"version-history":[{"count":1,"href":"https:\/\/www.leccecronaca.it\/index.php\/wp-json\/wp\/v2\/posts\/35967\/revisions"}],"predecessor-version":[{"id":35969,"href":"https:\/\/www.leccecronaca.it\/index.php\/wp-json\/wp\/v2\/posts\/35967\/revisions\/35969"}],"wp:featuredmedia":[{"embeddable":true,"href":"https:\/\/www.leccecronaca.it\/index.php\/wp-json\/wp\/v2\/media\/35968"}],"wp:attachment":[{"href":"https:\/\/www.leccecronaca.it\/index.php\/wp-json\/wp\/v2\/media?parent=35967"}],"wp:term":[{"taxonomy":"category","embeddable":true,"href":"https:\/\/www.leccecronaca.it\/index.php\/wp-json\/wp\/v2\/categories?post=35967"},{"taxonomy":"post_tag","embeddable":true,"href":"https:\/\/www.leccecronaca.it\/index.php\/wp-json\/wp\/v2\/tags?post=35967"}],"curies":[{"name":"wp","href":"https:\/\/api.w.org\/{rel}","templated":true}]}}