{"id":35970,"date":"2014-09-27T06:48:41","date_gmt":"2014-09-27T04:48:41","guid":{"rendered":"http:\/\/www.leccecronaca.it\/?p=35970"},"modified":"2014-09-27T06:48:41","modified_gmt":"2014-09-27T04:48:41","slug":"acceleratore-lineare-top-di-gamma-al-fazzi","status":"publish","type":"post","link":"https:\/\/www.leccecronaca.it\/index.php\/2014\/09\/27\/acceleratore-lineare-top-di-gamma-al-fazzi\/","title":{"rendered":"ACCELERATORE LINEARE TOP DI GAMMA AL FAZZI"},"content":{"rendered":"<p>La Asl mette a disposizione 2 milioni e 700mila euro per l\u2019acquisto dell\u2019acceleratore lineare \u201ctop di gamma\u201d al \u201cVito Fazzi\u201dDopo tanto clamore \u00e8 in dirittura d\u2019arrivo (salvo complicazioni o ricorsi) l\u2019acceleratore lineare di ultima generazione (Truebeam-Varian o Elekta, i pi\u00f9 moderni sul mercato).<\/p>\n<p>Per la fornitura la Asl ha proposto un\u2019indagine di mercato un po\u2019 particolare, ma del tutto legale.<\/p>\n<p>Senza un bando di gara, semplicemente con un \u201cAvviso volontario per la trasparenza ex ante\u201d. Una procedura per accorciare i tempi ed evitare lungaggini tecnico-burocratiche. Come funziona?<\/p>\n<p>Nei mesi scorsi la Asl ha gi\u00e0 avviato le trattative con la ditta Elekta Spa di Agrate Brianza, che si \u00e8 detta disponibile a fornire l\u2019acceleratore con le caratteristiche richieste, al prezzo e condizioni concordate ed evidenziate nell\u2019Avviso volontario.<\/p>\n<p>Con\u00a0 la delibera n. 1555 del 22 settembre scorso, l\u2019azienda sanitaria ha messo a disposizione delle ditte che manifesteranno interesse, la somma di 2 milioni e 700mila euro, iva compresa, per la fornitura, in un <strong>unico lotto<\/strong>, di una serie di beni e servizi. Fra cui:<\/p>\n<p>&#8211;\u00a0\u00a0\u00a0\u00a0\u00a0\u00a0 <strong>un acceleratore lineare per Radioterapia Multy-energy top level<\/strong>, con sistemi Igrt (ad immagini guidate)\u00a0 e Vmat (erogazione di radiazioni in modo dinamico, a volume modulato) comprensivo di tutti gli accessori che lo rendano compatibile con il sistema di acceleratori gi\u00e0 in uso alla Radioterapia dell\u2019Oncologico del \u201cVito Fazzi\u201d;<\/p>\n<p>&#8211;\u00a0\u00a0\u00a0\u00a0\u00a0\u00a0 l\u2019istallazione, i lavori e le opere di adeguamento dell\u2019attuale bunker di Radioterapia diretto dal dottore <strong>Mario Santantonio<\/strong>; il collaudo; l\u2019interfacciamento e la continuit\u00e0 di funzionamento con gli attuali sistemi informatici in uso; la garanzia e l\u2019assistenza tecnica post vendita \u201cfull risk\u201d per 2 anni.<\/p>\n<p>I tecnici della Asl, ingegnere <strong>Massimo Marra<\/strong> e lo stesso Santantonio, hanno elencato le caratteristiche tecniche dell\u2019acceleratore, soprattutto stereotassiche e radiochirurgiche. Oltre alla possibilit\u00e0 di archiviare in forma digitale le cartelle cliniche (sistema Record &amp; Verify).<\/p>\n<p>&nbsp;<\/p>\n<p>&nbsp;<\/p>\n<p>Entro 15 giorni (il prossimo 9 ottobre) le ditte interessate dovranno far pervenire alla Asl le intenzioni di partecipazione alla fornitura.<\/p>\n<p>Se, come si spera, parteciper\u00e0 la sola ditta Elekta, in 15 giorni si proceder\u00e0 all\u2019affidamento della fornitura. Se invece parteciper\u00e0 anche l\u2019altra ditta (che in questo caso \u00e8 svantaggiata perch\u00e9 deve rendere compatibili i sistemi oggi in uso che sono stati installati dalla Elekta), i tempi si allungano perch\u00e9 si proceder\u00e0 con un \u201cbando di gara\u201d.<\/p>\n<p>Attualmente il reparto va avanti con 2 acceleratori ormai datati (uno \u00e8 del 1995, l\u2019altro del 2000), anche se con i software aggiornati nel 2006 e 2008.<\/p>\n<p>Grazie ai due turni di lavoro introdotti nel 2006, al Fazzi si trattano circa 1000 pazienti l\u2019anno, 200 dei quali con tecniche speciali di alta precisione. Non ci sono liste di attesa perch\u00e9\u00a0 500 \u2013 600 pazienti vengono inviati alla clinica Citt\u00e0 di Lecce.<\/p>\n<p>&nbsp;<\/p>\n<p>&nbsp;<\/p>\n<fb:like href='https:\/\/www.leccecronaca.it\/index.php\/2014\/09\/27\/acceleratore-lineare-top-di-gamma-al-fazzi\/' send='true' layout='button_count' show_faces='true' width='450' height='65' action='recommend' colorscheme='light' font='lucida grande'><\/fb:like><span class=\"fb_share\"><fb:like href=\"https:\/\/www.leccecronaca.it\/index.php\/2014\/09\/27\/acceleratore-lineare-top-di-gamma-al-fazzi\/\" layout=\"button_count\"><\/fb:like><\/span>","protected":false},"excerpt":{"rendered":"<p>La Asl mette a disposizione 2 milioni e 700mila euro per l\u2019acquisto dell\u2019acceleratore lineare \u201ctop di gamma\u201d al \u201cVito Fazzi\u201dDopo tanto clamore \u00e8 in dirittura d\u2019arrivo (salvo complicazioni o ricorsi) l\u2019acceleratore lineare di ultima generazione (Truebeam-Varian o Elekta, i pi\u00f9 moderni sul mercato). Per la fornitura la Asl ha proposto un\u2019indagine di mercato un po\u2019 [&hellip;]<\/p>\n","protected":false},"author":4,"featured_media":0,"comment_status":"open","ping_status":"closed","sticky":false,"template":"","format":"standard","meta":[],"categories":[1],"tags":[],"_links":{"self":[{"href":"https:\/\/www.leccecronaca.it\/index.php\/wp-json\/wp\/v2\/posts\/35970"}],"collection":[{"href":"https:\/\/www.leccecronaca.it\/index.php\/wp-json\/wp\/v2\/posts"}],"about":[{"href":"https:\/\/www.leccecronaca.it\/index.php\/wp-json\/wp\/v2\/types\/post"}],"author":[{"embeddable":true,"href":"https:\/\/www.leccecronaca.it\/index.php\/wp-json\/wp\/v2\/users\/4"}],"replies":[{"embeddable":true,"href":"https:\/\/www.leccecronaca.it\/index.php\/wp-json\/wp\/v2\/comments?post=35970"}],"version-history":[{"count":1,"href":"https:\/\/www.leccecronaca.it\/index.php\/wp-json\/wp\/v2\/posts\/35970\/revisions"}],"predecessor-version":[{"id":35971,"href":"https:\/\/www.leccecronaca.it\/index.php\/wp-json\/wp\/v2\/posts\/35970\/revisions\/35971"}],"wp:attachment":[{"href":"https:\/\/www.leccecronaca.it\/index.php\/wp-json\/wp\/v2\/media?parent=35970"}],"wp:term":[{"taxonomy":"category","embeddable":true,"href":"https:\/\/www.leccecronaca.it\/index.php\/wp-json\/wp\/v2\/categories?post=35970"},{"taxonomy":"post_tag","embeddable":true,"href":"https:\/\/www.leccecronaca.it\/index.php\/wp-json\/wp\/v2\/tags?post=35970"}],"curies":[{"name":"wp","href":"https:\/\/api.w.org\/{rel}","templated":true}]}}