{"id":36064,"date":"2014-09-28T09:22:50","date_gmt":"2014-09-28T07:22:50","guid":{"rendered":"http:\/\/www.leccecronaca.it\/?p=36064"},"modified":"2014-09-28T09:22:50","modified_gmt":"2014-09-28T07:22:50","slug":"il-tar-sulla-ex-caserma-massa","status":"publish","type":"post","link":"https:\/\/www.leccecronaca.it\/index.php\/2014\/09\/28\/il-tar-sulla-ex-caserma-massa\/","title":{"rendered":"IL TAR SULLA EX CASERMA MASSA"},"content":{"rendered":"<p><a href=\"https:\/\/www.leccecronaca.it\/wordpress\/wp-content\/uploads\/2014\/09\/GRILLO.jpeg\"><img decoding=\"async\" loading=\"lazy\" src=\"https:\/\/www.leccecronaca.it\/wordpress\/wp-content\/uploads\/2014\/09\/GRILLO.jpeg\" alt=\"\" title=\"GRILLO\" width=\"180\" height=\"180\" class=\"alignleft size-full wp-image-36065\" srcset=\"https:\/\/www.leccecronaca.it\/wordpress\/wp-content\/uploads\/2014\/09\/GRILLO.jpeg 180w, https:\/\/www.leccecronaca.it\/wordpress\/wp-content\/uploads\/2014\/09\/GRILLO-150x150.jpg 150w\" sizes=\"(max-width: 180px) 100vw, 180px\" \/><\/a>Il Tar di Lecce ha accolto il ricorso del Comune di Lecce tendente a rimuovere gli ostacoli che si pongono alla realizzazione del parcheggio interrato nell\u2019area della ex caserma massa. I giudici hanno sentenziato che la valutazione fatta nel giugno 2014 della Direzione Regionale dei BB CC, pi\u00f9 precisa ed approfondita di quella del 2012, che contiene prescrizioni pi\u00f9 severe per la salvaguardia della chiesa ivi esistente, \u00e8 illegittima perch\u00e9 dichiarata \u201cpreferibile\u201d e non \u201cobbligatoria\u201d e perch\u00e9 presa in una situazione di scoperta dei resti archeologici uguale a quella del 2012.<\/p>\n<p>In sostanza \u00e8 stato negato il diritto all\u2019ente di controllo sui beni archeologici il diritto di cambiare opinione rispetto ad un giudizio, quello del 2012, dichiarato espressamente non definitivo.<\/p>\n<p>Il M5S, meetup \u201cSalentini Uniti con Beppe Grillo\u201d, auspica, a questo punto, la impugnazione della sentenza da parte del Ministero dei Beni culturali per la affermazione del principio della salvaguardia delle bellezze che la storia ci ha donato e che non possono essere sacrificate per progetti a vantaggio di pochi e, soprattutto, indicativi di una idea di citt\u00e0 lontana dagli standard europei di mobilit\u00e0 e vivibilit\u00e0 urbana.<\/p>\n<p>Le forze politiche che governano la citt\u00e0 sono ancora in tempo per scongiurare un vulnus che si verrebbe a creare nella citt\u00e0 che concorre alla nomina di Capitale Europea della Cultura che, con la conservazione dl proprio patrimonio storico archeologico, vanterebbe qualche titolo in pi\u00f9 per ottenere e meritare questo ambito riconoscimento.<\/p>\n<p>Lecce, 26 giugno 2014.<\/p>\n<p>&nbsp;<br \/>\n<em>Movimento Cinque Stelle <\/em><\/p>\n<p><em>Meetup \u201cSalentini Uniti con Beppe Grillo\u201d<\/em><\/p>\n<fb:like href='https:\/\/www.leccecronaca.it\/index.php\/2014\/09\/28\/il-tar-sulla-ex-caserma-massa\/' send='true' layout='button_count' show_faces='true' width='450' height='65' action='recommend' colorscheme='light' font='lucida grande'><\/fb:like><span class=\"fb_share\"><fb:like href=\"https:\/\/www.leccecronaca.it\/index.php\/2014\/09\/28\/il-tar-sulla-ex-caserma-massa\/\" layout=\"button_count\"><\/fb:like><\/span>","protected":false},"excerpt":{"rendered":"<p>Il Tar di Lecce ha accolto il ricorso del Comune di Lecce tendente a rimuovere gli ostacoli che si pongono alla realizzazione del parcheggio interrato nell\u2019area della ex caserma massa. I giudici hanno sentenziato che la valutazione fatta nel giugno 2014 della Direzione Regionale dei BB CC, pi\u00f9 precisa ed approfondita di quella del 2012, [&hellip;]<\/p>\n","protected":false},"author":4,"featured_media":36065,"comment_status":"open","ping_status":"closed","sticky":false,"template":"","format":"standard","meta":[],"categories":[36],"tags":[],"_links":{"self":[{"href":"https:\/\/www.leccecronaca.it\/index.php\/wp-json\/wp\/v2\/posts\/36064"}],"collection":[{"href":"https:\/\/www.leccecronaca.it\/index.php\/wp-json\/wp\/v2\/posts"}],"about":[{"href":"https:\/\/www.leccecronaca.it\/index.php\/wp-json\/wp\/v2\/types\/post"}],"author":[{"embeddable":true,"href":"https:\/\/www.leccecronaca.it\/index.php\/wp-json\/wp\/v2\/users\/4"}],"replies":[{"embeddable":true,"href":"https:\/\/www.leccecronaca.it\/index.php\/wp-json\/wp\/v2\/comments?post=36064"}],"version-history":[{"count":2,"href":"https:\/\/www.leccecronaca.it\/index.php\/wp-json\/wp\/v2\/posts\/36064\/revisions"}],"predecessor-version":[{"id":36067,"href":"https:\/\/www.leccecronaca.it\/index.php\/wp-json\/wp\/v2\/posts\/36064\/revisions\/36067"}],"wp:featuredmedia":[{"embeddable":true,"href":"https:\/\/www.leccecronaca.it\/index.php\/wp-json\/wp\/v2\/media\/36065"}],"wp:attachment":[{"href":"https:\/\/www.leccecronaca.it\/index.php\/wp-json\/wp\/v2\/media?parent=36064"}],"wp:term":[{"taxonomy":"category","embeddable":true,"href":"https:\/\/www.leccecronaca.it\/index.php\/wp-json\/wp\/v2\/categories?post=36064"},{"taxonomy":"post_tag","embeddable":true,"href":"https:\/\/www.leccecronaca.it\/index.php\/wp-json\/wp\/v2\/tags?post=36064"}],"curies":[{"name":"wp","href":"https:\/\/api.w.org\/{rel}","templated":true}]}}