{"id":36298,"date":"2014-10-01T15:02:36","date_gmt":"2014-10-01T13:02:36","guid":{"rendered":"http:\/\/www.leccecronaca.it\/?p=36298"},"modified":"2014-10-01T15:02:36","modified_gmt":"2014-10-01T13:02:36","slug":"paolo-foresio-sulle-case-magno","status":"publish","type":"post","link":"https:\/\/www.leccecronaca.it\/index.php\/2014\/10\/01\/paolo-foresio-sulle-case-magno\/","title":{"rendered":"PAOLO FORESIO SULLE &#8220;CASE MAGNO&#8221;"},"content":{"rendered":"<p>Dal capogruppo del Partito Democratico al consiglio comunale di Lecce, Paolo Foresio (nella foto), riceviamo il comunicato, che qui di seguito pubblichiamo integralmente, a proposito della situazione delle cos\u00ec dette &#8220;Case Magno&#8221;, i cui inquilini da tempo denunciano il degrado:<\/p>\n<h5>&#8220;Il consiglio monotematico sulle Case Magno \u00e8 stato fissato per marted\u00ec 7 ottobre e questa \u00e8 una notizia che premia l&#8217;impegno della minoranza e del Comitato dei residenti, che hanno agito in sinergia in questi mesi richiedendolo a gran voce. Una tappa importante perch\u00e9 la situazione drammatica delle famiglie che vivono in quel complesso del quartiere San Pio trovi una soluzione definitiva. <a href=\"https:\/\/www.leccecronaca.it\/wordpress\/wp-content\/uploads\/2014\/10\/img_1.jpg\"><img decoding=\"async\" loading=\"lazy\" width=\"182\" height=\"300\" title=\"img_1\" class=\"alignleft size-medium wp-image-36299\" alt=\"\" src=\"https:\/\/www.leccecronaca.it\/wordpress\/wp-content\/uploads\/2014\/10\/img_1-182x300.jpg\" srcset=\"https:\/\/www.leccecronaca.it\/wordpress\/wp-content\/uploads\/2014\/10\/img_1-182x300.jpg 182w, https:\/\/www.leccecronaca.it\/wordpress\/wp-content\/uploads\/2014\/10\/img_1-623x1024.jpg 623w, https:\/\/www.leccecronaca.it\/wordpress\/wp-content\/uploads\/2014\/10\/img_1.jpg 827w\" sizes=\"(max-width: 182px) 100vw, 182px\" \/><\/a><\/h5>\n<h5>Confidiamo, infatti, che porre la questione al centro dell&#8217;attenzione esclusiva dell&#8217;assise comunale possa servire a chiamare una volta per tutte l&#8217;amministrazione comunale alle sue responsabilit\u00e0, visto che continuano in maniera periodica e inquietante i crolli e i cedimenti, l&#8217;ultimo pochi giorni fa, che solo per pura fortuna non hanno causato danni a persone. Bisogna capire, poi, se i fondi destinati dal Comune alle abitazioni di Viale della Repubblica saranno effettivamente usati per il risanamento strutturale degli edifici, come \u00e8 necessario, perch\u00e9 il timore di molti \u00e8 che ci si possa trovare di fronte a lavori di manutenzione ordinaria e non straordinaria.<\/h5>\n<h5>Spero, infine, che il consiglio sia anche l&#8217;occasione per chiarire una volta per tutte la questione delle incongruit\u00e0 fra i canoni d&#8217;affitto degli inquilini, alcuni dei quali corrispondono fitti bloccati agli anni Ottanta, mentre altri pagano cifre pi\u00f9 aggiornate, e quella della destinazione d&#8217;uso dei locali commerciali. Insomma, dal consiglio ci aspettiamo risposte certe e non ulteriori rinvii o tentennamenti. Gli abitanti delle Case Magno hanno avuto anche troppa pazienza finora&#8221;.<\/h5>\n<fb:like href='https:\/\/www.leccecronaca.it\/index.php\/2014\/10\/01\/paolo-foresio-sulle-case-magno\/' send='true' layout='button_count' show_faces='true' width='450' height='65' action='recommend' colorscheme='light' font='lucida grande'><\/fb:like><span class=\"fb_share\"><fb:like href=\"https:\/\/www.leccecronaca.it\/index.php\/2014\/10\/01\/paolo-foresio-sulle-case-magno\/\" layout=\"button_count\"><\/fb:like><\/span>","protected":false},"excerpt":{"rendered":"<p>Dal capogruppo del Partito Democratico al consiglio comunale di Lecce, Paolo Foresio (nella foto), riceviamo il comunicato, che qui di seguito pubblichiamo integralmente, a proposito della situazione delle cos\u00ec dette &#8220;Case Magno&#8221;, i cui inquilini da tempo denunciano il degrado: &#8220;Il consiglio monotematico sulle Case Magno \u00e8 stato fissato per marted\u00ec 7 ottobre e questa [&hellip;]<\/p>\n","protected":false},"author":4,"featured_media":36299,"comment_status":"open","ping_status":"closed","sticky":false,"template":"","format":"standard","meta":[],"categories":[36],"tags":[],"_links":{"self":[{"href":"https:\/\/www.leccecronaca.it\/index.php\/wp-json\/wp\/v2\/posts\/36298"}],"collection":[{"href":"https:\/\/www.leccecronaca.it\/index.php\/wp-json\/wp\/v2\/posts"}],"about":[{"href":"https:\/\/www.leccecronaca.it\/index.php\/wp-json\/wp\/v2\/types\/post"}],"author":[{"embeddable":true,"href":"https:\/\/www.leccecronaca.it\/index.php\/wp-json\/wp\/v2\/users\/4"}],"replies":[{"embeddable":true,"href":"https:\/\/www.leccecronaca.it\/index.php\/wp-json\/wp\/v2\/comments?post=36298"}],"version-history":[{"count":2,"href":"https:\/\/www.leccecronaca.it\/index.php\/wp-json\/wp\/v2\/posts\/36298\/revisions"}],"predecessor-version":[{"id":36301,"href":"https:\/\/www.leccecronaca.it\/index.php\/wp-json\/wp\/v2\/posts\/36298\/revisions\/36301"}],"wp:featuredmedia":[{"embeddable":true,"href":"https:\/\/www.leccecronaca.it\/index.php\/wp-json\/wp\/v2\/media\/36299"}],"wp:attachment":[{"href":"https:\/\/www.leccecronaca.it\/index.php\/wp-json\/wp\/v2\/media?parent=36298"}],"wp:term":[{"taxonomy":"category","embeddable":true,"href":"https:\/\/www.leccecronaca.it\/index.php\/wp-json\/wp\/v2\/categories?post=36298"},{"taxonomy":"post_tag","embeddable":true,"href":"https:\/\/www.leccecronaca.it\/index.php\/wp-json\/wp\/v2\/tags?post=36298"}],"curies":[{"name":"wp","href":"https:\/\/api.w.org\/{rel}","templated":true}]}}