{"id":36595,"date":"2014-10-08T14:05:17","date_gmt":"2014-10-08T12:05:17","guid":{"rendered":"http:\/\/www.leccecronaca.it\/?p=36595"},"modified":"2014-10-08T14:05:17","modified_gmt":"2014-10-08T12:05:17","slug":"il-fiscal-compact-ci-sta-ammazzando","status":"publish","type":"post","link":"https:\/\/www.leccecronaca.it\/index.php\/2014\/10\/08\/il-fiscal-compact-ci-sta-ammazzando\/","title":{"rendered":"IL FISCAL COMPACT CI STA AMMAZZANDO"},"content":{"rendered":"<h4><a href=\"https:\/\/www.leccecronaca.it\/wordpress\/wp-content\/uploads\/2014\/10\/untitled13.png\"><img decoding=\"async\" loading=\"lazy\" width=\"267\" height=\"189\" title=\"untitled\" class=\"alignleft size-full wp-image-36596\" alt=\"\" src=\"https:\/\/www.leccecronaca.it\/wordpress\/wp-content\/uploads\/2014\/10\/untitled13.png\" \/><\/a>ITALIA SOTT&#8217;OCCHIO, MONDO COL CANNOCCHIALE &#8211; rubrica di contro &#8211; informazione, a cura di Bepi Anguilla &#8211;\u00a0FISCAL COMPACT, L&#8217;ELISIR AMMAZZA &#8211; ITALIA\u00a0 &#8211; autore: GIUSEPPE BIAMONTE &#8211; FONTE: PAGINA WEB DI ITALIA SOCIALE DEL 6 SETTEMBRE 2014.<\/h4>\n<p>Il 2 marzo 2012 i paesi della cosiddetta Unione Europea sottoscrivevano il diktat-capestro noto come &#8220;Fiscal Compact&#8221;, vale a dire il famigerato Trattato sulla stabilit\u00e0, il coordinamento e la gestione delle avrebbe portato stabilit\u00e0 e crescita nelle economie europee. economie dei paesi Ue. Un fantomatico toccasana, ben congegnato dalla cupola eurocratica (i cui membri, \u00e8 bene ricordarlo, non sono elettivi), che a detta degli ideatori.\u00a0 In verit\u00e0 il trattato serv\u00ec per svuotare i singoli Stati di una consistente fetta di sovranit\u00e0 economica e politica da trasferire a un Ente sovranazionale, di natura privatistica e vampiresca, chiamato impropriamente Unione Europea. I suoi effetti disastrosi non si sono fatti attendere.<\/p>\n<p>Ne sanno qualcosa l\u2019economia e lo stato sociale di paesi quali la Grecia e la Spagna. Le ganasce poste alle casse pubbliche dei singoli Stati dell\u2019Unione, con il miraggio della parit\u00e0 di bilancio, hanno fatto s\u00ec che il mostro creato in laboratorio potesse intervenire, in modo particolare, sulla politica fiscale dei governi fantoccio europei. In altre parole, via libera a tasse, balzelli e vessazioni fiscali varie a carico degli inermi e incolpevoli cittadini-lavoratori.<\/p>\n<p>Partendo dall\u2019assunto che uno Stato non pu\u00f2 mai fallire \u2013 esempio lapalissiano, durante la crisi del \u201929, innestata anche allora dai soliti noti, furono i provvedimenti economici per il rilancio dell\u2019economia e dell\u2019occupazione presi negli anni Trenta in Germania e in Italia, (in primis attraverso la messa in cantiere di colossali opere pubbliche) che hanno permesso di schivare gli scogli perigliosi senza danni letali &#8211; il trucco del risanamento ad ogni costo \u00e8 stata la cartina di tornasole di questi eurocrati dai lunghi e aguzzi canini per promuovere interventi di rapina, chirurgicamente mirati, volti all\u2019accaparramento, attraverso la loro svendita, di quei settori produttivi, soprattutto in Italia, tuttora in mano pubblica e in buona salute (vedi Eni, Enel, Finmeccanica).<\/p>\n<p>I talebani liberal-liberisti, fautori delle privatizzazioni selvagge, avevano gi\u00e0 iniziato anni addietro, al grido di &#8220;l\u2019Europa lo vuole&#8221;, il saccheggio delle economie nazionali, prima col Trattato di Maastricht nel novembre del 1993, poi, a seguire, col Patto di stabilit\u00e0 e crescita nel 1997.<\/p>\n<p>E il risultato di tale crescita \u00e8 sotto gli occhi di tutti: lavoro sempre pi\u00f9 precario e pagato sempre meno; famiglie alla canna del gas e migliaia di lavoratori nel baratro della povert\u00e0; contratti di lavoro scaduti da anni, rinnovi col contagocce ma solo se il sindacato sottost\u00e0 ai desiderata dei padroni del vapore.<\/p>\n<p>Nella tragicommedia eurocratica un posto d\u2019onore, per quanto riguarda l\u2019Italia, spetta ai responsabili della politica nostrana.<\/p>\n<p>La vigilia (guarda caso) degli ultimi ludi cartacei europei ci ha mostrato, in tutta la sua miserevole realt\u00e0, quale sia il grado di seriet\u00e0 e di attendibilit\u00e0 dei politicanti nostrani appartenenti ai due blocchi-fotocopia.<\/p>\n<p>Alcuni di loro, infatti, hanno recitato la parte dei pentiti, facendo finta di sconfessare quanto da loro obbedientemente sottoscritto a suo tempo a Bruxelles.<\/p>\n<p>Casi eclatanti sono stati quelli di Fassina, ex viceministro all\u2019Economia e responsabile economico del PD che ha candidamente ammesso: &#8220;fu un errore firmare il Fiscal Compact&#8221;, cui ha fatto subito eco l\u2019ex satiro di Arcore, che ha bollato il trattato come un\u2019imposizione della teutonica culona.<\/p>\n<p>Fatto sta che le marionette resteranno sempre marionette e non potranno mai rivestire il ruolo di pupari, che spetta sempre ai loro manovratori.<\/p>\n<p>Per non restare al palo ora anche il cinguettatore fiorentino, sempre pi\u00f9 in affanno coi propri elettori e sostenitori, finge, nella sua eccelsa abilit\u00e0 di venditore di fumo e di balle stratosferiche, di ribellarsi alla troika dell\u2019usura (Bce, Ce, Fmi), come se fosse lui a dirigere la scassatissima baracca italiota.<\/p>\n<p>La realt\u00e0 \u00e8 ben altra. Con un rapporto Pil\/debito pubblico al 135% il destino dell\u2019Italia potrebbe essere tra non molto la bancarotta.<\/p>\n<p>I tagli forsennati alla spesa sociale, ma non allo scandaloso costo della politica, sono serviti finora soltanto a coprire in qualche modo il buco determinato dagli interessi usurai pretesi dalla finanza internazionale che specula sul debito italiano.<\/p>\n<p>Ben venga, certamente, il referendum abrogativo del Fiscal Compact promosso da un gruppo di economisti cosiddetti bipartisan.<\/p>\n<p>Ma, temiamo, che abrogare quattro articoli del trattato non sar\u00e0 sufficiente: il mostro va abbattuto e non soltanto indebolito.<\/p>\n<p>&nbsp;<\/p>\n<p>06\/09\/2014<\/p>\n<p>&nbsp;<\/p>\n<fb:like href='https:\/\/www.leccecronaca.it\/index.php\/2014\/10\/08\/il-fiscal-compact-ci-sta-ammazzando\/' send='true' layout='button_count' show_faces='true' width='450' height='65' action='recommend' colorscheme='light' font='lucida grande'><\/fb:like><span class=\"fb_share\"><fb:like href=\"https:\/\/www.leccecronaca.it\/index.php\/2014\/10\/08\/il-fiscal-compact-ci-sta-ammazzando\/\" layout=\"button_count\"><\/fb:like><\/span>","protected":false},"excerpt":{"rendered":"<p>ITALIA SOTT&#8217;OCCHIO, MONDO COL CANNOCCHIALE &#8211; rubrica di contro &#8211; informazione, a cura di Bepi Anguilla &#8211;\u00a0FISCAL COMPACT, L&#8217;ELISIR AMMAZZA &#8211; ITALIA\u00a0 &#8211; autore: GIUSEPPE BIAMONTE &#8211; FONTE: PAGINA WEB DI ITALIA SOCIALE DEL 6 SETTEMBRE 2014. Il 2 marzo 2012 i paesi della cosiddetta Unione Europea sottoscrivevano il diktat-capestro noto come &#8220;Fiscal Compact&#8221;, vale [&hellip;]<\/p>\n","protected":false},"author":4,"featured_media":36596,"comment_status":"open","ping_status":"closed","sticky":false,"template":"","format":"standard","meta":[],"categories":[1],"tags":[],"_links":{"self":[{"href":"https:\/\/www.leccecronaca.it\/index.php\/wp-json\/wp\/v2\/posts\/36595"}],"collection":[{"href":"https:\/\/www.leccecronaca.it\/index.php\/wp-json\/wp\/v2\/posts"}],"about":[{"href":"https:\/\/www.leccecronaca.it\/index.php\/wp-json\/wp\/v2\/types\/post"}],"author":[{"embeddable":true,"href":"https:\/\/www.leccecronaca.it\/index.php\/wp-json\/wp\/v2\/users\/4"}],"replies":[{"embeddable":true,"href":"https:\/\/www.leccecronaca.it\/index.php\/wp-json\/wp\/v2\/comments?post=36595"}],"version-history":[{"count":2,"href":"https:\/\/www.leccecronaca.it\/index.php\/wp-json\/wp\/v2\/posts\/36595\/revisions"}],"predecessor-version":[{"id":36598,"href":"https:\/\/www.leccecronaca.it\/index.php\/wp-json\/wp\/v2\/posts\/36595\/revisions\/36598"}],"wp:featuredmedia":[{"embeddable":true,"href":"https:\/\/www.leccecronaca.it\/index.php\/wp-json\/wp\/v2\/media\/36596"}],"wp:attachment":[{"href":"https:\/\/www.leccecronaca.it\/index.php\/wp-json\/wp\/v2\/media?parent=36595"}],"wp:term":[{"taxonomy":"category","embeddable":true,"href":"https:\/\/www.leccecronaca.it\/index.php\/wp-json\/wp\/v2\/categories?post=36595"},{"taxonomy":"post_tag","embeddable":true,"href":"https:\/\/www.leccecronaca.it\/index.php\/wp-json\/wp\/v2\/tags?post=36595"}],"curies":[{"name":"wp","href":"https:\/\/api.w.org\/{rel}","templated":true}]}}