{"id":36796,"date":"2014-10-11T13:48:46","date_gmt":"2014-10-11T11:48:46","guid":{"rendered":"http:\/\/www.leccecronaca.it\/?p=36796"},"modified":"2014-10-14T16:33:52","modified_gmt":"2014-10-14T14:33:52","slug":"san-cesario-scuola-inagibile-si-ma-da-generazioni-ed-ora","status":"publish","type":"post","link":"https:\/\/www.leccecronaca.it\/index.php\/2014\/10\/11\/san-cesario-scuola-inagibile-si-ma-da-generazioni-ed-ora\/","title":{"rendered":"SAN CESARIO: SCUOLA INAGIBILE? &#8230;si, ma da generazioni! Ed ora?     ."},"content":{"rendered":"<p style=\"text-align: left;\" align=\"center\">DALL&#8217;ASSOCIAZIONE &#8220;SVEGLIA CITTADINA&#8221; RICEVIAMO E VOLENTIERI PUBBLICHIAMO:<\/p>\n<p style=\"text-align: left;\" align=\"center\"><a href=\"https:\/\/www.leccecronaca.it\/wordpress\/wp-content\/uploads\/2014\/10\/1800279_541412885966962_660525602_n.jpg\"><img decoding=\"async\" loading=\"lazy\" width=\"150\" height=\"150\" title=\"1800279_541412885966962_660525602_n\" class=\"alignleft size-thumbnail wp-image-36857\" alt=\"\" src=\"https:\/\/www.leccecronaca.it\/wordpress\/wp-content\/uploads\/2014\/10\/1800279_541412885966962_660525602_n-150x150.jpg\" srcset=\"https:\/\/www.leccecronaca.it\/wordpress\/wp-content\/uploads\/2014\/10\/1800279_541412885966962_660525602_n-150x150.jpg 150w, https:\/\/www.leccecronaca.it\/wordpress\/wp-content\/uploads\/2014\/10\/1800279_541412885966962_660525602_n-300x300.jpg 300w, https:\/\/www.leccecronaca.it\/wordpress\/wp-content\/uploads\/2014\/10\/1800279_541412885966962_660525602_n.jpg 960w\" sizes=\"(max-width: 150px) 100vw, 150px\" \/><\/a><br \/>\nA San Cesario di Lecce, dopo le polemiche sui fili elettrici nella scuola elementare \u201cSaponaro\u201d,\u00a0il Sindaco aveva dichiarato che tutto era in regola e non vi era da preoccuparsi. Compresa quindi\u00a0la probabile\u00a0&#8220;messa a terra&#8221; fuori norma da\u00a020anni,\u00a0collegata esternamente ad un rubinetto accessibile ai bambini, nel quale rubinetto alcuni dei fili che lo compongono erano addirittura penzolanti, da anni, sotto i sanitari usati dagli stessi bambini.\u201d<\/p>\n<p>Ma all\u2019associazione Sveglia Cittadina, dalle cui foto era partita la polemica, le rassicurazioni del Sindaco non sono bastate e ci hanno voluto ancora una volta mettere il naso, protocollando una richiesta di \u201caccesso agli atti\u201d su tutta la documentazione riguardante l\u2019edificio scolastico, dagli incartamenti sull\u2019agibilit\u00e0 fino ai relativi collaudi biennali previsti per legge. Ed \u00e8 venuta fuori una realt\u00e0 molto diversa da quella descritta, perfino peggiore di quella che la stessa associazione si aspettava! A questa richiesta di documentazione l\u2019Ufficio Tecnico comunale\u00a0ha risposto che: \u201c\u2026il procedimento per il rilascio del certificato di agibilit\u00e0 risulta in corso di definizione.&#8221;<\/p>\n<p>Una risposta non correlata tra l\u2019altro da alcun tipo di altra documentazione contemporaneamente richiesta e che sulle prime ha fatto pensare, ai ragazzi dell\u2019associazione, ad un fraintendimento nella richiesta o ad una possibilit\u00e0 di &#8220;sola consultazione&#8221; dei documenti, \u00a0magari\u00a0(chiss\u00e0) forse(?)\u00a0non fotocopiabili.<\/p>\n<p>Invece no. Una volta presentatisi presso lo stesso ufficio per chiarire la questione, hanno dovuto constatare che non vi era nessun altro tipo di documento riguardante la sicurezza dell\u2019edificio scolastico, nessuna agibilit\u00e0 precedente, nessun controllo biennale sugli impianti obbligatorio per legge, niente di niente.<\/p>\n<p>\u201c<em>La situazione che ci siamo trovati davanti \u2013 dicono <\/em><strong>dall\u2019associazione Sveglia Cittadina<\/strong><em> \u2013 ci ha lasciati veramente di stucco. Con questo fogliettino striminzito come risposta, ci dicono in pratica che non vi \u00e8 nessuna sicurezza che garantisca il luogo dove un genitore lascia il proprio figlio, anzi il proprio stesso cuore, cio\u00e8 a scuola.\u201d<\/em><br \/>\n\u201c<em>Allo stato dei fatti <\/em><strong>\u00a0&#8211; continuano &#8211; <\/strong><em>anche l\u2019assicurazione potrebbe non avere valore alcuno! E non parliamo solo della rAssicurazione del Sindaco che \u00a0nei giorni della polemica dichiarava che tutto \u00e8 in regola e che oggi viene appunto smentita dai suoi stessi uffici preposti. E senza parlare delle sue minacce (ridicole a questo punto) nei nostri confronti, quando annunciava addirittura di difendere le ragioni del comune in altra sede. Ma l&#8217;assicurazione che potrebbe non avere valore \u00e8 proprio quella che i genitori pagano ogni anno e che, crediamo, oggi sia solo carta straccia nel momento in cui si scopre che non c&#8217;\u00e8 nessun certificato di agibilit\u00e0. Perch\u00e9\u00a0le raqgioni di una\u00a0qualsiasi assicurazione, di fatto sarebbe, appellarsi per non pagare a qualche\u00a0clausola per cui, senza quel certificato, i ragazzi a scuola non sarebbero neanche dovuti entrare!\u201d.<\/em><\/p>\n<p>Una brutta situazione dunque, che ci auguriamo si risolva al pi\u00f9 presto, verificando e sistemando tutto ci\u00f2 che eventualmente\u00a0 non \u00e8 a norma e che non permette il rilascio del certificato di agibilit\u00e0.<\/p>\n<p>Ma anche una situazione che ora pone una serie di domande importanti che in molti si stanno gi\u00e0 facendo:<br \/>\nIn primis ci si chiede come possa un\u2019amministrazione, che bene o male da 20anni ha lo stesso colore politico e\u00a0che ha visto, nella passata legislatura,\u00a0l\u2019attuale Sindaco avere in carico l\u2019assessorato ai lavori pubblici, non essere a conoscenza della situazione reale e non provvedere per tempo ad intervenire visto che negli anni ci risulta ci siano stati diversi finanziamenti per la ristrutturazione e messa a norma gli istituti scolastici e ci sembra anche della stessa scuola Saponaro. Perch\u00e9 se pur oggi si spera che tutto possa risolversi in tempi strettissimi, non si \u00e8 provveduto molto prima?<\/p>\n<p>In secondo luogo molti si domandano anche,\u00a0ora i ragazzi possono o meno continuare a frequentare in quell&#8217;edificio?<\/p>\n<p>Attendiamo le risposte!<\/p>\n<p>&nbsp;<\/p>\n<p>&nbsp;<\/p>\n<fb:like href='https:\/\/www.leccecronaca.it\/index.php\/2014\/10\/11\/san-cesario-scuola-inagibile-si-ma-da-generazioni-ed-ora\/' send='true' layout='button_count' show_faces='true' width='450' height='65' action='recommend' colorscheme='light' font='lucida grande'><\/fb:like><span class=\"fb_share\"><fb:like href=\"https:\/\/www.leccecronaca.it\/index.php\/2014\/10\/11\/san-cesario-scuola-inagibile-si-ma-da-generazioni-ed-ora\/\" layout=\"button_count\"><\/fb:like><\/span>","protected":false},"excerpt":{"rendered":"<p>DALL&#8217;ASSOCIAZIONE &#8220;SVEGLIA CITTADINA&#8221; RICEVIAMO E VOLENTIERI PUBBLICHIAMO: A San Cesario di Lecce, dopo le polemiche sui fili elettrici nella scuola elementare \u201cSaponaro\u201d,\u00a0il Sindaco aveva dichiarato che tutto era in regola e non vi era da preoccuparsi. Compresa quindi\u00a0la probabile\u00a0&#8220;messa a terra&#8221; fuori norma da\u00a020anni,\u00a0collegata esternamente ad un rubinetto accessibile ai bambini, nel quale rubinetto alcuni [&hellip;]<\/p>\n","protected":false},"author":4,"featured_media":36857,"comment_status":"open","ping_status":"closed","sticky":false,"template":"","format":"standard","meta":[],"categories":[36],"tags":[],"_links":{"self":[{"href":"https:\/\/www.leccecronaca.it\/index.php\/wp-json\/wp\/v2\/posts\/36796"}],"collection":[{"href":"https:\/\/www.leccecronaca.it\/index.php\/wp-json\/wp\/v2\/posts"}],"about":[{"href":"https:\/\/www.leccecronaca.it\/index.php\/wp-json\/wp\/v2\/types\/post"}],"author":[{"embeddable":true,"href":"https:\/\/www.leccecronaca.it\/index.php\/wp-json\/wp\/v2\/users\/4"}],"replies":[{"embeddable":true,"href":"https:\/\/www.leccecronaca.it\/index.php\/wp-json\/wp\/v2\/comments?post=36796"}],"version-history":[{"count":5,"href":"https:\/\/www.leccecronaca.it\/index.php\/wp-json\/wp\/v2\/posts\/36796\/revisions"}],"predecessor-version":[{"id":36856,"href":"https:\/\/www.leccecronaca.it\/index.php\/wp-json\/wp\/v2\/posts\/36796\/revisions\/36856"}],"wp:featuredmedia":[{"embeddable":true,"href":"https:\/\/www.leccecronaca.it\/index.php\/wp-json\/wp\/v2\/media\/36857"}],"wp:attachment":[{"href":"https:\/\/www.leccecronaca.it\/index.php\/wp-json\/wp\/v2\/media?parent=36796"}],"wp:term":[{"taxonomy":"category","embeddable":true,"href":"https:\/\/www.leccecronaca.it\/index.php\/wp-json\/wp\/v2\/categories?post=36796"},{"taxonomy":"post_tag","embeddable":true,"href":"https:\/\/www.leccecronaca.it\/index.php\/wp-json\/wp\/v2\/tags?post=36796"}],"curies":[{"name":"wp","href":"https:\/\/api.w.org\/{rel}","templated":true}]}}