{"id":37145,"date":"2014-10-15T18:43:32","date_gmt":"2014-10-15T16:43:32","guid":{"rendered":"http:\/\/www.leccecronaca.it\/?p=37145"},"modified":"2014-10-15T18:43:32","modified_gmt":"2014-10-15T16:43:32","slug":"libri-il-percorso-di-dario-palazzo","status":"publish","type":"post","link":"https:\/\/www.leccecronaca.it\/index.php\/2014\/10\/15\/libri-il-percorso-di-dario-palazzo\/","title":{"rendered":"LIBRI \/ Il percorso di Dario Palazzo"},"content":{"rendered":"<h3>E&#8217; il primo libro scritto in Puglia da una persona sorda. Si intitola &#8220;Il mio cammino verso la comunit\u00e0 sorda&#8221;, edizioni La Matrice. Ne \u00e8 autore Dario Palazzo, giovane giornalista e videomaker (nella foto).<\/h3>\n<h3>Sar\u00e0 presentato a Lecce, all&#8217;Open Space di piazza Sant&#8217;Oronzo, venerd\u00ec 17 alle ore 17.00, in un incontro con l&#8217;autore curato da Lucio D&#8217;Arpe, presidente dell&#8217;Associazione Europea ed Extraeuropea Operatori Specializzati.<a href=\"https:\/\/www.leccecronaca.it\/wordpress\/wp-content\/uploads\/2014\/10\/10649995_10203939415739050_7388097442869326983_n.jpg\"><img decoding=\"async\" loading=\"lazy\" width=\"150\" height=\"150\" title=\"10649995_10203939415739050_7388097442869326983_n\" class=\"alignleft size-thumbnail wp-image-37146\" alt=\"\" src=\"https:\/\/www.leccecronaca.it\/wordpress\/wp-content\/uploads\/2014\/10\/10649995_10203939415739050_7388097442869326983_n-150x150.jpg\" \/><\/a><\/h3>\n<fb:like href='https:\/\/www.leccecronaca.it\/index.php\/2014\/10\/15\/libri-il-percorso-di-dario-palazzo\/' send='true' layout='button_count' show_faces='true' width='450' height='65' action='recommend' colorscheme='light' font='lucida grande'><\/fb:like><span class=\"fb_share\"><fb:like href=\"https:\/\/www.leccecronaca.it\/index.php\/2014\/10\/15\/libri-il-percorso-di-dario-palazzo\/\" layout=\"button_count\"><\/fb:like><\/span>","protected":false},"excerpt":{"rendered":"<p>E&#8217; il primo libro scritto in Puglia da una persona sorda. Si intitola &#8220;Il mio cammino verso la comunit\u00e0 sorda&#8221;, edizioni La Matrice. Ne \u00e8 autore Dario Palazzo, giovane giornalista e videomaker (nella foto). Sar\u00e0 presentato a Lecce, all&#8217;Open Space di piazza Sant&#8217;Oronzo, venerd\u00ec 17 alle ore 17.00, in un incontro con l&#8217;autore curato da [&hellip;]<\/p>\n","protected":false},"author":4,"featured_media":37146,"comment_status":"open","ping_status":"closed","sticky":false,"template":"","format":"standard","meta":[],"categories":[31],"tags":[],"_links":{"self":[{"href":"https:\/\/www.leccecronaca.it\/index.php\/wp-json\/wp\/v2\/posts\/37145"}],"collection":[{"href":"https:\/\/www.leccecronaca.it\/index.php\/wp-json\/wp\/v2\/posts"}],"about":[{"href":"https:\/\/www.leccecronaca.it\/index.php\/wp-json\/wp\/v2\/types\/post"}],"author":[{"embeddable":true,"href":"https:\/\/www.leccecronaca.it\/index.php\/wp-json\/wp\/v2\/users\/4"}],"replies":[{"embeddable":true,"href":"https:\/\/www.leccecronaca.it\/index.php\/wp-json\/wp\/v2\/comments?post=37145"}],"version-history":[{"count":2,"href":"https:\/\/www.leccecronaca.it\/index.php\/wp-json\/wp\/v2\/posts\/37145\/revisions"}],"predecessor-version":[{"id":37148,"href":"https:\/\/www.leccecronaca.it\/index.php\/wp-json\/wp\/v2\/posts\/37145\/revisions\/37148"}],"wp:featuredmedia":[{"embeddable":true,"href":"https:\/\/www.leccecronaca.it\/index.php\/wp-json\/wp\/v2\/media\/37146"}],"wp:attachment":[{"href":"https:\/\/www.leccecronaca.it\/index.php\/wp-json\/wp\/v2\/media?parent=37145"}],"wp:term":[{"taxonomy":"category","embeddable":true,"href":"https:\/\/www.leccecronaca.it\/index.php\/wp-json\/wp\/v2\/categories?post=37145"},{"taxonomy":"post_tag","embeddable":true,"href":"https:\/\/www.leccecronaca.it\/index.php\/wp-json\/wp\/v2\/tags?post=37145"}],"curies":[{"name":"wp","href":"https:\/\/api.w.org\/{rel}","templated":true}]}}