{"id":37525,"date":"2014-10-22T18:51:28","date_gmt":"2014-10-22T16:51:28","guid":{"rendered":"http:\/\/www.leccecronaca.it\/?p=37525"},"modified":"2014-10-22T18:57:47","modified_gmt":"2014-10-22T16:57:47","slug":"come-affrontare-la-depressione-degli-anziani-in-un-corso-di-formazione-dellasl-di-lecce","status":"publish","type":"post","link":"https:\/\/www.leccecronaca.it\/index.php\/2014\/10\/22\/come-affrontare-la-depressione-degli-anziani-in-un-corso-di-formazione-dellasl-di-lecce\/","title":{"rendered":"COME AFFRONTARE LA DEPRESSIONE DEGLI ANZIANI IN UN CORSO DI FORMAZIONE DELL&#8217;ASL DI LECCE"},"content":{"rendered":"<h3>di Cesare Mazzotta____________<a href=\"https:\/\/www.leccecronaca.it\/wordpress\/wp-content\/uploads\/2014\/10\/farmaci-antidepressivi.jpg\"><img decoding=\"async\" loading=\"lazy\" width=\"150\" height=\"150\" title=\"farmaci antidepressivi\" class=\"alignleft size-thumbnail wp-image-37526\" alt=\"\" src=\"https:\/\/www.leccecronaca.it\/wordpress\/wp-content\/uploads\/2014\/10\/farmaci-antidepressivi-150x150.jpg\" \/><\/a><\/h3>\n<h3>La depressione pu\u00f2 portare al suicidio. A rischiare di pi\u00f9 sono gli anziani ultra 85enni con patologie invalidanti; quelli che hanno avuto un lutto recente e chi ha un dolore fisico non gestito.<\/h3>\n<h3>Sono le indicazioni emerse nel Corso di formazione che si \u00e8 tenuto oggi presso il Polo didattico della Asl, dal titolo \u00abEfficacia, sicurezza e modelli funzionali nel trattamento farmacologico della depressione\u00bb.<\/h3>\n<h3>Ha presentato l\u2019evento il dottore Serafino De Giorgi, responsabile del Dipartimento di Igiene Mentale della Asl, che ha invitato a Lecce due tra i massimi esperti italiani nel trattamento della depressione: il professore Claudio Vampini, del Dipartimento di salute mentale e dell\u2019Universit\u00e0 di Verona e il professore Andrea Fagiolini, direttore del Dipartimento interaziendale di salute mentale dell\u2019Universit\u00e0 di Siena.<\/h3>\n<h3>\u00abGli anziani sono in aumento e affluiscono sempre pi\u00f9 numerosi ai servizi psichiatrici pubblici \u2013 spiega il professore Vampini \u2013 Sono soggetti nei quali la depressione si manifesta in modo spesso non immediatamente riconoscibile. Spetta al clinico identificare i sintomi e curare con i farmaci appropriati, commisurati alle esigenze del paziente\u00bb.<\/h3>\n<h3>\u00abIn questo corso passiamo in rassegna tutti i nuovi farmaci, usciti da poco \u2013 ha annunciato il professore Fagiolini \u2013 e quelli che usciranno a breve, molto promettenti e gi\u00e0 in fase di sperimentazione. Ma anche i vecchi farmaci\u00a0 per studiarne le caratteristiche cliniche\u00bb.<\/h3>\n<h3>Il corso sul trattamento della depressione fa parte di una strategia formativa a largo raggio del Dipartimento di Igiene mentale della Asl.<\/h3>\n<h3>\u00abIl corso si inserisce in un\u00a0 percorso che la Asl di Lecce sta sviluppando da 10 anni\u00bb, ha spiegato il dottore De Giorgi, \u00abSiamo di fronte al vero aggiornamento degli operatori del Dipartimento, considerato che la depressione \u00e8 una patologia molto diffusa e che diventer\u00e0 la seconda malattia pi\u00f9 importante al mondo\u00bb.<\/h3>\n<h3>Un altro rischio, \u00e8 stato rilevato, \u00e8 l\u2019approccio con il paziente anziano, che deve essere trattato con maggiore cautela; se del caso farmacologicamente, ma con dosaggi personalizzati.<\/h3>\n<fb:like href='https:\/\/www.leccecronaca.it\/index.php\/2014\/10\/22\/come-affrontare-la-depressione-degli-anziani-in-un-corso-di-formazione-dellasl-di-lecce\/' send='true' layout='button_count' show_faces='true' width='450' height='65' action='recommend' colorscheme='light' font='lucida grande'><\/fb:like><span class=\"fb_share\"><fb:like href=\"https:\/\/www.leccecronaca.it\/index.php\/2014\/10\/22\/come-affrontare-la-depressione-degli-anziani-in-un-corso-di-formazione-dellasl-di-lecce\/\" layout=\"button_count\"><\/fb:like><\/span>","protected":false},"excerpt":{"rendered":"<p>di Cesare Mazzotta____________ La depressione pu\u00f2 portare al suicidio. A rischiare di pi\u00f9 sono gli anziani ultra 85enni con patologie invalidanti; quelli che hanno avuto un lutto recente e chi ha un dolore fisico non gestito. Sono le indicazioni emerse nel Corso di formazione che si \u00e8 tenuto oggi presso il Polo didattico della Asl, [&hellip;]<\/p>\n","protected":false},"author":4,"featured_media":37526,"comment_status":"open","ping_status":"closed","sticky":false,"template":"","format":"standard","meta":[],"categories":[1],"tags":[],"_links":{"self":[{"href":"https:\/\/www.leccecronaca.it\/index.php\/wp-json\/wp\/v2\/posts\/37525"}],"collection":[{"href":"https:\/\/www.leccecronaca.it\/index.php\/wp-json\/wp\/v2\/posts"}],"about":[{"href":"https:\/\/www.leccecronaca.it\/index.php\/wp-json\/wp\/v2\/types\/post"}],"author":[{"embeddable":true,"href":"https:\/\/www.leccecronaca.it\/index.php\/wp-json\/wp\/v2\/users\/4"}],"replies":[{"embeddable":true,"href":"https:\/\/www.leccecronaca.it\/index.php\/wp-json\/wp\/v2\/comments?post=37525"}],"version-history":[{"count":3,"href":"https:\/\/www.leccecronaca.it\/index.php\/wp-json\/wp\/v2\/posts\/37525\/revisions"}],"predecessor-version":[{"id":37535,"href":"https:\/\/www.leccecronaca.it\/index.php\/wp-json\/wp\/v2\/posts\/37525\/revisions\/37535"}],"wp:featuredmedia":[{"embeddable":true,"href":"https:\/\/www.leccecronaca.it\/index.php\/wp-json\/wp\/v2\/media\/37526"}],"wp:attachment":[{"href":"https:\/\/www.leccecronaca.it\/index.php\/wp-json\/wp\/v2\/media?parent=37525"}],"wp:term":[{"taxonomy":"category","embeddable":true,"href":"https:\/\/www.leccecronaca.it\/index.php\/wp-json\/wp\/v2\/categories?post=37525"},{"taxonomy":"post_tag","embeddable":true,"href":"https:\/\/www.leccecronaca.it\/index.php\/wp-json\/wp\/v2\/tags?post=37525"}],"curies":[{"name":"wp","href":"https:\/\/api.w.org\/{rel}","templated":true}]}}