{"id":37841,"date":"2014-10-27T08:46:06","date_gmt":"2014-10-27T07:46:06","guid":{"rendered":"http:\/\/www.leccecronaca.it\/?p=37841"},"modified":"2014-10-29T13:30:17","modified_gmt":"2014-10-29T12:30:17","slug":"pankiewicz-perche-sono-contrario-alluniversita-islamica-di-lecce","status":"publish","type":"post","link":"https:\/\/www.leccecronaca.it\/index.php\/2014\/10\/27\/pankiewicz-perche-sono-contrario-alluniversita-islamica-di-lecce\/","title":{"rendered":"PANKIEWICZ \/ Perch\u00e8 sono contrario all&#8217;universit\u00e0 islamica &#8211; D&#8217;AGATA \/ Perch\u00e8 sono a favore &#8211; DE CRISTOFARO \/ Le ragioni del mio no"},"content":{"rendered":"<h2><span style=\"font-family: Times New Roman;\"><a href=\"https:\/\/www.leccecronaca.it\/wordpress\/wp-content\/uploads\/2014\/10\/untitled66.png\"><img decoding=\"async\" loading=\"lazy\" width=\"300\" height=\"167\" title=\"untitled\" class=\"alignright size-medium wp-image-38017\" alt=\"\" src=\"https:\/\/www.leccecronaca.it\/wordpress\/wp-content\/uploads\/2014\/10\/untitled66-300x167.png\" srcset=\"https:\/\/www.leccecronaca.it\/wordpress\/wp-content\/uploads\/2014\/10\/untitled66-300x167.png 300w, https:\/\/www.leccecronaca.it\/wordpress\/wp-content\/uploads\/2014\/10\/untitled66.png 301w\" sizes=\"(max-width: 300px) 100vw, 300px\" \/><\/a>Sulla questione dell&#8217;ipotesi di costruzione di una universit\u00e0 islamica a Lecce nei locali della ex manifattura tabacchi di via Birago, il presidente del &#8220;Movimento Valori e Rinnovamento&#8221;\u00a0<\/span><span style=\"font-family: Times New Roman;\">Wojtek Pankiewicz ci ha mandato il comunicato che qui di seguito pubblichiamo_____________<\/span><\/h2>\n<h3><span style=\"font-family: Times New Roman;\">Premesso che \u00e8 davvero stucchevole, a proposito dell&#8217;eventuale istituzione a Lecce, della prima Universit\u00e0 islamica d&#8217;Europa,sentire continuamente parlare di tolleranza religiosa e di dialogo interculturale, cose che da noi in Italia, per fortuna, nessuno, dico nessuno, persone o partiti, mette pi\u00f9 in discussione, vogliamo esprimere, senza ipocrisie e con chiarezza,il nostro parere contrario a tale iniziativa.<\/span><\/h3>\n<h3><span style=\"font-family: Times New Roman;\">Ci\u00f2 che preoccupa molto, in questo momento storico, noi di \u201cValori e Rinnovamento\u201d non \u00e8 solo la pesantissima crisi economica, ma anche la crisi di valori, culturale ed identitaria che sta attraversando l&#8217;Italia. Le crisi economiche, nella loro drammaticit\u00e0, colpiscono l&#8217; \u201davere\u201d di un popolo, le crisi culturali, invece, hanno il potere di trasformare la natura pi\u00f9 profonda di un popolo, la sua tradizione, la sua storia, cambiando di fatto il suo \u201cessere\u201d.<\/span><\/h3>\n<h3><span style=\"font-family: Times New Roman;\">Il nostro quadro culturale e religioso rischierebbe di essere colonizzato e stravolto da una inculturazione islamica derivante dalla presenza di un tale tipo di Universit\u00e0, che potrebbe diventare un pericoloso e silenzioso grimaldello per intaccare la nostra storia e la nostra identit\u00e0 culturale. <\/span><span style=\"font-family: Times New Roman;\">Siamo contrari anche per i seguenti interrogativi ancora senza risposta :<\/span><\/h3>\n<h3><span style=\"font-family: Times New Roman;\">Quale valore legale avrebbero le lauree (quali ?) rilasciate da tale Universit\u00e0? In quali Stati verrebbero riconosciuti questi titoli di studio ? <\/span><span style=\"font-family: Times New Roman;\">Da dove\u00a0 provengono ben 50 milioni di euro ? Chiediamo massima trasparenza.<\/span><\/h3>\n<h3><span style=\"font-family: Times New Roman;\">Creare un&#8217;Universit\u00e0-ghetto non rappresenterebbe un momento di autoesclusione della comunit\u00e0 islamica in controtendenza con la vocazione multiculturale del Salento.<\/span><\/h3>\n<h3><span style=\"font-family: Times New Roman;\">Sotto l&#8217;aspetto urbanistico, alla Manifattura, non \u00e8 meglio realizzare una residenza universitaria con servizi vari e mensa, come gi\u00e0 nel 2010 propose l&#8217;Universit\u00e0 del Salento, anche tenendo conto che in questo campo la nostra \u00e8 una citt\u00e0 arretrata?<\/span><\/h3>\n<fb:like href='https:\/\/www.leccecronaca.it\/index.php\/2014\/10\/27\/pankiewicz-perche-sono-contrario-alluniversita-islamica-di-lecce\/' send='true' layout='button_count' show_faces='true' width='450' height='65' action='recommend' colorscheme='light' font='lucida grande'><\/fb:like><span class=\"fb_share\"><fb:like href=\"https:\/\/www.leccecronaca.it\/index.php\/2014\/10\/27\/pankiewicz-perche-sono-contrario-alluniversita-islamica-di-lecce\/\" layout=\"button_count\"><\/fb:like><\/span>","protected":false},"excerpt":{"rendered":"<p>Sulla questione dell&#8217;ipotesi di costruzione di una universit\u00e0 islamica a Lecce nei locali della ex manifattura tabacchi di via Birago, il presidente del &#8220;Movimento Valori e Rinnovamento&#8221;\u00a0Wojtek Pankiewicz ci ha mandato il comunicato che qui di seguito pubblichiamo_____________ Premesso che \u00e8 davvero stucchevole, a proposito dell&#8217;eventuale istituzione a Lecce, della prima Universit\u00e0 islamica d&#8217;Europa,sentire continuamente [&hellip;]<\/p>\n","protected":false},"author":4,"featured_media":38017,"comment_status":"open","ping_status":"closed","sticky":false,"template":"","format":"standard","meta":[],"categories":[36],"tags":[],"_links":{"self":[{"href":"https:\/\/www.leccecronaca.it\/index.php\/wp-json\/wp\/v2\/posts\/37841"}],"collection":[{"href":"https:\/\/www.leccecronaca.it\/index.php\/wp-json\/wp\/v2\/posts"}],"about":[{"href":"https:\/\/www.leccecronaca.it\/index.php\/wp-json\/wp\/v2\/types\/post"}],"author":[{"embeddable":true,"href":"https:\/\/www.leccecronaca.it\/index.php\/wp-json\/wp\/v2\/users\/4"}],"replies":[{"embeddable":true,"href":"https:\/\/www.leccecronaca.it\/index.php\/wp-json\/wp\/v2\/comments?post=37841"}],"version-history":[{"count":6,"href":"https:\/\/www.leccecronaca.it\/index.php\/wp-json\/wp\/v2\/posts\/37841\/revisions"}],"predecessor-version":[{"id":37846,"href":"https:\/\/www.leccecronaca.it\/index.php\/wp-json\/wp\/v2\/posts\/37841\/revisions\/37846"}],"wp:featuredmedia":[{"embeddable":true,"href":"https:\/\/www.leccecronaca.it\/index.php\/wp-json\/wp\/v2\/media\/38017"}],"wp:attachment":[{"href":"https:\/\/www.leccecronaca.it\/index.php\/wp-json\/wp\/v2\/media?parent=37841"}],"wp:term":[{"taxonomy":"category","embeddable":true,"href":"https:\/\/www.leccecronaca.it\/index.php\/wp-json\/wp\/v2\/categories?post=37841"},{"taxonomy":"post_tag","embeddable":true,"href":"https:\/\/www.leccecronaca.it\/index.php\/wp-json\/wp\/v2\/tags?post=37841"}],"curies":[{"name":"wp","href":"https:\/\/api.w.org\/{rel}","templated":true}]}}