{"id":37889,"date":"2014-10-27T18:36:36","date_gmt":"2014-10-27T17:36:36","guid":{"rendered":"http:\/\/www.leccecronaca.it\/?p=37889"},"modified":"2014-10-27T19:00:09","modified_gmt":"2014-10-27T18:00:09","slug":"dal-parlamento-europeo-rosa-damato-critica-laccoro-su-clima-ed-energia","status":"publish","type":"post","link":"https:\/\/www.leccecronaca.it\/index.php\/2014\/10\/27\/dal-parlamento-europeo-rosa-damato-critica-laccoro-su-clima-ed-energia\/","title":{"rendered":"DAL PARLAMENTO EUROPEO ROSA D&#8217;AMATO CRITICA L&#8217;ACCORDO RAGGIUNTO SU CLIMA ED ENERGIA"},"content":{"rendered":"<h2><a href=\"https:\/\/www.leccecronaca.it\/wordpress\/wp-content\/uploads\/2014\/10\/untitled58.png\"><img decoding=\"async\" loading=\"lazy\" width=\"179\" height=\"224\" title=\"untitled\" class=\"alignright size-full wp-image-37891\" alt=\"\" src=\"https:\/\/www.leccecronaca.it\/wordpress\/wp-content\/uploads\/2014\/10\/untitled58.png\" \/><\/a>Dalla portavoce del M5S al parlamento europeo Rosa D&#8217;Amato riceviamo e volentieri pubblichiamo_______<\/h2>\n<h2>&#8220;Stop alla crescita delle rinnovabili. Un freno all&#8217;incremento dell&#8217;efficienza energetica. Questo \u00e8 il risultato su clima ed energia del semestre europeo a guida italiana: un accordo al ribasso che fa gioire le lobby del fossile. Un fallimento per l&#8217;Europa e per l&#8217;Italia. Altro che cambiare verso&#8221;.<\/h2>\n<h2>Cos\u00ec l&#8217;eurodeputata M5S Rosa D&#8217;Amato commenta l&#8217;accordo raggiunto dai governi Ue al Vertice di Bruxelles sul nuovo pacchetto clima ed energia. Secondo questo accordo i target per il 2030 saranno il taglio di almeno il 40 per cento della CO2, l&#8217;aumento di almeno il 27 per cento di energia da fonti rinnovabili e il 27 per cento di incremento dell\u2019efficienza energetica. I primi due obiettivi sono vincolanti, il terzo solo indicativo.<\/h2>\n<h2>&#8220;Si tratta di un accordo non solo al ribasso ma contraddittorio &#8211; dice D&#8217;Amato &#8211; Come \u00e8 possibile pensare di tagliare le emissioni del 40 per cento rallentando la crescita delle fonti rinnovabili e dell&#8217;efficienza energetica? Bisognava fare di pi\u00f9, molto di pi\u00f9. Occorrevano target pi\u00f9 ambiziosi e coerenti con l&#8217;obiettivo, ribadito all&#8217;ultimo vertice sul clima dell&#8217;Onu, di ridurre le emissioni di almeno il 95 per cento entro il 2050, il solo modo possibile per contenere il riscaldamento del pianeta sotto la soglia critica dei 2\u00b0C&#8221;.<\/h2>\n<h2>&#8220;Mi chiedo con che credibilit\u00e0 l&#8217;Europa potr\u00e0 presentarsi il prossimo anno al vertice sul clima di Parigi e chiedere ai paesi in via di sviluppo di ridurre le emissioni &#8211; conclude D&#8217;Amato &#8211; La verit\u00e0 \u00e8 che l&#8217;Ue e l&#8217;Italia hanno ceduto alle pressioni delle lobby del fossile, sacrificando il futuro del pianeta agli interessi di un&#8217;economia vecchia, conservatrice e suicida&#8221;.<\/h2>\n<h2><span style=\"font-family: Times New Roman; font-size: small;\">\u00a0<\/span><\/h2>\n<fb:like href='https:\/\/www.leccecronaca.it\/index.php\/2014\/10\/27\/dal-parlamento-europeo-rosa-damato-critica-laccoro-su-clima-ed-energia\/' send='true' layout='button_count' show_faces='true' width='450' height='65' action='recommend' colorscheme='light' font='lucida grande'><\/fb:like><span class=\"fb_share\"><fb:like href=\"https:\/\/www.leccecronaca.it\/index.php\/2014\/10\/27\/dal-parlamento-europeo-rosa-damato-critica-laccoro-su-clima-ed-energia\/\" layout=\"button_count\"><\/fb:like><\/span>","protected":false},"excerpt":{"rendered":"<p>Dalla portavoce del M5S al parlamento europeo Rosa D&#8217;Amato riceviamo e volentieri pubblichiamo_______ &#8220;Stop alla crescita delle rinnovabili. Un freno all&#8217;incremento dell&#8217;efficienza energetica. Questo \u00e8 il risultato su clima ed energia del semestre europeo a guida italiana: un accordo al ribasso che fa gioire le lobby del fossile. Un fallimento per l&#8217;Europa e per l&#8217;Italia. [&hellip;]<\/p>\n","protected":false},"author":4,"featured_media":37891,"comment_status":"open","ping_status":"closed","sticky":false,"template":"","format":"standard","meta":[],"categories":[36],"tags":[],"_links":{"self":[{"href":"https:\/\/www.leccecronaca.it\/index.php\/wp-json\/wp\/v2\/posts\/37889"}],"collection":[{"href":"https:\/\/www.leccecronaca.it\/index.php\/wp-json\/wp\/v2\/posts"}],"about":[{"href":"https:\/\/www.leccecronaca.it\/index.php\/wp-json\/wp\/v2\/types\/post"}],"author":[{"embeddable":true,"href":"https:\/\/www.leccecronaca.it\/index.php\/wp-json\/wp\/v2\/users\/4"}],"replies":[{"embeddable":true,"href":"https:\/\/www.leccecronaca.it\/index.php\/wp-json\/wp\/v2\/comments?post=37889"}],"version-history":[{"count":4,"href":"https:\/\/www.leccecronaca.it\/index.php\/wp-json\/wp\/v2\/posts\/37889\/revisions"}],"predecessor-version":[{"id":37894,"href":"https:\/\/www.leccecronaca.it\/index.php\/wp-json\/wp\/v2\/posts\/37889\/revisions\/37894"}],"wp:featuredmedia":[{"embeddable":true,"href":"https:\/\/www.leccecronaca.it\/index.php\/wp-json\/wp\/v2\/media\/37891"}],"wp:attachment":[{"href":"https:\/\/www.leccecronaca.it\/index.php\/wp-json\/wp\/v2\/media?parent=37889"}],"wp:term":[{"taxonomy":"category","embeddable":true,"href":"https:\/\/www.leccecronaca.it\/index.php\/wp-json\/wp\/v2\/categories?post=37889"},{"taxonomy":"post_tag","embeddable":true,"href":"https:\/\/www.leccecronaca.it\/index.php\/wp-json\/wp\/v2\/tags?post=37889"}],"curies":[{"name":"wp","href":"https:\/\/api.w.org\/{rel}","templated":true}]}}