{"id":37929,"date":"2014-10-28T13:10:32","date_gmt":"2014-10-28T12:10:32","guid":{"rendered":"http:\/\/www.leccecronaca.it\/?p=37929"},"modified":"2014-10-28T13:11:07","modified_gmt":"2014-10-28T12:11:07","slug":"venerdi-31-ottobre-a-brindisi-incontro-di-rosa-damato-sui-programmi-europei-di-finanziamento-e-accesso-diretto","status":"publish","type":"post","link":"https:\/\/www.leccecronaca.it\/index.php\/2014\/10\/28\/venerdi-31-ottobre-a-brindisi-incontro-di-rosa-damato-sui-programmi-europei-di-finanziamento-e-accesso-diretto\/","title":{"rendered":"VENERDI&#8217; 31 OTTOBRE A BRINDISI INCONTRO DI ROSA D&#8217;AMATO SUI PROGRAMMI EUROPEI DI FINANZIAMENTO"},"content":{"rendered":"<h1><\/h1>\n<h2><span style=\"font-family: Times New Roman;\">Rendere note le informazioni, facilitare l&#8217;accesso alle opportunit\u00e0 sia in campo europeo che locale \u00e8 una priorit\u00e0, per questo il 31 ottobre prossimo alle ore 17.00, presso la sala M.M. Guadalupi del comune di Brindisi\u00a0ci sar\u00e0\u00a0un infoday sui programmi europei di finanziamento ad accesso diretto.<br \/>\nSi parler\u00e0<a href=\"https:\/\/www.leccecronaca.it\/wordpress\/wp-content\/uploads\/2014\/10\/untitled63.png\"><img decoding=\"async\" loading=\"lazy\" width=\"225\" height=\"225\" title=\"untitled\" class=\"alignright size-full wp-image-37930\" alt=\"\" src=\"https:\/\/www.leccecronaca.it\/wordpress\/wp-content\/uploads\/2014\/10\/untitled63.png\" srcset=\"https:\/\/www.leccecronaca.it\/wordpress\/wp-content\/uploads\/2014\/10\/untitled63.png 225w, https:\/\/www.leccecronaca.it\/wordpress\/wp-content\/uploads\/2014\/10\/untitled63-150x150.png 150w\" sizes=\"(max-width: 225px) 100vw, 225px\" \/><\/a> dei programmi:<br \/>\nHorizon2020, in particolare la sezione SME Instruments rivolto alle imprese medio- piccole e micro che vogliono investire in innovazione, ricerca e sviluppo finalizzata alla commercializzazione dei loro prodotti e servizi<br \/>\n<\/span><span style=\"font-family: Times New Roman;\">LIFE+, nei suoi sottoprogrammi su ambiente ed interventi in campo climatico rivolto in particolare agli enti pubblici.<\/span><\/h2>\n<p>L&#8217;evento \u00e8 organizzato dall&#8217; Eurodeputato Rosa D&#8217;Amato, portavoce del M5S al Parlamento Europeo in collaborazione con il gruppo EFDD.<\/p>\n<p>Interverranno Rosa D&#8217;Amato Eurodeputato M5S e la Dott.ssa Martina Angelini, assistente parlamentare accreditata esperta di Progettazione e Fondi Europei.<br \/>\nQuesto il link per la registrazione on line:<\/p>\n<h2><a href=\"http:\/\/damatorosa.altervista.org\/conferma-partecipazione-infoday-a-brindisi\/\"><span style=\"font-family: Times New Roman;\">http:\/\/damatorosa.altervista.org\/conferma-partecipazione-infoday-a-brindisi\/<\/span><\/a><span style=\"font-family: Times New Roman;\">\u00a0 <\/span><\/h2>\n<h2><\/h2>\n<h2><span style=\"font-family: Times New Roman;\">Sar\u00e0 possibile registrarsi direttamente all&#8217;incontro e seguire la diretta streaming su <\/span><a href=\"http:\/\/www.5stellebrindisi.it\/\"><span style=\"font-family: Times New Roman;\">www.5stellebrindisi.it<\/span><\/a><span style=\"font-family: Times New Roman;\">\u00a0 <\/span><\/h2>\n<h2><\/h2>\n<h2><span style=\"font-family: Times New Roman;\">\u00a0<\/span><\/h2>\n<h2><\/h2>\n<h2><span style=\"font-family: Times New Roman;\">\u00a0<\/span><\/h2>\n<h1><\/h1>\n<fb:like href='https:\/\/www.leccecronaca.it\/index.php\/2014\/10\/28\/venerdi-31-ottobre-a-brindisi-incontro-di-rosa-damato-sui-programmi-europei-di-finanziamento-e-accesso-diretto\/' send='true' layout='button_count' show_faces='true' width='450' height='65' action='recommend' colorscheme='light' font='lucida grande'><\/fb:like><span class=\"fb_share\"><fb:like href=\"https:\/\/www.leccecronaca.it\/index.php\/2014\/10\/28\/venerdi-31-ottobre-a-brindisi-incontro-di-rosa-damato-sui-programmi-europei-di-finanziamento-e-accesso-diretto\/\" layout=\"button_count\"><\/fb:like><\/span>","protected":false},"excerpt":{"rendered":"<p>Rendere note le informazioni, facilitare l&#8217;accesso alle opportunit\u00e0 sia in campo europeo che locale \u00e8 una priorit\u00e0, per questo il 31 ottobre prossimo alle ore 17.00, presso la sala M.M. Guadalupi del comune di Brindisi\u00a0ci sar\u00e0\u00a0un infoday sui programmi europei di finanziamento ad accesso diretto. Si parler\u00e0 dei programmi: Horizon2020, in particolare la sezione SME [&hellip;]<\/p>\n","protected":false},"author":4,"featured_media":37930,"comment_status":"open","ping_status":"closed","sticky":false,"template":"","format":"standard","meta":[],"categories":[1],"tags":[],"_links":{"self":[{"href":"https:\/\/www.leccecronaca.it\/index.php\/wp-json\/wp\/v2\/posts\/37929"}],"collection":[{"href":"https:\/\/www.leccecronaca.it\/index.php\/wp-json\/wp\/v2\/posts"}],"about":[{"href":"https:\/\/www.leccecronaca.it\/index.php\/wp-json\/wp\/v2\/types\/post"}],"author":[{"embeddable":true,"href":"https:\/\/www.leccecronaca.it\/index.php\/wp-json\/wp\/v2\/users\/4"}],"replies":[{"embeddable":true,"href":"https:\/\/www.leccecronaca.it\/index.php\/wp-json\/wp\/v2\/comments?post=37929"}],"version-history":[{"count":3,"href":"https:\/\/www.leccecronaca.it\/index.php\/wp-json\/wp\/v2\/posts\/37929\/revisions"}],"predecessor-version":[{"id":37933,"href":"https:\/\/www.leccecronaca.it\/index.php\/wp-json\/wp\/v2\/posts\/37929\/revisions\/37933"}],"wp:featuredmedia":[{"embeddable":true,"href":"https:\/\/www.leccecronaca.it\/index.php\/wp-json\/wp\/v2\/media\/37930"}],"wp:attachment":[{"href":"https:\/\/www.leccecronaca.it\/index.php\/wp-json\/wp\/v2\/media?parent=37929"}],"wp:term":[{"taxonomy":"category","embeddable":true,"href":"https:\/\/www.leccecronaca.it\/index.php\/wp-json\/wp\/v2\/categories?post=37929"},{"taxonomy":"post_tag","embeddable":true,"href":"https:\/\/www.leccecronaca.it\/index.php\/wp-json\/wp\/v2\/tags?post=37929"}],"curies":[{"name":"wp","href":"https:\/\/api.w.org\/{rel}","templated":true}]}}