{"id":38034,"date":"2014-10-29T19:35:15","date_gmt":"2014-10-29T18:35:15","guid":{"rendered":"http:\/\/www.leccecronaca.it\/?p=38034"},"modified":"2014-10-29T19:35:15","modified_gmt":"2014-10-29T18:35:15","slug":"polemiche-anche-da-lecce-si-inasprisce-lo-scontro-fra-pd-e-cgil","status":"publish","type":"post","link":"https:\/\/www.leccecronaca.it\/index.php\/2014\/10\/29\/polemiche-anche-da-lecce-si-inasprisce-lo-scontro-fra-pd-e-cgil\/","title":{"rendered":"POLEMICHE \/ ANCHE DA LECCE SI INASPRISCE LO SCONTRO FRA PD E CGIL"},"content":{"rendered":"<h3><a href=\"https:\/\/www.leccecronaca.it\/wordpress\/wp-content\/uploads\/2014\/10\/untitled68.png\"><img decoding=\"async\" loading=\"lazy\" width=\"259\" height=\"194\" title=\"untitled\" class=\"alignleft size-full wp-image-38035\" alt=\"\" src=\"https:\/\/www.leccecronaca.it\/wordpress\/wp-content\/uploads\/2014\/10\/untitled68.png\" \/><\/a>Arriva fortissima anche a Lecce l&#8217;eco della polemica odierna\u00a0odierna fra il Pd e la Cgil. Il segretario generale del sindacato leccese, Salvatore Arnesano (nella foto)\u00a0in serata ha preso carta e penna e ha scritto la seguente dichiarazione, inviataci quale comunicato &#8211; stampa:<\/h3>\n<h3>&#8220;Mentre i lavoratori, le famiglie, i disoccupati, i pensionati, bussano alle porte del Ministero dello Sviluppo economico e del Governo per avere risposte concrete (come per esempio un piano industriale per il Paese!), il governo e chi lo rappresenta cosa fa? Attacca la Cgil e i suoi iscritti. Evidentemente la manifestazione del 25 ottobre non \u00e8 bastata per far capire che con la Cgil e nella Cgil c\u2019\u00e8 il paese reale, ci sono le persone e c\u2019\u00e8 la volont\u00e0 ferma di lottare per la difesa dei diritti, della dignit\u00e0 e dell\u2019identit\u00e0 delle persone. Persone che hanno sostenuto la manifestazione pagando una sottoscrizione volontaria e permettendo a tutti di partire per Roma. Questo perch\u00e9 crediamo che il lavoro non \u00e8 una concessione, n\u00e9 una carit\u00e0: ed \u00e8 per questo che i diritti conquistati, a costo di grandi sacrifici, dagli uomini e dalle donne che hanno fatto la storia del Paese, e anche la storia della Cgil, continueranno ad essere difesi. Le scivolate e le menzogne della signora Picierno non fanno altro che dimostrare quanto questa forza sociale ancora metta in difficolt\u00e0 chi cerca facili scalate nel potere&#8221;.<\/h3>\n<p>&nbsp;<\/p>\n<fb:like href='https:\/\/www.leccecronaca.it\/index.php\/2014\/10\/29\/polemiche-anche-da-lecce-si-inasprisce-lo-scontro-fra-pd-e-cgil\/' send='true' layout='button_count' show_faces='true' width='450' height='65' action='recommend' colorscheme='light' font='lucida grande'><\/fb:like><span class=\"fb_share\"><fb:like href=\"https:\/\/www.leccecronaca.it\/index.php\/2014\/10\/29\/polemiche-anche-da-lecce-si-inasprisce-lo-scontro-fra-pd-e-cgil\/\" layout=\"button_count\"><\/fb:like><\/span>","protected":false},"excerpt":{"rendered":"<p>Arriva fortissima anche a Lecce l&#8217;eco della polemica odierna\u00a0odierna fra il Pd e la Cgil. Il segretario generale del sindacato leccese, Salvatore Arnesano (nella foto)\u00a0in serata ha preso carta e penna e ha scritto la seguente dichiarazione, inviataci quale comunicato &#8211; stampa: &#8220;Mentre i lavoratori, le famiglie, i disoccupati, i pensionati, bussano alle porte del [&hellip;]<\/p>\n","protected":false},"author":4,"featured_media":38035,"comment_status":"open","ping_status":"closed","sticky":false,"template":"","format":"standard","meta":[],"categories":[36],"tags":[],"_links":{"self":[{"href":"https:\/\/www.leccecronaca.it\/index.php\/wp-json\/wp\/v2\/posts\/38034"}],"collection":[{"href":"https:\/\/www.leccecronaca.it\/index.php\/wp-json\/wp\/v2\/posts"}],"about":[{"href":"https:\/\/www.leccecronaca.it\/index.php\/wp-json\/wp\/v2\/types\/post"}],"author":[{"embeddable":true,"href":"https:\/\/www.leccecronaca.it\/index.php\/wp-json\/wp\/v2\/users\/4"}],"replies":[{"embeddable":true,"href":"https:\/\/www.leccecronaca.it\/index.php\/wp-json\/wp\/v2\/comments?post=38034"}],"version-history":[{"count":2,"href":"https:\/\/www.leccecronaca.it\/index.php\/wp-json\/wp\/v2\/posts\/38034\/revisions"}],"predecessor-version":[{"id":38037,"href":"https:\/\/www.leccecronaca.it\/index.php\/wp-json\/wp\/v2\/posts\/38034\/revisions\/38037"}],"wp:featuredmedia":[{"embeddable":true,"href":"https:\/\/www.leccecronaca.it\/index.php\/wp-json\/wp\/v2\/media\/38035"}],"wp:attachment":[{"href":"https:\/\/www.leccecronaca.it\/index.php\/wp-json\/wp\/v2\/media?parent=38034"}],"wp:term":[{"taxonomy":"category","embeddable":true,"href":"https:\/\/www.leccecronaca.it\/index.php\/wp-json\/wp\/v2\/categories?post=38034"},{"taxonomy":"post_tag","embeddable":true,"href":"https:\/\/www.leccecronaca.it\/index.php\/wp-json\/wp\/v2\/tags?post=38034"}],"curies":[{"name":"wp","href":"https:\/\/api.w.org\/{rel}","templated":true}]}}