{"id":38528,"date":"2014-11-09T08:10:46","date_gmt":"2014-11-09T07:10:46","guid":{"rendered":"http:\/\/www.leccecronaca.it\/?p=38528"},"modified":"2014-11-09T16:06:36","modified_gmt":"2014-11-09T15:06:36","slug":"25-anni-fa-cadeva-il-muro-di-berlino-costruito-perche-la-gente-scappava-dal-paradiso-comunista","status":"publish","type":"post","link":"https:\/\/www.leccecronaca.it\/index.php\/2014\/11\/09\/25-anni-fa-cadeva-il-muro-di-berlino-costruito-perche-la-gente-scappava-dal-paradiso-comunista\/","title":{"rendered":"ANNIVERSARI \/ OGGI IL VENTICINQUESIMO ANNIVERSARIO DEL &#8220;CROLLO&#8221; DEL MURO DI BERLINO"},"content":{"rendered":"<p><a href=\"https:\/\/www.leccecronaca.it\/wordpress\/wp-content\/uploads\/2014\/11\/muro-di-berlino.jpeg\"><img decoding=\"async\" loading=\"lazy\" width=\"300\" height=\"99\" title=\"muro di berlino\" class=\"alignleft size-medium wp-image-38529\" alt=\"\" src=\"https:\/\/www.leccecronaca.it\/wordpress\/wp-content\/uploads\/2014\/11\/muro-di-berlino-300x99.jpg\" srcset=\"https:\/\/www.leccecronaca.it\/wordpress\/wp-content\/uploads\/2014\/11\/muro-di-berlino-300x99.jpg 300w, https:\/\/www.leccecronaca.it\/wordpress\/wp-content\/uploads\/2014\/11\/muro-di-berlino.jpeg 665w\" sizes=\"(max-width: 300px) 100vw, 300px\" \/><\/a><strong>(Rdl)___<\/strong>Quando, alla fine della seconda guerra mondiale, la Germania fu divisa tra i vincitori, il governo comunista dovettero alzare un muro perch\u00e8 la gente che viveva nella parte della Germania governata da loro, tutti giorni scappava via e si trasferiva in Occidente.<br \/>\nCon la solita ipocrisia che contraddistingue la sinistra, i comunisti, compresi quelli italiani, sostennero che il muro serviva per difendersi dal fascismo.<br \/>\nInfatti il\u00a0Muro di Berlino , fu ufficialmente chiamato\u00a0antifaschistischer chutzwall,\u00a0<strong>Barriera di protezione antifascista.<br \/>\n<\/strong>Data storica il 9 novembre 1989, con la caduta del Muro di Berlino e la fine della Cortina di ferro. Il 9 novembre 1993, invece, veniva fatto saltare in aria l&#8217;antico ponte di Mostar, nell&#8217;ex Jugoslavia.<\/p>\n<p>&#8220;Nessuno ha intenzione di costruire un muro&#8221;, disse il compagno Walter Ulbricht, capo di Stato della Ddr, il 15 giugno 1961.<\/p>\n<p>Ma era bugiardo. Inizialmente la divisione di Berlino, tra Est e Ovest, fu creata con il filo spinato. A partire dal 15 agosto furono posati i primi blocchi di cemento e pietra e, di l\u00ec a poco, fu eretto il muro della vergogna, il simbolo della Cortina di ferro che divideva l&#8217;Occidente dal mondo filo sovietico. La Germania orientale ottenne lo scopo prefissato: l&#8217;emorragia fu bloccata. Dai 2,5 milioni di tedeschi fuggiti dal Paese alla ricerca della libert\u00e0 tra il 1949 e il 1962, si pass\u00f2 ai circa cinquemila tra il 1962 e il 1989. Ma il Muro di Berlino divenne un simbolo vivente dell&#8217; oppressione, della tirannia e malvagit\u00e0 di un regime che negava ai propri cittadini non solo la libert\u00e0 ma anche la possibilit\u00e0 di fuggire, nella speranza di una vita migliore (guarda il sito sul Muro di Berlino). Il 9 novembre 1989 il Muro cadeva.<\/p>\n<p>su YouTube il video : Fine del muro &#8211; 1989<\/p>\n<fb:like href='https:\/\/www.leccecronaca.it\/index.php\/2014\/11\/09\/25-anni-fa-cadeva-il-muro-di-berlino-costruito-perche-la-gente-scappava-dal-paradiso-comunista\/' send='true' layout='button_count' show_faces='true' width='450' height='65' action='recommend' colorscheme='light' font='lucida grande'><\/fb:like><span class=\"fb_share\"><fb:like href=\"https:\/\/www.leccecronaca.it\/index.php\/2014\/11\/09\/25-anni-fa-cadeva-il-muro-di-berlino-costruito-perche-la-gente-scappava-dal-paradiso-comunista\/\" layout=\"button_count\"><\/fb:like><\/span>","protected":false},"excerpt":{"rendered":"<p>(Rdl)___Quando, alla fine della seconda guerra mondiale, la Germania fu divisa tra i vincitori, il governo comunista dovettero alzare un muro perch\u00e8 la gente che viveva nella parte della Germania governata da loro, tutti giorni scappava via e si trasferiva in Occidente. Con la solita ipocrisia che contraddistingue la sinistra, i comunisti, compresi quelli italiani, [&hellip;]<\/p>\n","protected":false},"author":4,"featured_media":38529,"comment_status":"open","ping_status":"closed","sticky":false,"template":"","format":"standard","meta":[],"categories":[1],"tags":[],"_links":{"self":[{"href":"https:\/\/www.leccecronaca.it\/index.php\/wp-json\/wp\/v2\/posts\/38528"}],"collection":[{"href":"https:\/\/www.leccecronaca.it\/index.php\/wp-json\/wp\/v2\/posts"}],"about":[{"href":"https:\/\/www.leccecronaca.it\/index.php\/wp-json\/wp\/v2\/types\/post"}],"author":[{"embeddable":true,"href":"https:\/\/www.leccecronaca.it\/index.php\/wp-json\/wp\/v2\/users\/4"}],"replies":[{"embeddable":true,"href":"https:\/\/www.leccecronaca.it\/index.php\/wp-json\/wp\/v2\/comments?post=38528"}],"version-history":[{"count":5,"href":"https:\/\/www.leccecronaca.it\/index.php\/wp-json\/wp\/v2\/posts\/38528\/revisions"}],"predecessor-version":[{"id":38552,"href":"https:\/\/www.leccecronaca.it\/index.php\/wp-json\/wp\/v2\/posts\/38528\/revisions\/38552"}],"wp:featuredmedia":[{"embeddable":true,"href":"https:\/\/www.leccecronaca.it\/index.php\/wp-json\/wp\/v2\/media\/38529"}],"wp:attachment":[{"href":"https:\/\/www.leccecronaca.it\/index.php\/wp-json\/wp\/v2\/media?parent=38528"}],"wp:term":[{"taxonomy":"category","embeddable":true,"href":"https:\/\/www.leccecronaca.it\/index.php\/wp-json\/wp\/v2\/categories?post=38528"},{"taxonomy":"post_tag","embeddable":true,"href":"https:\/\/www.leccecronaca.it\/index.php\/wp-json\/wp\/v2\/tags?post=38528"}],"curies":[{"name":"wp","href":"https:\/\/api.w.org\/{rel}","templated":true}]}}