{"id":39670,"date":"2014-11-25T18:21:15","date_gmt":"2014-11-25T17:21:15","guid":{"rendered":"http:\/\/www.leccecronaca.it\/?p=39670"},"modified":"2014-11-25T18:21:15","modified_gmt":"2014-11-25T17:21:15","slug":"in-arrivo-i-bandi-pubblici-per-contributi-agli-inquilini-in-difficolta","status":"publish","type":"post","link":"https:\/\/www.leccecronaca.it\/index.php\/2014\/11\/25\/in-arrivo-i-bandi-pubblici-per-contributi-agli-inquilini-in-difficolta\/","title":{"rendered":"IN ARRIVO I BANDI PUBBLICI PER CONTRIBUTI AGLI INQUILINI IN DIFFICOLTA&#8217;"},"content":{"rendered":"<p><a href=\"https:\/\/www.leccecronaca.it\/wordpress\/wp-content\/uploads\/2014\/11\/imagesIPJW0HBU.jpg\"><img decoding=\"async\" loading=\"lazy\" width=\"150\" height=\"150\" title=\"imagesIPJW0HBU\" class=\"alignleft size-thumbnail wp-image-39671\" alt=\"\" src=\"https:\/\/www.leccecronaca.it\/wordpress\/wp-content\/uploads\/2014\/11\/imagesIPJW0HBU-150x150.jpg\" \/><\/a>Mario Vantaggiato (nella foto), del Sunia, il sindacato degli inquilini, ci scrive in merito ai bandi pubblici previsti per contributi a chi non \u00e8 pi\u00f9 in grado di pagare l&#8217;affitto______<\/p>\n<p>&#8220;Le risorse disponibili finanziate per il contributo all\u2019affitto per l\u2019anno 2013 sono cresciute rispetto all\u2019anno precedente.<\/p>\n<p>Sarebbe questa una buona notizia se non fosse che anche la crisi abitativa nella citt\u00e0 di Lecce risulta in forte crescita.<\/p>\n<p>Per questo il Sunia ritiene opportuno e indispensabile ripensare una nuova politica abitativa a garanzia e sostegno delle persone che non possono permettersi canoni d\u2019affitto ormai insostenibili per una casa.<\/p>\n<p>Prendiamo pertanto atto del fatto che, mentre a livello locale la situazione abitativa risulta un\u2019emergenza non affrontata, a livello nazionale \u00e8 stato stanziato per la Puglia un fondo sociale pari a 6.523.000 euro che si vanno a sommare al cofinanziamento regionale di 15 milioni (lo stesso del 2012).<\/p>\n<p>In buona sostanza ci sar\u00e0 a disposizione dei cittadini pugliesi che fruiranno del contributo all\u2019affitto anno 2013 un fondo pari a 21.523.000 euro.<\/p>\n<p>Tra non molto i Comuni, e tra questi anche il Comune di Lecce, comunicheranno gli avvisi di bando pubblici che saranno aperti fino a gennaio 2015, in modo tale che le graduatorie degli aventi titolo possano essere inviate alla Regione Puglia entro il 10 febbraio 2015.<\/p>\n<p>Ma attenzione perch\u00e9 quelle amministrazioni comunali che non cofinanzieranno l\u2019importo destinato con propri fondi si vedranno decurtato l\u2019importo del 10% che sar\u00e0 destinato, come premialit\u00e0 aggiuntiva, tra i Comuni pi\u00f9 virtuosi.<\/p>\n<p>Il 50% di questa premialit\u00e0 potr\u00e0 essere destinato localmente per la costituzione delle agenzie di locazione al fine di monitorare la situazione esistente tra richiesta e offerta delle civili abitazioni.<\/p>\n<p>Si tratta di Agenzie del territorio, gi\u00e0 esistenti in diversi Comuni italiani, che servono a favorire la ricerca di un alloggio privato in affitto da parte di potenziali inquilini che hanno un reddito troppo basso per sostenere i canoni di locazione di mercato&#8221;.<\/p>\n<p>&nbsp;<\/p>\n<fb:like href='https:\/\/www.leccecronaca.it\/index.php\/2014\/11\/25\/in-arrivo-i-bandi-pubblici-per-contributi-agli-inquilini-in-difficolta\/' send='true' layout='button_count' show_faces='true' width='450' height='65' action='recommend' colorscheme='light' font='lucida grande'><\/fb:like><span class=\"fb_share\"><fb:like href=\"https:\/\/www.leccecronaca.it\/index.php\/2014\/11\/25\/in-arrivo-i-bandi-pubblici-per-contributi-agli-inquilini-in-difficolta\/\" layout=\"button_count\"><\/fb:like><\/span>","protected":false},"excerpt":{"rendered":"<p>Mario Vantaggiato (nella foto), del Sunia, il sindacato degli inquilini, ci scrive in merito ai bandi pubblici previsti per contributi a chi non \u00e8 pi\u00f9 in grado di pagare l&#8217;affitto______ &#8220;Le risorse disponibili finanziate per il contributo all\u2019affitto per l\u2019anno 2013 sono cresciute rispetto all\u2019anno precedente. Sarebbe questa una buona notizia se non fosse che [&hellip;]<\/p>\n","protected":false},"author":4,"featured_media":39671,"comment_status":"open","ping_status":"closed","sticky":false,"template":"","format":"standard","meta":[],"categories":[36],"tags":[],"_links":{"self":[{"href":"https:\/\/www.leccecronaca.it\/index.php\/wp-json\/wp\/v2\/posts\/39670"}],"collection":[{"href":"https:\/\/www.leccecronaca.it\/index.php\/wp-json\/wp\/v2\/posts"}],"about":[{"href":"https:\/\/www.leccecronaca.it\/index.php\/wp-json\/wp\/v2\/types\/post"}],"author":[{"embeddable":true,"href":"https:\/\/www.leccecronaca.it\/index.php\/wp-json\/wp\/v2\/users\/4"}],"replies":[{"embeddable":true,"href":"https:\/\/www.leccecronaca.it\/index.php\/wp-json\/wp\/v2\/comments?post=39670"}],"version-history":[{"count":2,"href":"https:\/\/www.leccecronaca.it\/index.php\/wp-json\/wp\/v2\/posts\/39670\/revisions"}],"predecessor-version":[{"id":39673,"href":"https:\/\/www.leccecronaca.it\/index.php\/wp-json\/wp\/v2\/posts\/39670\/revisions\/39673"}],"wp:featuredmedia":[{"embeddable":true,"href":"https:\/\/www.leccecronaca.it\/index.php\/wp-json\/wp\/v2\/media\/39671"}],"wp:attachment":[{"href":"https:\/\/www.leccecronaca.it\/index.php\/wp-json\/wp\/v2\/media?parent=39670"}],"wp:term":[{"taxonomy":"category","embeddable":true,"href":"https:\/\/www.leccecronaca.it\/index.php\/wp-json\/wp\/v2\/categories?post=39670"},{"taxonomy":"post_tag","embeddable":true,"href":"https:\/\/www.leccecronaca.it\/index.php\/wp-json\/wp\/v2\/tags?post=39670"}],"curies":[{"name":"wp","href":"https:\/\/api.w.org\/{rel}","templated":true}]}}