{"id":39971,"date":"2014-11-28T16:13:38","date_gmt":"2014-11-28T15:13:38","guid":{"rendered":"http:\/\/www.leccecronaca.it\/?p=39971"},"modified":"2014-11-28T16:26:04","modified_gmt":"2014-11-28T15:26:04","slug":"comunicato-sindacale-della-uil-per-la-ico-fondazione-tito-schipa","status":"publish","type":"post","link":"https:\/\/www.leccecronaca.it\/index.php\/2014\/11\/28\/comunicato-sindacale-della-uil-per-la-ico-fondazione-tito-schipa\/","title":{"rendered":"COMUNICATO SINDACALE DELLA UIL PER I LAVORATORI DELLA ICO-FONDAZIONE TITO SCHIPA"},"content":{"rendered":"<p><a href=\"https:\/\/www.leccecronaca.it\/wordpress\/wp-content\/uploads\/2014\/11\/image_gallery.jpg\"><img decoding=\"async\" loading=\"lazy\" width=\"754\" height=\"218\" title=\"image_gallery\" class=\"alignleft size-full wp-image-39972\" alt=\"\" src=\"https:\/\/www.leccecronaca.it\/wordpress\/wp-content\/uploads\/2014\/11\/image_gallery.jpg\" srcset=\"https:\/\/www.leccecronaca.it\/wordpress\/wp-content\/uploads\/2014\/11\/image_gallery.jpg 754w, https:\/\/www.leccecronaca.it\/wordpress\/wp-content\/uploads\/2014\/11\/image_gallery-300x86.jpg 300w\" sizes=\"(max-width: 754px) 100vw, 754px\" \/><\/a>RICEVIAMO E VOLENTIERI PUBBLICHIAMO______<\/p>\n<p>&#8220;Come Uilcom-Uil territoriale di Lecce, non accettiamo quello che sta avvenendo sotto gli occhi di tutti e sulle spalle dei lavoratori della Ico Tito Schipa di Lecce.<\/p>\n<p>Nella riunione alla Provincia dello scorso 25 novembre, la gi\u00e0 sconfortante situazione sul futuro della Ico illustrata dal presidente della Provincia nonch\u00e9 presidente della stessa fondazione, ha avuto riscontri laceranti su tutti i componenti dell&#8217;orchestra e degli altri lavoratori.<\/p>\n<p>In quella sede le organizzazioni sindacali e tutti i lavoratori presenti alla riunione hanno chiesto che l&#8217;apertura delle procedure di mobilit\u00e0 fosse scongiurata e dichiarato disponibilit\u00e0 a soluzioni alternative finalizzate alla continuit\u00e0 dell&#8217;attivit\u00e0 concertistica.<\/p>\n<p>Nello stesso giorno, informate le confederazioni territoriali provinciali UIL CGIL CISL e categoriali regionali UILCOM UIL , SLC CGIL e FISTEL CISL, si \u00e8 deciso di porre come pregiudiziale al tavolo provinciale per il prosieguo della discussione della riunione del 26.11.2014 , l\u2019eliminazione della procedura di mobilit\u00e0 con l&#8217;impegno a perseguire strade alternative.<\/p>\n<p>Il 26 novembre 2014 le confederazioni unitariamente hanno posto la pregiudiziale al presidente, il quale con difficolt\u00e0 ha convenuto che si seguiranno tutte le strade alternative per una soluzione di continuit\u00e0 delle attivit\u00e0.<\/p>\n<p>Le ultime dichiarazioni di stampa, tuttavia, ci lasciano sgomenti, non si capisce come mai tutti sentano il bisogno di incontrarsi sulla stampa, chi ha responsabilit\u00e0 istituzionali dalle quali dipende il futuro dei lavoratori, dovrebbe sentire il bisogno, quando necessario, di convocare le parti sociali ai tavoli ufficiali e l\u00ec assumere le responsabilit\u00e0 dei propri atti decisionali.<\/p>\n<p>Non si pu\u00f2 assistere allo scarica barile in atto, il prossimo passo sar\u00e0 quello di chiamare \u201cl&#8217;Onu e l&#8217;invio dei caschi blu&#8221; per verificare le responsabilit\u00e0 sul campo?<\/p>\n<p>Noi come Uilcom siamo pronti ad assumerci le nostre responsabilit\u00e0 e cosi \u00e8 certamente per Cgil, Cisl e i lavoratori. Gli altri?<\/p>\n<p>Attendiamo contributi e risposte&#8221;.<\/p>\n<p>La segreteria territoriale Uilcom-Uil<\/p>\n<p>&nbsp;<\/p>\n<p>&nbsp;<\/p>\n<fb:like href='https:\/\/www.leccecronaca.it\/index.php\/2014\/11\/28\/comunicato-sindacale-della-uil-per-la-ico-fondazione-tito-schipa\/' send='true' layout='button_count' show_faces='true' width='450' height='65' action='recommend' colorscheme='light' font='lucida grande'><\/fb:like><span class=\"fb_share\"><fb:like href=\"https:\/\/www.leccecronaca.it\/index.php\/2014\/11\/28\/comunicato-sindacale-della-uil-per-la-ico-fondazione-tito-schipa\/\" layout=\"button_count\"><\/fb:like><\/span>","protected":false},"excerpt":{"rendered":"<p>RICEVIAMO E VOLENTIERI PUBBLICHIAMO______ &#8220;Come Uilcom-Uil territoriale di Lecce, non accettiamo quello che sta avvenendo sotto gli occhi di tutti e sulle spalle dei lavoratori della Ico Tito Schipa di Lecce. Nella riunione alla Provincia dello scorso 25 novembre, la gi\u00e0 sconfortante situazione sul futuro della Ico illustrata dal presidente della Provincia nonch\u00e9 presidente della [&hellip;]<\/p>\n","protected":false},"author":4,"featured_media":39972,"comment_status":"open","ping_status":"closed","sticky":false,"template":"","format":"standard","meta":[],"categories":[36],"tags":[],"_links":{"self":[{"href":"https:\/\/www.leccecronaca.it\/index.php\/wp-json\/wp\/v2\/posts\/39971"}],"collection":[{"href":"https:\/\/www.leccecronaca.it\/index.php\/wp-json\/wp\/v2\/posts"}],"about":[{"href":"https:\/\/www.leccecronaca.it\/index.php\/wp-json\/wp\/v2\/types\/post"}],"author":[{"embeddable":true,"href":"https:\/\/www.leccecronaca.it\/index.php\/wp-json\/wp\/v2\/users\/4"}],"replies":[{"embeddable":true,"href":"https:\/\/www.leccecronaca.it\/index.php\/wp-json\/wp\/v2\/comments?post=39971"}],"version-history":[{"count":3,"href":"https:\/\/www.leccecronaca.it\/index.php\/wp-json\/wp\/v2\/posts\/39971\/revisions"}],"predecessor-version":[{"id":39976,"href":"https:\/\/www.leccecronaca.it\/index.php\/wp-json\/wp\/v2\/posts\/39971\/revisions\/39976"}],"wp:featuredmedia":[{"embeddable":true,"href":"https:\/\/www.leccecronaca.it\/index.php\/wp-json\/wp\/v2\/media\/39972"}],"wp:attachment":[{"href":"https:\/\/www.leccecronaca.it\/index.php\/wp-json\/wp\/v2\/media?parent=39971"}],"wp:term":[{"taxonomy":"category","embeddable":true,"href":"https:\/\/www.leccecronaca.it\/index.php\/wp-json\/wp\/v2\/categories?post=39971"},{"taxonomy":"post_tag","embeddable":true,"href":"https:\/\/www.leccecronaca.it\/index.php\/wp-json\/wp\/v2\/tags?post=39971"}],"curies":[{"name":"wp","href":"https:\/\/api.w.org\/{rel}","templated":true}]}}