{"id":40652,"date":"2014-12-08T08:41:19","date_gmt":"2014-12-08T07:41:19","guid":{"rendered":"http:\/\/www.leccecronaca.it\/?p=40652"},"modified":"2014-12-08T09:15:44","modified_gmt":"2014-12-08T08:15:44","slug":"galatina-inaugurazione-darte-contemporanea","status":"publish","type":"post","link":"https:\/\/www.leccecronaca.it\/index.php\/2014\/12\/08\/galatina-inaugurazione-darte-contemporanea\/","title":{"rendered":"L&#8217; INAUGURAZIONE DELLA GALLERIA D&#8217;ARTE CONTEMPORANEA &#8220;A100&#8221; A GALATINA"},"content":{"rendered":"<p><a href=\"https:\/\/www.leccecronaca.it\/wordpress\/wp-content\/uploads\/2014\/12\/Una-sala-di-A100-Gallery-con-opere-di-Christos-Pallantzas-e-Eva-Caridi.jpg\"><img decoding=\"async\" loading=\"lazy\" width=\"300\" height=\"199\" title=\"Una sala di A100 Gallery con opere di Christos Pallantzas e Eva Caridi\" class=\"alignleft size-medium wp-image-40653\" alt=\"\" src=\"https:\/\/www.leccecronaca.it\/wordpress\/wp-content\/uploads\/2014\/12\/Una-sala-di-A100-Gallery-con-opere-di-Christos-Pallantzas-e-Eva-Caridi-300x199.jpg\" srcset=\"https:\/\/www.leccecronaca.it\/wordpress\/wp-content\/uploads\/2014\/12\/Una-sala-di-A100-Gallery-con-opere-di-Christos-Pallantzas-e-Eva-Caridi-300x199.jpg 300w, https:\/\/www.leccecronaca.it\/wordpress\/wp-content\/uploads\/2014\/12\/Una-sala-di-A100-Gallery-con-opere-di-Christos-Pallantzas-e-Eva-Caridi-1024x680.jpg 1024w, https:\/\/www.leccecronaca.it\/wordpress\/wp-content\/uploads\/2014\/12\/Una-sala-di-A100-Gallery-con-opere-di-Christos-Pallantzas-e-Eva-Caridi.jpg 1200w\" sizes=\"(max-width: 300px) 100vw, 300px\" \/><\/a>Viene inaugurata\u00a0&#8220;A100 Gallery&#8221;, la nuova galleria d\u2019arte contemporanea che nasce\u00a0a Galatina\u00a0con una forte vocazione al dialogo e al confronto con artisti di diverse geografie e\u00a0che si propone come una piattaforma di idee e progetti dedicati al contemporaneo.<\/p>\n<p>La prima\u00a0attivit\u00e0\u00a0\u00e8 una mostra collettiva dedicata ad artisti italiani e stranieri, che propone opere spesso inedite, concepite appositamente per lo spazio espositivo di piazza Alighieri 100 (nella foto), un accogliente primo piano ubicato in un palazzo dei primi del Novecento. Lo spazio, recentemente restaurato e dotato di adeguati impianti illuminotecnici, accoglier\u00e0 anche uno spazio laboratoriale dedicato a seminari e workshop con artisti e studiosi delle fenomenologie delle arti visive, che saranno promossi anche in collaborazione con gallerie e istituzioni pubbliche.<\/p>\n<p>\u201cAprire una galleria in un momento cos\u00ec complesso \u00e8 un\u2019operazione sicuramente azzardata, ne sono cosciente \u2013 avverte Nunzia Perrone, ideatrice e proprietaria di A100 Gallery \u2013, soprattutto in un territorio come la Puglia, tradizionalmente difficile per quel che riguarda il mercato dell\u2019arte. Ma la passione per l\u2019arte contemporanea, il rispetto per la ricerca degli artisti e le finalit\u00e0 culturali del nostro percorso, ci dicono che un simile impegno \u00e8 necessario\u201d.<br \/>\n&nbsp;<\/p>\n<p>&nbsp;<\/p>\n<p>&nbsp;<\/p>\n<p>La mostra inaugurale, Desiderata, indaga sogni e desideri, palesi e repressi, che appartengono alla realt\u00e0 e al mito, all\u2019arte e alla vita, attraverso opere (dipinti, installazioni, sculture, fotografie e video) di artisti molto diversi tra loro, per et\u00e0 anagrafica e provenienza geografica e antropologica. \u201cEvasioni mitologiche, frame di uno studio silenzioso, drammi consumati nelle apparentemente tranquille mura domestiche, sensuali spasmi di corpi immobili, sussulti di sensualit\u00e0 neppure tanto velati, oppure suggeriti dalla mente e dal corpo: desiderio di un luogo in cui ritrovarsi, a partire dall\u2019arte, intesa come principio primo di tutte le cose dell\u2019uomo e della natura. Desiderata \u00e8 pertanto l\u2019insieme di queste attitudini, una propensione alla conoscenza, alla scoperta dei sensi, di s\u00e9 stessi e degli altri. Prediligono un\u2019arte di rappresentazione, gli artisti protagonisti di questa mostra. Procedono nella via dell\u2019arte con il loro percorso di scoperta, di perlustrazione intimistica, di un\u2019intimit\u00e0 da condividere e da interpretare con codici collettivi, gli artisti di Desiderata. Sostanzialmente i linguaggi che adottano sono pittura, scultura, video e fotografia, alla base di una scelta consapevole, anche estrema talvolta, tra giovani proposte e maestri consolidati, senza badare a geografie di partenza o a et\u00e0 anagrafiche. Dall\u2019Italia alla Polonia, passando per la Grecia e la Francia\u201d (dal testo di Lorenzo Madaro in catalogo).<\/p>\n<p>&nbsp;<\/p>\n<p>Nelle scelte curatoriali di questa prima mostra si evidenzia un\u2019attenzione per opere di grande formato e per un allestimento decisamente essenziale e rigoroso, che valorizza le opere e accompagna lo spettatore in un percorso di scoperta tra idee, progetti, visioni e illusioni. La mostra \u00e8 accompagnata da un catalogo con un testo introduttivo di Nunzia Perrone, un contributo critico di Lorenzo Madaro e una testimonianza dello psicoterapeuta Andrea Zizzari. All\u2019interno, oltre naturalmente alle fotografie delle opere in mostra e dell\u2019allestimento, anche gli apparati biografici, bibliografici e espositivi degli artisti invitati.<\/p>\n<p>&nbsp;<\/p>\n<p>La mostra si concluder\u00e0 il 20 febbraio 2015 e sar\u00e0 aperta tutti i giorni, da marted\u00ec al sabato, dalle 10 alle 17 (o su appuntamento). La galleria sar\u00e0 inoltre chiusa nei giorni festivi e dal 30 dicembre al 7 gennaio 2015.<\/p>\n<p>&nbsp;<\/p>\n<p>&nbsp;<\/p>\n<p>&nbsp;<\/p>\n<p>&nbsp;<\/p>\n<p>&nbsp;<\/p>\n<p>&nbsp;<\/p>\n<p>&nbsp;<\/p>\n<p>&nbsp;<\/p>\n<p>&nbsp;<\/p>\n<p>&nbsp;<\/p>\n<p>&nbsp;<\/p>\n<p>&nbsp;<\/p>\n<p>&nbsp;<\/p>\n<p>&nbsp;<\/p>\n<p>&nbsp;<\/p>\n<fb:like href='https:\/\/www.leccecronaca.it\/index.php\/2014\/12\/08\/galatina-inaugurazione-darte-contemporanea\/' send='true' layout='button_count' show_faces='true' width='450' height='65' action='recommend' colorscheme='light' font='lucida grande'><\/fb:like><span class=\"fb_share\"><fb:like href=\"https:\/\/www.leccecronaca.it\/index.php\/2014\/12\/08\/galatina-inaugurazione-darte-contemporanea\/\" layout=\"button_count\"><\/fb:like><\/span>","protected":false},"excerpt":{"rendered":"<p>Viene inaugurata\u00a0&#8220;A100 Gallery&#8221;, la nuova galleria d\u2019arte contemporanea che nasce\u00a0a Galatina\u00a0con una forte vocazione al dialogo e al confronto con artisti di diverse geografie e\u00a0che si propone come una piattaforma di idee e progetti dedicati al contemporaneo. La prima\u00a0attivit\u00e0\u00a0\u00e8 una mostra collettiva dedicata ad artisti italiani e stranieri, che propone opere spesso inedite, concepite appositamente [&hellip;]<\/p>\n","protected":false},"author":4,"featured_media":40653,"comment_status":"open","ping_status":"closed","sticky":false,"template":"","format":"standard","meta":[],"categories":[31],"tags":[],"_links":{"self":[{"href":"https:\/\/www.leccecronaca.it\/index.php\/wp-json\/wp\/v2\/posts\/40652"}],"collection":[{"href":"https:\/\/www.leccecronaca.it\/index.php\/wp-json\/wp\/v2\/posts"}],"about":[{"href":"https:\/\/www.leccecronaca.it\/index.php\/wp-json\/wp\/v2\/types\/post"}],"author":[{"embeddable":true,"href":"https:\/\/www.leccecronaca.it\/index.php\/wp-json\/wp\/v2\/users\/4"}],"replies":[{"embeddable":true,"href":"https:\/\/www.leccecronaca.it\/index.php\/wp-json\/wp\/v2\/comments?post=40652"}],"version-history":[{"count":5,"href":"https:\/\/www.leccecronaca.it\/index.php\/wp-json\/wp\/v2\/posts\/40652\/revisions"}],"predecessor-version":[{"id":40655,"href":"https:\/\/www.leccecronaca.it\/index.php\/wp-json\/wp\/v2\/posts\/40652\/revisions\/40655"}],"wp:featuredmedia":[{"embeddable":true,"href":"https:\/\/www.leccecronaca.it\/index.php\/wp-json\/wp\/v2\/media\/40653"}],"wp:attachment":[{"href":"https:\/\/www.leccecronaca.it\/index.php\/wp-json\/wp\/v2\/media?parent=40652"}],"wp:term":[{"taxonomy":"category","embeddable":true,"href":"https:\/\/www.leccecronaca.it\/index.php\/wp-json\/wp\/v2\/categories?post=40652"},{"taxonomy":"post_tag","embeddable":true,"href":"https:\/\/www.leccecronaca.it\/index.php\/wp-json\/wp\/v2\/tags?post=40652"}],"curies":[{"name":"wp","href":"https:\/\/api.w.org\/{rel}","templated":true}]}}