{"id":41591,"date":"2015-02-28T13:10:57","date_gmt":"2015-02-28T12:10:57","guid":{"rendered":"http:\/\/www.leccecronaca.it\/?p=41591"},"modified":"2015-02-28T14:30:23","modified_gmt":"2015-02-28T13:30:23","slug":"le-magie-della-natura-del-nostro-salento-e-quelle-di-internet","status":"publish","type":"post","link":"https:\/\/www.leccecronaca.it\/index.php\/2015\/02\/28\/le-magie-della-natura-del-nostro-salento-e-quelle-di-internet\/","title":{"rendered":"LE MAGIE DELLA NATURA DEL NOSTRO SALENTO (E QUELLE DI INTERNET)"},"content":{"rendered":"<p><a href=\"https:\/\/www.leccecronaca.it\/wordpress\/wp-content\/uploads\/2014\/12\/10849940_1752889938269549_762219387195661033_n.jpg\"><img decoding=\"async\" loading=\"lazy\" width=\"640\" height=\"960\" title=\"10849940_1752889938269549_762219387195661033_n\" class=\"alignright size-full wp-image-41593\" alt=\"\" src=\"https:\/\/www.leccecronaca.it\/wordpress\/wp-content\/uploads\/2014\/12\/10849940_1752889938269549_762219387195661033_n.jpg\" srcset=\"https:\/\/www.leccecronaca.it\/wordpress\/wp-content\/uploads\/2014\/12\/10849940_1752889938269549_762219387195661033_n.jpg 640w, https:\/\/www.leccecronaca.it\/wordpress\/wp-content\/uploads\/2014\/12\/10849940_1752889938269549_762219387195661033_n-200x300.jpg 200w\" sizes=\"(max-width: 640px) 100vw, 640px\" \/><\/a><\/p>\n<p>(Rdl)______In vista delle manifestazioni di oggi pomeriggio a Calimera e domani a Lecce, ripubblichiamo questo articolo del 20 dicembre 2014______<\/p>\n<p>(g.p.)______Sono le magie di internet. Ritrovata casualmente da una nostra amica e &#8220;postata&#8221; ieri sul diario del suo profilo Facebook, questa foto sta facendo il giro del web, raccogliendo\u00a0una moltitudine di\u00a0&#8220;mi piace&#8221;, condivisioni e commenti. Alcuni sostengono che si tratti di un ulivo secolare, se non millenario, altri si abbandonano a suggestioni letterarie, molti chiedono dove si trovi.<\/p>\n<p>La foto fu scattata cinque anni fa, durante un mio breve ritorno, allora risiedevo ancora a Torino. Un giorno, dalla notte fonda, al tramonto, con Valerio Melcore facemmo tutta la costa adriatica e parte di quella jonica, alla ricerca di posti insoliti e misconosciuti. Lui scattava, e io poi scrissi i testi. Ne usc\u00ec un album che pubblicai sul mio sito, ottenendo un grande riscontro in tutto il mondo.<\/p>\n<p>La foto \u00e8 vera, per quanto sembri incredibile, non \u00e8 un fotomontaggio. L&#8217;albero dovrebbe stare ancora l\u00e0, nelle campagne fra Cavallino e Lizzanello, dove cercavamo resti di civilt\u00e0 primitive e dove invece trovammo questo volto, che sembra lanciare un monito per tutti, testimoniando la bellezza della civilt\u00e0 e della cultura del nostro territorio.<\/p>\n<fb:like href='https:\/\/www.leccecronaca.it\/index.php\/2015\/02\/28\/le-magie-della-natura-del-nostro-salento-e-quelle-di-internet\/' send='true' layout='button_count' show_faces='true' width='450' height='65' action='recommend' colorscheme='light' font='lucida grande'><\/fb:like><span class=\"fb_share\"><fb:like href=\"https:\/\/www.leccecronaca.it\/index.php\/2015\/02\/28\/le-magie-della-natura-del-nostro-salento-e-quelle-di-internet\/\" layout=\"button_count\"><\/fb:like><\/span>","protected":false},"excerpt":{"rendered":"<p>(Rdl)______In vista delle manifestazioni di oggi pomeriggio a Calimera e domani a Lecce, ripubblichiamo questo articolo del 20 dicembre 2014______ (g.p.)______Sono le magie di internet. Ritrovata casualmente da una nostra amica e &#8220;postata&#8221; ieri sul diario del suo profilo Facebook, questa foto sta facendo il giro del web, raccogliendo\u00a0una moltitudine di\u00a0&#8220;mi piace&#8221;, condivisioni e commenti. [&hellip;]<\/p>\n","protected":false},"author":4,"featured_media":41593,"comment_status":"open","ping_status":"closed","sticky":false,"template":"","format":"standard","meta":[],"categories":[69],"tags":[],"_links":{"self":[{"href":"https:\/\/www.leccecronaca.it\/index.php\/wp-json\/wp\/v2\/posts\/41591"}],"collection":[{"href":"https:\/\/www.leccecronaca.it\/index.php\/wp-json\/wp\/v2\/posts"}],"about":[{"href":"https:\/\/www.leccecronaca.it\/index.php\/wp-json\/wp\/v2\/types\/post"}],"author":[{"embeddable":true,"href":"https:\/\/www.leccecronaca.it\/index.php\/wp-json\/wp\/v2\/users\/4"}],"replies":[{"embeddable":true,"href":"https:\/\/www.leccecronaca.it\/index.php\/wp-json\/wp\/v2\/comments?post=41591"}],"version-history":[{"count":10,"href":"https:\/\/www.leccecronaca.it\/index.php\/wp-json\/wp\/v2\/posts\/41591\/revisions"}],"predecessor-version":[{"id":41595,"href":"https:\/\/www.leccecronaca.it\/index.php\/wp-json\/wp\/v2\/posts\/41591\/revisions\/41595"}],"wp:featuredmedia":[{"embeddable":true,"href":"https:\/\/www.leccecronaca.it\/index.php\/wp-json\/wp\/v2\/media\/41593"}],"wp:attachment":[{"href":"https:\/\/www.leccecronaca.it\/index.php\/wp-json\/wp\/v2\/media?parent=41591"}],"wp:term":[{"taxonomy":"category","embeddable":true,"href":"https:\/\/www.leccecronaca.it\/index.php\/wp-json\/wp\/v2\/categories?post=41591"},{"taxonomy":"post_tag","embeddable":true,"href":"https:\/\/www.leccecronaca.it\/index.php\/wp-json\/wp\/v2\/tags?post=41591"}],"curies":[{"name":"wp","href":"https:\/\/api.w.org\/{rel}","templated":true}]}}